{"id":161099,"date":"2023-04-18T11:09:00","date_gmt":"2023-04-18T14:09:00","guid":{"rendered":"https:\/\/www.hoymercedes.com.ar\/principal\/?p=161099"},"modified":"2023-04-18T10:14:56","modified_gmt":"2023-04-18T13:14:56","slug":"poda-servicio-electrico-y-seguridad-en-la-via-publica","status":"publish","type":"post","link":"https:\/\/www.hoymercedes.com.ar\/principal\/2023\/04\/18\/poda-servicio-electrico-y-seguridad-en-la-via-publica\/","title":{"rendered":"Poda: servicio el\u00e9ctrico y seguridad en la v\u00eda p\u00fablica"},"content":{"rendered":"\n<p>Desde la empresa EDEN comunican a los vecinos que la poda influye \u00aben el servicio el\u00e9ctrico y en la seguridad en la v\u00eda p\u00fablica en cuanto a la distribuci\u00f3n el\u00e9ctrica\u00bb. Por lo tanto, solicitan la colaboraci\u00f3n de los vecinos ante la necesidad de poda. <\/p>\n\n\n\n<p>\u00abPor ello recordamos que la poda peri\u00f3dica de \u00e1rboles constituye una tarea esencial para prevenir interrupciones del servicio por desprendimiento de ramas sobre la red el\u00e9ctrica durante eventos clim\u00e1ticos severos, y evitar que se produzcan contingencias que puedan atentar contra la seguridad en la v\u00eda p\u00fablica\u00bb, expresan en la comunicaci\u00f3n enviada a los medios.<\/p>\n\n\n\n<p>\u00abEn caso de observar ramas apoyadas sobre redes el\u00e9ctricas, desprendidas y\/o advertir una necesidad de poda, la Distribuidora recomienda dar aviso a la Municipalidad y cumplir con las indicaciones locales para realizar la tarea. Siempre es importante asesorarse con profesionales para evitar riesgos el\u00e9ctricos. Estas medidas colaborar\u00e1n con las que adopta EDEN para asegurar una prestaci\u00f3n de calidad, segura y estable en el tiempo\u00bb, agregan.<\/p>\n\n\n\n<p>Cabe destacar que por ordenanza, en la circunscripci\u00f3n de las cuatro avenidas principales, qui\u00e9n realiza la poda es el Municipio de Mercedes, mientras que en los barrios por fuera de las avenidas 47, 1, 2 y 40, los vecinos tienen que solicitar la autorizaci\u00f3n para realizar la poda. <\/p>\n","protected":false},"excerpt":{"rendered":"<p>Desde la empresa EDEN comunican a los vecinos que la poda influye \u00aben el servicio el\u00e9ctrico y en la seguridad &#8230; <a title=\"Poda: servicio el\u00e9ctrico y seguridad en la v\u00eda p\u00fablica\" class=\"read-more\" href=\"https:\/\/www.hoymercedes.com.ar\/principal\/2023\/04\/18\/poda-servicio-electrico-y-seguridad-en-la-via-publica\/\" aria-label=\"Leer m\u00e1s sobre Poda: servicio el\u00e9ctrico y seguridad en la v\u00eda p\u00fablica\">Leer m\u00e1s<\/a><\/p>\n","protected":false},"author":1,"featured_media":51177,"comment_status":"closed","ping_status":"open","sticky":false,"template":"","format":"standard","meta":{"_monsterinsights_skip_tracking":false,"_monsterinsights_sitenote_active":false,"_monsterinsights_sitenote_note":"","_monsterinsights_sitenote_category":0,"jetpack_post_was_ever_published":false,"_jetpack_newsletter_access":"","_jetpack_dont_email_post_to_subs":false,"_jetpack_newsletter_tier_id":0,"_jetpack_memberships_contains_paywalled_content":false,"_jetpack_memberships_contains_paid_content":false,"footnotes":"","jetpack_publicize_message":"","jetpack_publicize_feature_enabled":true,"jetpack_social_post_already_shared":true,"jetpack_social_options":{"image_generator_settings":{"template":"highway","default_image_id":0,"font":"","enabled":false},"version":2},"_wpas_customize_per_network":false},"categories":[8],"tags":[],"class_list":["post-161099","post","type-post","status-publish","format-standard","has-post-thumbnail","hentry","category-sociedad","generate-columns","tablet-grid-50","mobile-grid-100","grid-parent","grid-50"],"jetpack_publicize_connections":[],"jetpack_featured_media_url":"https:\/\/www.hoymercedes.com.ar\/principal\/wp-content\/uploads\/2016\/06\/12-PODA.jpg","wps_subtitle":"","jetpack_sharing_enabled":true,"_links":{"self":[{"href":"https:\/\/www.hoymercedes.com.ar\/principal\/wp-json\/wp\/v2\/posts\/161099","targetHints":{"allow":["GET"]}}],"collection":[{"href":"https:\/\/www.hoymercedes.com.ar\/principal\/wp-json\/wp\/v2\/posts"}],"about":[{"href":"https:\/\/www.hoymercedes.com.ar\/principal\/wp-json\/wp\/v2\/types\/post"}],"author":[{"embeddable":true,"href":"https:\/\/www.hoymercedes.com.ar\/principal\/wp-json\/wp\/v2\/users\/1"}],"replies":[{"embeddable":true,"href":"https:\/\/www.hoymercedes.com.ar\/principal\/wp-json\/wp\/v2\/comments?post=161099"}],"version-history":[{"count":0,"href":"https:\/\/www.hoymercedes.com.ar\/principal\/wp-json\/wp\/v2\/posts\/161099\/revisions"}],"wp:featuredmedia":[{"embeddable":true,"href":"https:\/\/www.hoymercedes.com.ar\/principal\/wp-json\/wp\/v2\/media\/51177"}],"wp:attachment":[{"href":"https:\/\/www.hoymercedes.com.ar\/principal\/wp-json\/wp\/v2\/media?parent=161099"}],"wp:term":[{"taxonomy":"category","embeddable":true,"href":"https:\/\/www.hoymercedes.com.ar\/principal\/wp-json\/wp\/v2\/categories?post=161099"},{"taxonomy":"post_tag","embeddable":true,"href":"https:\/\/www.hoymercedes.com.ar\/principal\/wp-json\/wp\/v2\/tags?post=161099"}],"curies":[{"name":"wp","href":"https:\/\/api.w.org\/{rel}","templated":true}]}}