{"id":161132,"date":"2023-04-19T18:53:48","date_gmt":"2023-04-19T21:53:48","guid":{"rendered":"https:\/\/www.hoymercedes.com.ar\/principal\/?p=161132"},"modified":"2023-04-19T18:53:51","modified_gmt":"2023-04-19T21:53:51","slug":"comenzaron-el-dictado-de-los-talleres-culturales","status":"publish","type":"post","link":"https:\/\/www.hoymercedes.com.ar\/principal\/2023\/04\/19\/comenzaron-el-dictado-de-los-talleres-culturales\/","title":{"rendered":"Comenzaron el dictado de los Talleres Culturales"},"content":{"rendered":"\n<p>A lo largo de los \u00faltimos d\u00edas comenzaron en distintos d\u00edas y horarios los Talleres Culturales propuestos por el \u00e1rea de Cultura del Municipio de Mercedes. La cantidad de inscriptos \u00absuper\u00f3\u00bb las expectativas del \u00e1rea. <\/p>\n\n\n\n<p>De acuerdo a la informaci\u00f3n oficial, Jimena Rivas, directora de los talleres culturales, se\u00f1al\u00f3 \u201cestamos muy contentos porque este a\u00f1o hubo muchos inscriptos, superando las expectativas. Donde, adem\u00e1s, ampliamos en cuanto a diferentes disciplinas art\u00edsticas para poder garantizar a la comunidad una mayor vinculaci\u00f3n con el arte\u201d. \u00a0<\/p>\n\n\n\n<p>\u201cYa iniciamos con todas las propuestas, donde trabajan alrededor de 23 profesores y profesoras, donde ellos mismos generan diferentes propuesta y alternativas, dependiendo de las poblaciones etarias con las que se trabaja y dentro de cada disciplina que se desarrolla, se puede ampliar la propuesta para poder vincularse\u201d indic\u00f3 Rivas. \u00a0<\/p>\n\n\n<div class=\"wp-block-image\">\n<figure class=\"aligncenter size-full\"><img loading=\"lazy\" decoding=\"async\" width=\"800\" height=\"533\" data-attachment-id=\"161134\" data-permalink=\"https:\/\/www.hoymercedes.com.ar\/principal\/2023\/04\/19\/comenzaron-el-dictado-de-los-talleres-culturales\/dsc09189\/#main\" data-orig-file=\"https:\/\/www.hoymercedes.com.ar\/principal\/wp-content\/uploads\/2023\/04\/DSC09189.jpg\" data-orig-size=\"800,533\" data-comments-opened=\"0\" data-image-meta=\"{&quot;aperture&quot;:&quot;0&quot;,&quot;credit&quot;:&quot;&quot;,&quot;camera&quot;:&quot;&quot;,&quot;caption&quot;:&quot;&quot;,&quot;created_timestamp&quot;:&quot;1681929860&quot;,&quot;copyright&quot;:&quot;&quot;,&quot;focal_length&quot;:&quot;0&quot;,&quot;iso&quot;:&quot;0&quot;,&quot;shutter_speed&quot;:&quot;0&quot;,&quot;title&quot;:&quot;&quot;,&quot;orientation&quot;:&quot;1&quot;}\" data-image-title=\"DSC09189\" data-image-description=\"\" data-image-caption=\"\" data-large-file=\"https:\/\/www.hoymercedes.com.ar\/principal\/wp-content\/uploads\/2023\/04\/DSC09189.jpg\" src=\"https:\/\/www.hoymercedes.com.ar\/principal\/wp-content\/uploads\/2023\/04\/DSC09189.jpg\" alt=\"\" class=\"wp-image-161134\" srcset=\"https:\/\/www.hoymercedes.com.ar\/principal\/wp-content\/uploads\/2023\/04\/DSC09189.jpg 800w, https:\/\/www.hoymercedes.com.ar\/principal\/wp-content\/uploads\/2023\/04\/DSC09189-630x420.jpg 630w, https:\/\/www.hoymercedes.com.ar\/principal\/wp-content\/uploads\/2023\/04\/DSC09189-150x100.jpg 150w, https:\/\/www.hoymercedes.com.ar\/principal\/wp-content\/uploads\/2023\/04\/DSC09189-700x465.jpg 700w\" sizes=\"auto, (max-width: 800px) 100vw, 800px\" \/><\/figure>\n<\/div>\n\n\n<p><strong>Cupos Abierto<\/strong><\/p>\n\n\n\n<p>Por otro lado, cont\u00f3 \u201ctenemos propuestas, a partir de los 9 a\u00f1os para el circo integral que funciona martes en la Trocha, un taller de Hip Hop que funciona los d\u00edas lunes en la Sociedad de Fomento del barrio Obrero y en la Trocha los d\u00edas mi\u00e9rcoles, taller de T\u00edteres que funciona en el Museo de Arte con cupos para poder inscribirse\u201d y remarc\u00f3 \u201ccualquier consulta, se pueden acercar al Museo de Arte de lunes a viernes de 8:00 a 14:00 donde se le brindar\u00e1 toda la informaci\u00f3n necesaria\u201d. \u00a0<\/p>\n","protected":false},"excerpt":{"rendered":"<p>A lo largo de los \u00faltimos d\u00edas comenzaron en distintos d\u00edas y horarios los Talleres Culturales propuestos por el \u00e1rea &#8230; <a title=\"Comenzaron el dictado de los Talleres Culturales\" class=\"read-more\" href=\"https:\/\/www.hoymercedes.com.ar\/principal\/2023\/04\/19\/comenzaron-el-dictado-de-los-talleres-culturales\/\" aria-label=\"Leer m\u00e1s sobre Comenzaron el dictado de los Talleres Culturales\">Leer m\u00e1s<\/a><\/p>\n","protected":false},"author":1,"featured_media":161133,"comment_status":"closed","ping_status":"open","sticky":false,"template":"","format":"standard","meta":{"_monsterinsights_skip_tracking":false,"_monsterinsights_sitenote_active":false,"_monsterinsights_sitenote_note":"","_monsterinsights_sitenote_category":0,"jetpack_post_was_ever_published":false,"_jetpack_newsletter_access":"","_jetpack_dont_email_post_to_subs":false,"_jetpack_newsletter_tier_id":0,"_jetpack_memberships_contains_paywalled_content":false,"_jetpack_memberships_contains_paid_content":false,"footnotes":"","jetpack_publicize_message":"","jetpack_publicize_feature_enabled":true,"jetpack_social_post_already_shared":true,"jetpack_social_options":{"image_generator_settings":{"template":"highway","default_image_id":0,"font":"","enabled":false},"version":2},"_wpas_customize_per_network":false},"categories":[8],"tags":[7805,244],"class_list":["post-161132","post","type-post","status-publish","format-standard","has-post-thumbnail","hentry","category-sociedad","tag-cultura","tag-municipio-2","generate-columns","tablet-grid-50","mobile-grid-100","grid-parent","grid-50"],"jetpack_publicize_connections":[],"jetpack_featured_media_url":"https:\/\/www.hoymercedes.com.ar\/principal\/wp-content\/uploads\/2023\/04\/talleres-cultuales.jpg","wps_subtitle":"","jetpack_sharing_enabled":true,"_links":{"self":[{"href":"https:\/\/www.hoymercedes.com.ar\/principal\/wp-json\/wp\/v2\/posts\/161132","targetHints":{"allow":["GET"]}}],"collection":[{"href":"https:\/\/www.hoymercedes.com.ar\/principal\/wp-json\/wp\/v2\/posts"}],"about":[{"href":"https:\/\/www.hoymercedes.com.ar\/principal\/wp-json\/wp\/v2\/types\/post"}],"author":[{"embeddable":true,"href":"https:\/\/www.hoymercedes.com.ar\/principal\/wp-json\/wp\/v2\/users\/1"}],"replies":[{"embeddable":true,"href":"https:\/\/www.hoymercedes.com.ar\/principal\/wp-json\/wp\/v2\/comments?post=161132"}],"version-history":[{"count":0,"href":"https:\/\/www.hoymercedes.com.ar\/principal\/wp-json\/wp\/v2\/posts\/161132\/revisions"}],"wp:featuredmedia":[{"embeddable":true,"href":"https:\/\/www.hoymercedes.com.ar\/principal\/wp-json\/wp\/v2\/media\/161133"}],"wp:attachment":[{"href":"https:\/\/www.hoymercedes.com.ar\/principal\/wp-json\/wp\/v2\/media?parent=161132"}],"wp:term":[{"taxonomy":"category","embeddable":true,"href":"https:\/\/www.hoymercedes.com.ar\/principal\/wp-json\/wp\/v2\/categories?post=161132"},{"taxonomy":"post_tag","embeddable":true,"href":"https:\/\/www.hoymercedes.com.ar\/principal\/wp-json\/wp\/v2\/tags?post=161132"}],"curies":[{"name":"wp","href":"https:\/\/api.w.org\/{rel}","templated":true}]}}