{"id":161191,"date":"2023-04-21T15:29:59","date_gmt":"2023-04-21T18:29:59","guid":{"rendered":"https:\/\/www.hoymercedes.com.ar\/principal\/?p=161191"},"modified":"2023-04-21T15:30:02","modified_gmt":"2023-04-21T18:30:02","slug":"vuelve-el-acompanamiento","status":"publish","type":"post","link":"https:\/\/www.hoymercedes.com.ar\/principal\/2023\/04\/21\/vuelve-el-acompanamiento\/","title":{"rendered":"Vuelve \u00abEl Acompa\u00f1amiento\u00bb"},"content":{"rendered":"\n<p>En dos funciones previstas para los d\u00edas domingo 23 y s\u00e1bado 29 de abril, la puesta en escena de \u00abEl Acompa\u00f1amiento\u00bb con la actuaci\u00f3n de Ricardo Boffi y Dar\u00edo Brenna vuelve a los escenarios locales. En esta oportunidad, las funciones ser\u00e1n en la sala teatral de la Biblioteca Sarmiento (Av. 29 N\u00b0 674). <\/p>\n\n\n\n<p>El Acompa\u00f1amiento es un cl\u00e1sico del teatro argentino, obra escrita en el a\u00f1o 1981, por el autor Carlos Gorostiza, y estrenada en Buenos Aires, en el encuentro teatral denominado\u00a0Teatro\u00a0Abierto.<\/p>\n\n\n\n<p>Los interesados en asistir a las funciones de los d\u00edas domingo 23 y s\u00e1bado 29 de abril, 20 hs., pueden reservas las entradas a los tel\u00e9fonos:  11-3877-6214 \/ 4420-9663<\/p>\n\n\n\n<p>Escuch\u00e1 la entrevista de Radio F\u00e9nix en la que Susana Spano habla con uno de los actores, Ricardo Boffi<\/p>\n\n\n\n<figure class=\"wp-block-embed is-type-video is-provider-youtube wp-block-embed-youtube wp-embed-aspect-4-3 wp-has-aspect-ratio\"><div class=\"wp-block-embed__wrapper\">\n<span class=\"embed-youtube\" style=\"text-align:center; display: block;\"><iframe loading=\"lazy\" class=\"youtube-player\" width=\"1200\" height=\"675\" src=\"https:\/\/www.youtube.com\/embed\/PPL7IBq25hk?version=3&#038;rel=1&#038;showsearch=0&#038;showinfo=1&#038;iv_load_policy=1&#038;fs=1&#038;hl=es-ES&#038;autohide=2&#038;wmode=transparent\" allowfullscreen=\"true\" style=\"border:0;\" sandbox=\"allow-scripts allow-same-origin allow-popups allow-presentation allow-popups-to-escape-sandbox\"><\/iframe><\/span>\n<\/div><\/figure>\n\n\n\n<p><\/p>\n","protected":false},"excerpt":{"rendered":"<p>En dos funciones previstas para los d\u00edas domingo 23 y s\u00e1bado 29 de abril, la puesta en escena de \u00abEl &#8230; <a title=\"Vuelve \u00abEl Acompa\u00f1amiento\u00bb\" class=\"read-more\" href=\"https:\/\/www.hoymercedes.com.ar\/principal\/2023\/04\/21\/vuelve-el-acompanamiento\/\" aria-label=\"Leer m\u00e1s sobre Vuelve \u00abEl Acompa\u00f1amiento\u00bb\">Leer m\u00e1s<\/a><\/p>\n","protected":false},"author":1,"featured_media":161192,"comment_status":"closed","ping_status":"open","sticky":false,"template":"","format":"standard","meta":{"_monsterinsights_skip_tracking":false,"_monsterinsights_sitenote_active":false,"_monsterinsights_sitenote_note":"","_monsterinsights_sitenote_category":0,"jetpack_post_was_ever_published":false,"_jetpack_newsletter_access":"","_jetpack_dont_email_post_to_subs":false,"_jetpack_newsletter_tier_id":0,"_jetpack_memberships_contains_paywalled_content":false,"_jetpack_memberships_contains_paid_content":false,"footnotes":"","jetpack_publicize_message":"","jetpack_publicize_feature_enabled":true,"jetpack_social_post_already_shared":true,"jetpack_social_options":{"image_generator_settings":{"template":"highway","default_image_id":0,"font":"","enabled":false},"version":2},"_wpas_customize_per_network":false},"categories":[104],"tags":[7805],"class_list":["post-161191","post","type-post","status-publish","format-standard","has-post-thumbnail","hentry","category-cultura","tag-cultura","generate-columns","tablet-grid-50","mobile-grid-100","grid-parent","grid-50"],"jetpack_publicize_connections":[],"jetpack_featured_media_url":"https:\/\/www.hoymercedes.com.ar\/principal\/wp-content\/uploads\/2023\/04\/Imagen-de-WhatsApp-2023-04-20-a-las-21.03.58.jpg","wps_subtitle":"","jetpack_sharing_enabled":true,"_links":{"self":[{"href":"https:\/\/www.hoymercedes.com.ar\/principal\/wp-json\/wp\/v2\/posts\/161191","targetHints":{"allow":["GET"]}}],"collection":[{"href":"https:\/\/www.hoymercedes.com.ar\/principal\/wp-json\/wp\/v2\/posts"}],"about":[{"href":"https:\/\/www.hoymercedes.com.ar\/principal\/wp-json\/wp\/v2\/types\/post"}],"author":[{"embeddable":true,"href":"https:\/\/www.hoymercedes.com.ar\/principal\/wp-json\/wp\/v2\/users\/1"}],"replies":[{"embeddable":true,"href":"https:\/\/www.hoymercedes.com.ar\/principal\/wp-json\/wp\/v2\/comments?post=161191"}],"version-history":[{"count":0,"href":"https:\/\/www.hoymercedes.com.ar\/principal\/wp-json\/wp\/v2\/posts\/161191\/revisions"}],"wp:featuredmedia":[{"embeddable":true,"href":"https:\/\/www.hoymercedes.com.ar\/principal\/wp-json\/wp\/v2\/media\/161192"}],"wp:attachment":[{"href":"https:\/\/www.hoymercedes.com.ar\/principal\/wp-json\/wp\/v2\/media?parent=161191"}],"wp:term":[{"taxonomy":"category","embeddable":true,"href":"https:\/\/www.hoymercedes.com.ar\/principal\/wp-json\/wp\/v2\/categories?post=161191"},{"taxonomy":"post_tag","embeddable":true,"href":"https:\/\/www.hoymercedes.com.ar\/principal\/wp-json\/wp\/v2\/tags?post=161191"}],"curies":[{"name":"wp","href":"https:\/\/api.w.org\/{rel}","templated":true}]}}