{"id":161215,"date":"2023-04-22T13:57:18","date_gmt":"2023-04-22T16:57:18","guid":{"rendered":"https:\/\/www.hoymercedes.com.ar\/principal\/?p=161215"},"modified":"2023-04-22T13:57:20","modified_gmt":"2023-04-22T16:57:20","slug":"artistas-locales-participan-de-la-feria-plateada-en-la-plata","status":"publish","type":"post","link":"https:\/\/www.hoymercedes.com.ar\/principal\/2023\/04\/22\/artistas-locales-participan-de-la-feria-plateada-en-la-plata\/","title":{"rendered":"Artistas locales participan de la Feria Plateada en La Plata"},"content":{"rendered":"\n<p>El fin de semana del 28, 29 y 30 de abril, se llevar\u00e1 adelante en la ciudad de La Plata una Feria de Arte Contempor\u00e1neo. Se trata de un evento que busca impulsar a artistas bonaerenses. De este evento participar\u00e1n artistas pl\u00e1sticas de Mercedes representando el proyecto de Estudio Arte Cueto. Entre ellas, Marcela Cueto, Mar\u00eda Eugenia Scioli, Eliana Ramponi y Paula F\u00edgoli. <\/p>\n\n\n<div class=\"wp-block-image\">\n<figure class=\"aligncenter size-full\"><img loading=\"lazy\" decoding=\"async\" width=\"800\" height=\"500\" data-attachment-id=\"161216\" data-permalink=\"https:\/\/www.hoymercedes.com.ar\/principal\/2023\/04\/22\/artistas-locales-participan-de-la-feria-plateada-en-la-plata\/teatro-arg-la-plata\/#main\" data-orig-file=\"https:\/\/www.hoymercedes.com.ar\/principal\/wp-content\/uploads\/2023\/04\/teatro-arg-la-plata.jpg\" data-orig-size=\"800,500\" data-comments-opened=\"0\" data-image-meta=\"{&quot;aperture&quot;:&quot;0&quot;,&quot;credit&quot;:&quot;&quot;,&quot;camera&quot;:&quot;&quot;,&quot;caption&quot;:&quot;&quot;,&quot;created_timestamp&quot;:&quot;0&quot;,&quot;copyright&quot;:&quot;&quot;,&quot;focal_length&quot;:&quot;0&quot;,&quot;iso&quot;:&quot;0&quot;,&quot;shutter_speed&quot;:&quot;0&quot;,&quot;title&quot;:&quot;&quot;,&quot;orientation&quot;:&quot;0&quot;}\" data-image-title=\"teatro arg la plata\" data-image-description=\"\" data-image-caption=\"\" data-large-file=\"https:\/\/www.hoymercedes.com.ar\/principal\/wp-content\/uploads\/2023\/04\/teatro-arg-la-plata.jpg\" src=\"https:\/\/www.hoymercedes.com.ar\/principal\/wp-content\/uploads\/2023\/04\/teatro-arg-la-plata.jpg\" alt=\"\" class=\"wp-image-161216\" srcset=\"https:\/\/www.hoymercedes.com.ar\/principal\/wp-content\/uploads\/2023\/04\/teatro-arg-la-plata.jpg 800w, https:\/\/www.hoymercedes.com.ar\/principal\/wp-content\/uploads\/2023\/04\/teatro-arg-la-plata-630x394.jpg 630w, https:\/\/www.hoymercedes.com.ar\/principal\/wp-content\/uploads\/2023\/04\/teatro-arg-la-plata-150x94.jpg 150w\" sizes=\"auto, (max-width: 800px) 100vw, 800px\" \/><figcaption class=\"wp-element-caption\">La feria sera en una sala del Teatro Argentino de La Plata<\/figcaption><\/figure>\n<\/div>\n\n\n<p>La Feria Plateada se cre\u00f3 con el objetivo de \u00abactivar y vincular la escena art\u00edstica regional\u00bb e incentivar al p\u00fablico general a comprar las obras de artes de artistas pl\u00e1sticos de la provincia de Buenos Aires. Es as\u00ed que los organizadores de la Feria invitan a coleccionistas de arte de distintos puntos del pa\u00eds y del mundo para que conozcan las obras de artes de artistas en crecimiento y en desarrollo. <\/p>\n\n\n\n<p>El evento tendr\u00e1 lugar los d\u00edas viernes 28, s\u00e1bado 29 y domingo 30 de abril en la Sala Pettoruti del Teatro Argentino de La Plata. En esta primera edici\u00f3n contar\u00e1 con la participaci\u00f3n de 24 espacios culturales, entre ellos el espacio cultural mercedino de Marcela Cueto. <\/p>\n\n\n\n<p>Tambi\u00e9n participan los proyectos culturales bonaerenes: Ramos Generales de La Plata, NN de La Plata, Cocomiel de La Plata, Mont\u00f3n de La Plata, Pivot de La Plata, Bot\u00e1nica de La Plata, Vincent de La Plata, CAOS de LA Plata, C\u00f6smiko de La Plata, Don Bardo de La Plata, Ruda de Necochea, Isidoro de Coronel Su\u00e1rez, Mapa Espacio de Arte de Las Flores, Le Putit de Mar del Plata, Ministerio de Arte de Tandil, C\u00e1lamo de San Nicol\u00e1s, y Sindicato Universal de la Amistad de Necochea. <\/p>\n\n\n\n<p>Espacios culturales de otras regiones se presentar\u00e1n. Como Estudio G de Rosario, Sasha D de C\u00f3rdoba, El Dije de CABA, Moria de CABA, Sat\u00e9lite de C\u00f3rdoba y Valerie de Mendoza y CABA.  <\/p>\n\n\n\n<p><\/p>\n\n\n\n<p><\/p>\n","protected":false},"excerpt":{"rendered":"<p>El fin de semana del 28, 29 y 30 de abril, se llevar\u00e1 adelante en la ciudad de La Plata &#8230; <a title=\"Artistas locales participan de la Feria Plateada en La Plata\" class=\"read-more\" href=\"https:\/\/www.hoymercedes.com.ar\/principal\/2023\/04\/22\/artistas-locales-participan-de-la-feria-plateada-en-la-plata\/\" aria-label=\"Leer m\u00e1s sobre Artistas locales participan de la Feria Plateada en La Plata\">Leer m\u00e1s<\/a><\/p>\n","protected":false},"author":1,"featured_media":138434,"comment_status":"closed","ping_status":"open","sticky":false,"template":"","format":"standard","meta":{"_monsterinsights_skip_tracking":false,"_monsterinsights_sitenote_active":false,"_monsterinsights_sitenote_note":"","_monsterinsights_sitenote_category":0,"jetpack_post_was_ever_published":false,"_jetpack_newsletter_access":"","_jetpack_dont_email_post_to_subs":false,"_jetpack_newsletter_tier_id":0,"_jetpack_memberships_contains_paywalled_content":false,"_jetpack_memberships_contains_paid_content":false,"footnotes":"","jetpack_publicize_message":"","jetpack_publicize_feature_enabled":true,"jetpack_social_post_already_shared":true,"jetpack_social_options":{"image_generator_settings":{"template":"highway","default_image_id":0,"font":"","enabled":false},"version":2},"_wpas_customize_per_network":false},"categories":[104],"tags":[7805],"class_list":["post-161215","post","type-post","status-publish","format-standard","has-post-thumbnail","hentry","category-cultura","tag-cultura","generate-columns","tablet-grid-50","mobile-grid-100","grid-parent","grid-50"],"jetpack_publicize_connections":[],"jetpack_featured_media_url":"https:\/\/www.hoymercedes.com.ar\/principal\/wp-content\/uploads\/2021\/10\/trastienda-1.jpg","wps_subtitle":"","jetpack_sharing_enabled":true,"_links":{"self":[{"href":"https:\/\/www.hoymercedes.com.ar\/principal\/wp-json\/wp\/v2\/posts\/161215","targetHints":{"allow":["GET"]}}],"collection":[{"href":"https:\/\/www.hoymercedes.com.ar\/principal\/wp-json\/wp\/v2\/posts"}],"about":[{"href":"https:\/\/www.hoymercedes.com.ar\/principal\/wp-json\/wp\/v2\/types\/post"}],"author":[{"embeddable":true,"href":"https:\/\/www.hoymercedes.com.ar\/principal\/wp-json\/wp\/v2\/users\/1"}],"replies":[{"embeddable":true,"href":"https:\/\/www.hoymercedes.com.ar\/principal\/wp-json\/wp\/v2\/comments?post=161215"}],"version-history":[{"count":0,"href":"https:\/\/www.hoymercedes.com.ar\/principal\/wp-json\/wp\/v2\/posts\/161215\/revisions"}],"wp:featuredmedia":[{"embeddable":true,"href":"https:\/\/www.hoymercedes.com.ar\/principal\/wp-json\/wp\/v2\/media\/138434"}],"wp:attachment":[{"href":"https:\/\/www.hoymercedes.com.ar\/principal\/wp-json\/wp\/v2\/media?parent=161215"}],"wp:term":[{"taxonomy":"category","embeddable":true,"href":"https:\/\/www.hoymercedes.com.ar\/principal\/wp-json\/wp\/v2\/categories?post=161215"},{"taxonomy":"post_tag","embeddable":true,"href":"https:\/\/www.hoymercedes.com.ar\/principal\/wp-json\/wp\/v2\/tags?post=161215"}],"curies":[{"name":"wp","href":"https:\/\/api.w.org\/{rel}","templated":true}]}}