{"id":161223,"date":"2023-04-22T19:42:05","date_gmt":"2023-04-22T22:42:05","guid":{"rendered":"https:\/\/www.hoymercedes.com.ar\/principal\/?p=161223"},"modified":"2023-04-22T19:42:07","modified_gmt":"2023-04-22T22:42:07","slug":"nuevo-escuadron-de-gendarmeria-en-mercedes-para-proteccion-en-ruta-no5","status":"publish","type":"post","link":"https:\/\/www.hoymercedes.com.ar\/principal\/2023\/04\/22\/nuevo-escuadron-de-gendarmeria-en-mercedes-para-proteccion-en-ruta-no5\/","title":{"rendered":"Nuevo Escuadr\u00f3n de Gendarmer\u00eda en Mercedes para protecci\u00f3n en Ruta N\u00ba5"},"content":{"rendered":"\n<figure class=\"wp-block-image size-large\"><img loading=\"lazy\" decoding=\"async\" width=\"1024\" height=\"682\" data-attachment-id=\"161224\" data-permalink=\"https:\/\/www.hoymercedes.com.ar\/principal\/2023\/04\/22\/nuevo-escuadron-de-gendarmeria-en-mercedes-para-proteccion-en-ruta-no5\/1m5a8763-copia\/#main\" data-orig-file=\"https:\/\/www.hoymercedes.com.ar\/principal\/wp-content\/uploads\/2023\/04\/1M5A8763-copia.jpg\" data-orig-size=\"1319,879\" data-comments-opened=\"0\" data-image-meta=\"{&quot;aperture&quot;:&quot;0&quot;,&quot;credit&quot;:&quot;&quot;,&quot;camera&quot;:&quot;&quot;,&quot;caption&quot;:&quot;&quot;,&quot;created_timestamp&quot;:&quot;0&quot;,&quot;copyright&quot;:&quot;&quot;,&quot;focal_length&quot;:&quot;0&quot;,&quot;iso&quot;:&quot;0&quot;,&quot;shutter_speed&quot;:&quot;0&quot;,&quot;title&quot;:&quot;&quot;,&quot;orientation&quot;:&quot;0&quot;}\" data-image-title=\"1M5A8763-copia\" data-image-description=\"\" data-image-caption=\"\" data-large-file=\"https:\/\/www.hoymercedes.com.ar\/principal\/wp-content\/uploads\/2023\/04\/1M5A8763-copia-1024x682.jpg\" src=\"https:\/\/www.hoymercedes.com.ar\/principal\/wp-content\/uploads\/2023\/04\/1M5A8763-copia-1024x682.jpg\" alt=\"\" class=\"wp-image-161224\" srcset=\"https:\/\/www.hoymercedes.com.ar\/principal\/wp-content\/uploads\/2023\/04\/1M5A8763-copia-1024x682.jpg 1024w, https:\/\/www.hoymercedes.com.ar\/principal\/wp-content\/uploads\/2023\/04\/1M5A8763-copia-630x420.jpg 630w, https:\/\/www.hoymercedes.com.ar\/principal\/wp-content\/uploads\/2023\/04\/1M5A8763-copia-150x100.jpg 150w, https:\/\/www.hoymercedes.com.ar\/principal\/wp-content\/uploads\/2023\/04\/1M5A8763-copia-700x465.jpg 700w, https:\/\/www.hoymercedes.com.ar\/principal\/wp-content\/uploads\/2023\/04\/1M5A8763-copia.jpg 1319w\" sizes=\"auto, (max-width: 1024px) 100vw, 1024px\" \/><\/figure>\n\n\n\n<p>En un hecho muy importante el Municipio junto al Gobierno Nacional inauguraron el Escuadr\u00f3n de Seguridad Vial e Gendarmer\u00eda Nacional en Merceeds. Tendr\u00e1 \u00e9nfasis en la traza de ruta 5 su actuaci\u00f3n. Buscar\u00e1 el nuevo dispositivo de seguridad con el objetivo de brindar mayor prevenci\u00f3n y reducir la siniestralidad vial, como as\u00ed tambi\u00e9n, diferentes delitos en la regi\u00f3n. La misma estar\u00e1 apostada en predio del es Mart\u00edn Rodr\u00edguez, cerca de la Secretar\u00eda de Seguridad. Su objetivo es la traza de la ruta n\u00ba5, principalmente. \u00a0<\/p>\n\n\n\n<p><strong>Logro<\/strong><\/p>\n\n\n\n<p>El intendente Juan Ignacio Ustarroz presente en la inauguraci\u00f3n expres\u00f3 \u201ceste era un anhelo que ten\u00edamos desde hace mucho tiempo, de poder incorporar un dispositivo m\u00e1s de seguridad en nuestra ciudad\u201d.<\/p>\n\n\n\n<figure class=\"wp-block-image size-large\"><img loading=\"lazy\" decoding=\"async\" width=\"1024\" height=\"682\" data-attachment-id=\"161225\" data-permalink=\"https:\/\/www.hoymercedes.com.ar\/principal\/2023\/04\/22\/nuevo-escuadron-de-gendarmeria-en-mercedes-para-proteccion-en-ruta-no5\/1m5a8767\/#main\" data-orig-file=\"https:\/\/www.hoymercedes.com.ar\/principal\/wp-content\/uploads\/2023\/04\/1M5A8767.jpg\" data-orig-size=\"1319,879\" data-comments-opened=\"0\" data-image-meta=\"{&quot;aperture&quot;:&quot;0&quot;,&quot;credit&quot;:&quot;&quot;,&quot;camera&quot;:&quot;&quot;,&quot;caption&quot;:&quot;&quot;,&quot;created_timestamp&quot;:&quot;0&quot;,&quot;copyright&quot;:&quot;&quot;,&quot;focal_length&quot;:&quot;0&quot;,&quot;iso&quot;:&quot;0&quot;,&quot;shutter_speed&quot;:&quot;0&quot;,&quot;title&quot;:&quot;&quot;,&quot;orientation&quot;:&quot;0&quot;}\" data-image-title=\"1M5A8767\" data-image-description=\"\" data-image-caption=\"\" data-large-file=\"https:\/\/www.hoymercedes.com.ar\/principal\/wp-content\/uploads\/2023\/04\/1M5A8767-1024x682.jpg\" src=\"https:\/\/www.hoymercedes.com.ar\/principal\/wp-content\/uploads\/2023\/04\/1M5A8767-1024x682.jpg\" alt=\"\" class=\"wp-image-161225\" srcset=\"https:\/\/www.hoymercedes.com.ar\/principal\/wp-content\/uploads\/2023\/04\/1M5A8767-1024x682.jpg 1024w, https:\/\/www.hoymercedes.com.ar\/principal\/wp-content\/uploads\/2023\/04\/1M5A8767-630x420.jpg 630w, https:\/\/www.hoymercedes.com.ar\/principal\/wp-content\/uploads\/2023\/04\/1M5A8767-150x100.jpg 150w, https:\/\/www.hoymercedes.com.ar\/principal\/wp-content\/uploads\/2023\/04\/1M5A8767-700x465.jpg 700w, https:\/\/www.hoymercedes.com.ar\/principal\/wp-content\/uploads\/2023\/04\/1M5A8767.jpg 1319w\" sizes=\"auto, (max-width: 1024px) 100vw, 1024px\" \/><\/figure>\n\n\n\n<p><strong>Herramientas<\/strong><\/p>\n\n\n\n<p>En este sentido, el intendente Ustarroz apunt\u00f3 \u201ctener estos dispositivos en los ingresos a la ciudad, y fundamentalmente en el peaje, es importante\u201d y destac\u00f3 \u201ceste nuevo recurso va a aportar mucho en materia de seguridad. Como decimos siempre, no existe la hip\u00f3tesis del delito cero, pero si existe en todos nosotros el compromiso de trabajar y hacer todo lo posible para mejorar la seguridad\u201d.<\/p>\n\n\n\n<p>\u201cCreo que esto es muy importante para la ciudad y nos anima a nosotros a seguir trabajando en este camino que es lo que nuestra comunidad nos pide\u201d remarc\u00f3 el intendente Ustarroz.<\/p>\n\n\n\n<figure class=\"wp-block-image size-large\"><img loading=\"lazy\" decoding=\"async\" width=\"1024\" height=\"682\" data-attachment-id=\"161226\" data-permalink=\"https:\/\/www.hoymercedes.com.ar\/principal\/2023\/04\/22\/nuevo-escuadron-de-gendarmeria-en-mercedes-para-proteccion-en-ruta-no5\/1m5a8721\/#main\" data-orig-file=\"https:\/\/www.hoymercedes.com.ar\/principal\/wp-content\/uploads\/2023\/04\/1M5A8721.jpg\" data-orig-size=\"1319,879\" data-comments-opened=\"0\" data-image-meta=\"{&quot;aperture&quot;:&quot;0&quot;,&quot;credit&quot;:&quot;&quot;,&quot;camera&quot;:&quot;&quot;,&quot;caption&quot;:&quot;&quot;,&quot;created_timestamp&quot;:&quot;0&quot;,&quot;copyright&quot;:&quot;&quot;,&quot;focal_length&quot;:&quot;0&quot;,&quot;iso&quot;:&quot;0&quot;,&quot;shutter_speed&quot;:&quot;0&quot;,&quot;title&quot;:&quot;&quot;,&quot;orientation&quot;:&quot;0&quot;}\" data-image-title=\"1M5A8721\" data-image-description=\"\" data-image-caption=\"\" data-large-file=\"https:\/\/www.hoymercedes.com.ar\/principal\/wp-content\/uploads\/2023\/04\/1M5A8721-1024x682.jpg\" src=\"https:\/\/www.hoymercedes.com.ar\/principal\/wp-content\/uploads\/2023\/04\/1M5A8721-1024x682.jpg\" alt=\"\" class=\"wp-image-161226\" srcset=\"https:\/\/www.hoymercedes.com.ar\/principal\/wp-content\/uploads\/2023\/04\/1M5A8721-1024x682.jpg 1024w, https:\/\/www.hoymercedes.com.ar\/principal\/wp-content\/uploads\/2023\/04\/1M5A8721-630x420.jpg 630w, https:\/\/www.hoymercedes.com.ar\/principal\/wp-content\/uploads\/2023\/04\/1M5A8721-150x100.jpg 150w, https:\/\/www.hoymercedes.com.ar\/principal\/wp-content\/uploads\/2023\/04\/1M5A8721-700x465.jpg 700w, https:\/\/www.hoymercedes.com.ar\/principal\/wp-content\/uploads\/2023\/04\/1M5A8721.jpg 1319w\" sizes=\"auto, (max-width: 1024px) 100vw, 1024px\" \/><\/figure>\n\n\n\n<p><strong>Naci\u00f3n<\/strong><\/p>\n\n\n\n<p>Mercedes Lagioiosa, Secretar\u00eda de Seguridad y Pol\u00edtica Criminal de la Naci\u00f3n manifest\u00f3 \u201cla verdad que muy contenta y un orgullo poder estar en esta ciudad, luego de un trabajo arduo que hemos tenido junto al intendente Ustarroz y esta solicitud, el despliegue de las fuerzas federales, hoy nos trae a esta secci\u00f3n vial que va a tener dos objetivos, prevenir accidentes y la prevenci\u00f3n de diferentes delitos y violencias que puedan ingresar o egresar de la ciudad\u201d.<\/p>\n\n\n\n<p><strong>Gendarmer\u00eda<\/strong><\/p>\n\n\n\n<p>Quien tambi\u00e9n estuvo presente fue el Primer Alf\u00e9rez, Marcelo Duarte, responsable Secci\u00f3n Vial Mercedes, quien expres\u00f3 \u201cvenimos trabajando mancomunadamente con el Municipio de Mercedes, a trav\u00e9s de la secretar\u00eda de seguridad, donde ese trabajo organizado en el corredor vial hasta el acceso de Mercedes permite brindar mayor seguridad\u201d.<\/p>\n\n\n\n<figure class=\"wp-block-image size-large\"><img loading=\"lazy\" decoding=\"async\" width=\"1024\" height=\"682\" data-attachment-id=\"161227\" data-permalink=\"https:\/\/www.hoymercedes.com.ar\/principal\/2023\/04\/22\/nuevo-escuadron-de-gendarmeria-en-mercedes-para-proteccion-en-ruta-no5\/1m5a8797-copia\/#main\" data-orig-file=\"https:\/\/www.hoymercedes.com.ar\/principal\/wp-content\/uploads\/2023\/04\/1M5A8797-copia.jpg\" data-orig-size=\"1319,879\" data-comments-opened=\"0\" data-image-meta=\"{&quot;aperture&quot;:&quot;0&quot;,&quot;credit&quot;:&quot;&quot;,&quot;camera&quot;:&quot;&quot;,&quot;caption&quot;:&quot;&quot;,&quot;created_timestamp&quot;:&quot;0&quot;,&quot;copyright&quot;:&quot;&quot;,&quot;focal_length&quot;:&quot;0&quot;,&quot;iso&quot;:&quot;0&quot;,&quot;shutter_speed&quot;:&quot;0&quot;,&quot;title&quot;:&quot;&quot;,&quot;orientation&quot;:&quot;0&quot;}\" data-image-title=\"1M5A8797-copia\" data-image-description=\"\" data-image-caption=\"\" data-large-file=\"https:\/\/www.hoymercedes.com.ar\/principal\/wp-content\/uploads\/2023\/04\/1M5A8797-copia-1024x682.jpg\" src=\"https:\/\/www.hoymercedes.com.ar\/principal\/wp-content\/uploads\/2023\/04\/1M5A8797-copia-1024x682.jpg\" alt=\"\" class=\"wp-image-161227\" srcset=\"https:\/\/www.hoymercedes.com.ar\/principal\/wp-content\/uploads\/2023\/04\/1M5A8797-copia-1024x682.jpg 1024w, https:\/\/www.hoymercedes.com.ar\/principal\/wp-content\/uploads\/2023\/04\/1M5A8797-copia-630x420.jpg 630w, https:\/\/www.hoymercedes.com.ar\/principal\/wp-content\/uploads\/2023\/04\/1M5A8797-copia-150x100.jpg 150w, https:\/\/www.hoymercedes.com.ar\/principal\/wp-content\/uploads\/2023\/04\/1M5A8797-copia-700x465.jpg 700w, https:\/\/www.hoymercedes.com.ar\/principal\/wp-content\/uploads\/2023\/04\/1M5A8797-copia.jpg 1319w\" sizes=\"auto, (max-width: 1024px) 100vw, 1024px\" \/><\/figure>\n\n\n\n<p><strong>Municipio<\/strong><\/p>\n\n\n\n<p>Por su parte, Gonzalo Anselmo, secretario de seguridad dijo \u201choy es un d\u00eda hist\u00f3rico para nuestra ciudad, donde incorporamos esta Secci\u00f3n Vial Mercedes, que es un nuevo dispositivo de seguridad que se agrega a nuestra ciudad, que marca un antes y un despu\u00e9s\u201d y agradeci\u00f3 \u201cal Ministerio de Seguridad que nos ha acompa\u00f1ado en esta gesti\u00f3n, a nuestro intendente que con su gesti\u00f3n pudo hacer posible el desembarco de esta herramienta de seguridad, a partir de la cual trabajaremos en la ruta N\u00b05 en dispositivos multi ag\u00e9nciales\u201d.<\/p>\n\n\n\n<p>En este sentido, apunt\u00f3 \u201ccon dos objetivos importantes, la seguridad vial de nuestros vecinos y Toda persona que transite por este importante corredor y lo que tiene que ver con materia de seguridad ciudadana, habida cuenta que en inmediaciones del peaje es un lugar muy propicio para efectuar los operativos, para mitigar los delitos\u201d.\u00a0<\/p>\n\n\n\n<p>Info: Seguridad\/HM\/Redes<\/p>\n","protected":false},"excerpt":{"rendered":"<p>En un hecho muy importante el Municipio junto al Gobierno Nacional inauguraron el Escuadr\u00f3n de Seguridad Vial e Gendarmer\u00eda Nacional &#8230; <a title=\"Nuevo Escuadr\u00f3n de Gendarmer\u00eda en Mercedes para protecci\u00f3n en Ruta N\u00ba5\" class=\"read-more\" href=\"https:\/\/www.hoymercedes.com.ar\/principal\/2023\/04\/22\/nuevo-escuadron-de-gendarmeria-en-mercedes-para-proteccion-en-ruta-no5\/\" aria-label=\"Leer m\u00e1s sobre Nuevo Escuadr\u00f3n de Gendarmer\u00eda en Mercedes para protecci\u00f3n en Ruta N\u00ba5\">Leer m\u00e1s<\/a><\/p>\n","protected":false},"author":1,"featured_media":161225,"comment_status":"closed","ping_status":"open","sticky":false,"template":"","format":"standard","meta":{"_monsterinsights_skip_tracking":false,"_monsterinsights_sitenote_active":false,"_monsterinsights_sitenote_note":"","_monsterinsights_sitenote_category":0,"jetpack_post_was_ever_published":false,"_jetpack_newsletter_access":"","_jetpack_dont_email_post_to_subs":false,"_jetpack_newsletter_tier_id":0,"_jetpack_memberships_contains_paywalled_content":false,"_jetpack_memberships_contains_paid_content":false,"footnotes":"","jetpack_publicize_message":"","jetpack_publicize_feature_enabled":true,"jetpack_social_post_already_shared":true,"jetpack_social_options":{"image_generator_settings":{"template":"highway","default_image_id":0,"font":"","enabled":false},"version":2},"_wpas_customize_per_network":false},"categories":[8],"tags":[11910,18728,5796,16116],"class_list":["post-161223","post","type-post","status-publish","format-standard","has-post-thumbnail","hentry","category-sociedad","tag-clara-zunino","tag-escuadroan-mercedes","tag-gendarmeria-nacional","tag-gonzalo-anselmo","generate-columns","tablet-grid-50","mobile-grid-100","grid-parent","grid-50"],"jetpack_publicize_connections":[],"jetpack_featured_media_url":"https:\/\/www.hoymercedes.com.ar\/principal\/wp-content\/uploads\/2023\/04\/1M5A8767.jpg","wps_subtitle":"M\u00e1s seguridad ","jetpack_sharing_enabled":true,"_links":{"self":[{"href":"https:\/\/www.hoymercedes.com.ar\/principal\/wp-json\/wp\/v2\/posts\/161223","targetHints":{"allow":["GET"]}}],"collection":[{"href":"https:\/\/www.hoymercedes.com.ar\/principal\/wp-json\/wp\/v2\/posts"}],"about":[{"href":"https:\/\/www.hoymercedes.com.ar\/principal\/wp-json\/wp\/v2\/types\/post"}],"author":[{"embeddable":true,"href":"https:\/\/www.hoymercedes.com.ar\/principal\/wp-json\/wp\/v2\/users\/1"}],"replies":[{"embeddable":true,"href":"https:\/\/www.hoymercedes.com.ar\/principal\/wp-json\/wp\/v2\/comments?post=161223"}],"version-history":[{"count":0,"href":"https:\/\/www.hoymercedes.com.ar\/principal\/wp-json\/wp\/v2\/posts\/161223\/revisions"}],"wp:featuredmedia":[{"embeddable":true,"href":"https:\/\/www.hoymercedes.com.ar\/principal\/wp-json\/wp\/v2\/media\/161225"}],"wp:attachment":[{"href":"https:\/\/www.hoymercedes.com.ar\/principal\/wp-json\/wp\/v2\/media?parent=161223"}],"wp:term":[{"taxonomy":"category","embeddable":true,"href":"https:\/\/www.hoymercedes.com.ar\/principal\/wp-json\/wp\/v2\/categories?post=161223"},{"taxonomy":"post_tag","embeddable":true,"href":"https:\/\/www.hoymercedes.com.ar\/principal\/wp-json\/wp\/v2\/tags?post=161223"}],"curies":[{"name":"wp","href":"https:\/\/api.w.org\/{rel}","templated":true}]}}