{"id":161299,"date":"2023-04-24T17:45:00","date_gmt":"2023-04-24T20:45:00","guid":{"rendered":"https:\/\/www.hoymercedes.com.ar\/principal\/?p=161299"},"modified":"2023-04-24T17:11:37","modified_gmt":"2023-04-24T20:11:37","slug":"naturgy-lanza-la-edicion-2023-de-su-programa-cuidemos-nuestros-recursos","status":"publish","type":"post","link":"https:\/\/www.hoymercedes.com.ar\/principal\/2023\/04\/24\/naturgy-lanza-la-edicion-2023-de-su-programa-cuidemos-nuestros-recursos\/","title":{"rendered":"Naturgy lanza la edici\u00f3n 2023 de su programa Cuidemos Nuestros Recursos"},"content":{"rendered":"\n<p>Con el objetivo de promover consumidores responsables, Naturgy lanza la edici\u00f3n 2023 de su programa de uso eficiente de los recursos naturales, acci\u00f3n centralizada alrededor del portal<strong>\u00a0<\/strong><a rel=\"noreferrer noopener\" href=\"http:\/\/www.cuidemosnuestrosrecursos.com\/\" target=\"_blank\"><strong>www.CuidemosNuestrosRecursos.com<\/strong><\/a><strong>.<\/strong>\u00a0Ofrece  capacitaciones para docentes y estudiantes, a fin de brindarles herramientas sobre el cuidado del medio ambiente y el buen uso de las distintas fuentes de energ\u00eda y recursos naturales con que cuenta nuestro planeta.<\/p>\n\n\n<div class=\"wp-block-image\">\n<figure class=\"aligncenter size-full\"><img loading=\"lazy\" decoding=\"async\" width=\"800\" height=\"533\" data-attachment-id=\"161300\" data-permalink=\"https:\/\/www.hoymercedes.com.ar\/principal\/2023\/04\/24\/naturgy-lanza-la-edicion-2023-de-su-programa-cuidemos-nuestros-recursos\/naturgy-archivo-edicion-2022-cuidemos-nuestros-recursos\/#main\" data-orig-file=\"https:\/\/www.hoymercedes.com.ar\/principal\/wp-content\/uploads\/2023\/04\/Naturgy-Archivo-Edicion-2022-Cuidemos-Nuestros-Recursos.jpg\" data-orig-size=\"800,533\" data-comments-opened=\"0\" data-image-meta=\"{&quot;aperture&quot;:&quot;0&quot;,&quot;credit&quot;:&quot;&quot;,&quot;camera&quot;:&quot;&quot;,&quot;caption&quot;:&quot;&quot;,&quot;created_timestamp&quot;:&quot;1659804563&quot;,&quot;copyright&quot;:&quot;&quot;,&quot;focal_length&quot;:&quot;0&quot;,&quot;iso&quot;:&quot;0&quot;,&quot;shutter_speed&quot;:&quot;0&quot;,&quot;title&quot;:&quot;&quot;,&quot;orientation&quot;:&quot;0&quot;}\" data-image-title=\"Naturgy &amp;#8211; Archivo Edici\u00f3n 2022 Cuidemos Nuestros Recursos\" data-image-description=\"\" data-image-caption=\"\" data-large-file=\"https:\/\/www.hoymercedes.com.ar\/principal\/wp-content\/uploads\/2023\/04\/Naturgy-Archivo-Edicion-2022-Cuidemos-Nuestros-Recursos.jpg\" src=\"https:\/\/www.hoymercedes.com.ar\/principal\/wp-content\/uploads\/2023\/04\/Naturgy-Archivo-Edicion-2022-Cuidemos-Nuestros-Recursos.jpg\" alt=\"\" class=\"wp-image-161300\" srcset=\"https:\/\/www.hoymercedes.com.ar\/principal\/wp-content\/uploads\/2023\/04\/Naturgy-Archivo-Edicion-2022-Cuidemos-Nuestros-Recursos.jpg 800w, https:\/\/www.hoymercedes.com.ar\/principal\/wp-content\/uploads\/2023\/04\/Naturgy-Archivo-Edicion-2022-Cuidemos-Nuestros-Recursos-630x420.jpg 630w, https:\/\/www.hoymercedes.com.ar\/principal\/wp-content\/uploads\/2023\/04\/Naturgy-Archivo-Edicion-2022-Cuidemos-Nuestros-Recursos-150x100.jpg 150w, https:\/\/www.hoymercedes.com.ar\/principal\/wp-content\/uploads\/2023\/04\/Naturgy-Archivo-Edicion-2022-Cuidemos-Nuestros-Recursos-700x465.jpg 700w\" sizes=\"auto, (max-width: 800px) 100vw, 800px\" \/><figcaption class=\"wp-element-caption\">Foto de archivo. Edici\u00f3n 2022<\/figcaption><\/figure>\n<\/div>\n\n\n<p><\/p>\n\n\n\n<p><strong>Naturgy, e<a href=\"https:\/\/www.facebook.com\/fundacionmanosverdes\" target=\"_blank\" rel=\"noreferrer noopener\">n alianza estrat\u00e9gica c<\/a>on F<a href=\"https:\/\/www.instagram.com\/manosverdes_arg\/\" target=\"_blank\" rel=\"noreferrer noopener\">undaci\u00f3n Manos Verdes,<\/a><\/strong>\u00a0acompa\u00f1a a la comunidad en la que distribuye gas natural en su transici\u00f3n hacia el desarrollo sostenible, ofreciendo acciones de concientizaci\u00f3n ambiental en los municipios e instituciones educativas.<\/p>\n\n\n\n<p>El programa consiste en talleres y cursos de capacitaci\u00f3n destinados a docentes y alumnos, y tambi\u00e9n a funcionarios y\/o colaboradores de diferentes organizaciones aliadas, que abordan tem\u00e1ticas tales como Uso Responsable y Eficiente de la energ\u00eda; desarrollo y mantenimiento de huertas y compost; y las 3R de la ecolog\u00eda: reducir, reutilizar y reciclar.<\/p>\n\n\n\n<p>El portal&nbsp;<a rel=\"noreferrer noopener\" target=\"_blank\" href=\"http:\/\/www.cuidemosnuestrosrecursos.com\/\"><strong>www.CuidemosNuestrosRecursos.com<\/strong><\/a><strong>&nbsp;<\/strong>cuenta con material did\u00e1ctico para alumnos y docentes.&nbsp; Los ni\u00f1os pueden, a trav\u00e9s de contenido informativo y de juegos l\u00fadicos, concientizarse y aprender a realizar un uso eficiente del agua, el gas natural, la electricidad y el papel. Sobre cada uno de estos t\u00f3picos, hay informaci\u00f3n cient\u00edfica, datos de inter\u00e9s, recomendaciones de uso y juegos interactivos para comprobar los conocimientos adquiridos.<\/p>\n\n\n\n<p>A su vez, el portal posee una secci\u00f3n exclusiva para docentes, cuyo objetivo es concientizar sobre el rol protag\u00f3nico que posee la energ\u00eda en la vida diaria y en la econom\u00eda y desarrollo del pa\u00eds, poniendo \u00e9nfasis en la importancia de educar en h\u00e1bitos y conductas eficientes y amigables con el medio ambiente.\u00a0 Los docentes cuentan con material did\u00e1ctico y videos para usar en clase con sus alumnos, as\u00ed como tambi\u00e9n podr\u00e1n tomar capacitaciones, obteniendo su respectivo certificado que acredita su realizaci\u00f3n.<\/p>\n\n\n\n<p><\/p>\n","protected":false},"excerpt":{"rendered":"<p>Con el objetivo de promover consumidores responsables, Naturgy lanza la edici\u00f3n 2023 de su programa de uso eficiente de los &#8230; <a title=\"Naturgy lanza la edici\u00f3n 2023 de su programa Cuidemos Nuestros Recursos\" class=\"read-more\" href=\"https:\/\/www.hoymercedes.com.ar\/principal\/2023\/04\/24\/naturgy-lanza-la-edicion-2023-de-su-programa-cuidemos-nuestros-recursos\/\" aria-label=\"Leer m\u00e1s sobre Naturgy lanza la edici\u00f3n 2023 de su programa Cuidemos Nuestros Recursos\">Leer m\u00e1s<\/a><\/p>\n","protected":false},"author":1,"featured_media":161300,"comment_status":"closed","ping_status":"open","sticky":false,"template":"","format":"standard","meta":{"_monsterinsights_skip_tracking":false,"_monsterinsights_sitenote_active":false,"_monsterinsights_sitenote_note":"","_monsterinsights_sitenote_category":0,"jetpack_post_was_ever_published":false,"_jetpack_newsletter_access":"","_jetpack_dont_email_post_to_subs":false,"_jetpack_newsletter_tier_id":0,"_jetpack_memberships_contains_paywalled_content":false,"_jetpack_memberships_contains_paid_content":false,"footnotes":"","jetpack_publicize_message":"","jetpack_publicize_feature_enabled":true,"jetpack_social_post_already_shared":true,"jetpack_social_options":{"image_generator_settings":{"template":"highway","default_image_id":0,"font":"","enabled":false},"version":2},"_wpas_customize_per_network":false},"categories":[8],"tags":[],"class_list":["post-161299","post","type-post","status-publish","format-standard","has-post-thumbnail","hentry","category-sociedad","generate-columns","tablet-grid-50","mobile-grid-100","grid-parent","grid-50"],"jetpack_publicize_connections":[],"jetpack_featured_media_url":"https:\/\/www.hoymercedes.com.ar\/principal\/wp-content\/uploads\/2023\/04\/Naturgy-Archivo-Edicion-2022-Cuidemos-Nuestros-Recursos.jpg","wps_subtitle":"","jetpack_sharing_enabled":true,"_links":{"self":[{"href":"https:\/\/www.hoymercedes.com.ar\/principal\/wp-json\/wp\/v2\/posts\/161299","targetHints":{"allow":["GET"]}}],"collection":[{"href":"https:\/\/www.hoymercedes.com.ar\/principal\/wp-json\/wp\/v2\/posts"}],"about":[{"href":"https:\/\/www.hoymercedes.com.ar\/principal\/wp-json\/wp\/v2\/types\/post"}],"author":[{"embeddable":true,"href":"https:\/\/www.hoymercedes.com.ar\/principal\/wp-json\/wp\/v2\/users\/1"}],"replies":[{"embeddable":true,"href":"https:\/\/www.hoymercedes.com.ar\/principal\/wp-json\/wp\/v2\/comments?post=161299"}],"version-history":[{"count":0,"href":"https:\/\/www.hoymercedes.com.ar\/principal\/wp-json\/wp\/v2\/posts\/161299\/revisions"}],"wp:featuredmedia":[{"embeddable":true,"href":"https:\/\/www.hoymercedes.com.ar\/principal\/wp-json\/wp\/v2\/media\/161300"}],"wp:attachment":[{"href":"https:\/\/www.hoymercedes.com.ar\/principal\/wp-json\/wp\/v2\/media?parent=161299"}],"wp:term":[{"taxonomy":"category","embeddable":true,"href":"https:\/\/www.hoymercedes.com.ar\/principal\/wp-json\/wp\/v2\/categories?post=161299"},{"taxonomy":"post_tag","embeddable":true,"href":"https:\/\/www.hoymercedes.com.ar\/principal\/wp-json\/wp\/v2\/tags?post=161299"}],"curies":[{"name":"wp","href":"https:\/\/api.w.org\/{rel}","templated":true}]}}