{"id":161341,"date":"2023-04-25T14:11:25","date_gmt":"2023-04-25T17:11:25","guid":{"rendered":"https:\/\/www.hoymercedes.com.ar\/principal\/?p=161341"},"modified":"2023-04-25T14:11:27","modified_gmt":"2023-04-25T17:11:27","slug":"lujan-la-autopsia-determino-que-la-nena-fallecio-por-asfixia-accidental","status":"publish","type":"post","link":"https:\/\/www.hoymercedes.com.ar\/principal\/2023\/04\/25\/lujan-la-autopsia-determino-que-la-nena-fallecio-por-asfixia-accidental\/","title":{"rendered":"Luj\u00e1n: La autopsia determin\u00f3 que la nena falleci\u00f3 por \u201casfixia accidental\u201d"},"content":{"rendered":"\n<p><em>En la ma\u00f1ana de este martes, se realiz\u00f3 la autopsia y, seg\u00fan la informaci\u00f3n preliminar, \u00abel deceso se produjo por asfixia accidental\u00bb. La peque\u00f1a que fue hallada muerta el lunes en Luj\u00e1n, llamada Alma, de 5 a\u00f1os, habr\u00eda estado jugando en el frente de su casa del barrio Ameghino cuando se le habr\u00eda ca\u00eddo encima la arena de un bols\u00f3n.<\/em><\/p>\n\n\n<div class=\"wp-block-image\">\n<figure class=\"aligncenter size-full\"><img loading=\"lazy\" decoding=\"async\" width=\"696\" height=\"460\" data-attachment-id=\"161342\" data-permalink=\"https:\/\/www.hoymercedes.com.ar\/principal\/2023\/04\/25\/lujan-la-autopsia-determino-que-la-nena-fallecio-por-asfixia-accidental\/image-8-5\/#main\" data-orig-file=\"https:\/\/www.hoymercedes.com.ar\/principal\/wp-content\/uploads\/2023\/04\/image-8.png\" data-orig-size=\"696,460\" data-comments-opened=\"0\" data-image-meta=\"{&quot;aperture&quot;:&quot;0&quot;,&quot;credit&quot;:&quot;&quot;,&quot;camera&quot;:&quot;&quot;,&quot;caption&quot;:&quot;&quot;,&quot;created_timestamp&quot;:&quot;0&quot;,&quot;copyright&quot;:&quot;&quot;,&quot;focal_length&quot;:&quot;0&quot;,&quot;iso&quot;:&quot;0&quot;,&quot;shutter_speed&quot;:&quot;0&quot;,&quot;title&quot;:&quot;&quot;,&quot;orientation&quot;:&quot;0&quot;}\" data-image-title=\"image-8\" data-image-description=\"\" data-image-caption=\"\" data-large-file=\"https:\/\/www.hoymercedes.com.ar\/principal\/wp-content\/uploads\/2023\/04\/image-8.png\" src=\"https:\/\/www.hoymercedes.com.ar\/principal\/wp-content\/uploads\/2023\/04\/image-8.png\" alt=\"\" class=\"wp-image-161342\" srcset=\"https:\/\/www.hoymercedes.com.ar\/principal\/wp-content\/uploads\/2023\/04\/image-8.png 696w, https:\/\/www.hoymercedes.com.ar\/principal\/wp-content\/uploads\/2023\/04\/image-8-630x416.png 630w, https:\/\/www.hoymercedes.com.ar\/principal\/wp-content\/uploads\/2023\/04\/image-8-150x99.png 150w\" sizes=\"auto, (max-width: 696px) 100vw, 696px\" \/><\/figure>\n<\/div>\n\n\n<p>Este martes por la ma\u00f1ana se confirm\u00f3 el resultado preliminar de la pericia de autopsia: la menor falleci\u00f3 por \u201casfixia accidental\u201d.<\/p>\n\n\n\n<p>Seg\u00fan la informaci\u00f3n brindada a&nbsp;<strong>LUJ\u00c1NHOY<\/strong>&nbsp;por fuentes judiciales, \u201cesta ma\u00f1ana se practic\u00f3 en la morgue del Cuerpo M\u00e9dico Departamental la pericia de autopsia a la menor hallada sin vida en Luj\u00e1n. Y seg\u00fan el informe preliminar, el deceso se produjo por asfixia accidental\u201d.<\/p>\n\n\n\n<p>Este lunes, minutos despu\u00e9s de las 19, fuentes oficiales confirmaron la peor noticia: Alma, la menor de 5 a\u00f1os (en un principio trascendi\u00f3 que ten\u00eda 4) que estaba siendo buscada por los Bomberos, la Polic\u00eda y vecinos, fue hallada sin vida debajo de un bols\u00f3n de arena en el frente de su casa de la calle Tucum\u00e1n entre Fern\u00e1ndez Moreno y Del Pilar, en el barrio Ameghino.<\/p>\n\n\n\n<p>Y con el resultado de la autopsia, pr\u00e1cticamente se estar\u00eda confirmando la primera hip\u00f3tesis que manejaron los investigadores: que se trat\u00f3 de un tr\u00e1gico accidente dom\u00e9stico. Alma estaba jugando y aparentemente se le cay\u00f3 encima la arena de uno de los bolsones all\u00ed apilados. Y eso, lamentablemente, le provoc\u00f3 la muerte por axfixia.<\/p>\n\n\n\n<p>En este sentido, las mismas fuentes judiciales indicaron que debajo de la arena tambi\u00e9n se hallaron juguetes de la menor.<\/p>\n\n\n\n<p>Fuente: Luj\u00e1n Hoy<\/p>\n","protected":false},"excerpt":{"rendered":"<p>En la ma\u00f1ana de este martes, se realiz\u00f3 la autopsia y, seg\u00fan la informaci\u00f3n preliminar, \u00abel deceso se produjo por &#8230; <a title=\"Luj\u00e1n: La autopsia determin\u00f3 que la nena falleci\u00f3 por \u201casfixia accidental\u201d\" class=\"read-more\" href=\"https:\/\/www.hoymercedes.com.ar\/principal\/2023\/04\/25\/lujan-la-autopsia-determino-que-la-nena-fallecio-por-asfixia-accidental\/\" aria-label=\"Leer m\u00e1s sobre Luj\u00e1n: La autopsia determin\u00f3 que la nena falleci\u00f3 por \u201casfixia accidental\u201d\">Leer m\u00e1s<\/a><\/p>\n","protected":false},"author":1,"featured_media":161342,"comment_status":"closed","ping_status":"open","sticky":false,"template":"","format":"standard","meta":{"_monsterinsights_skip_tracking":false,"_monsterinsights_sitenote_active":false,"_monsterinsights_sitenote_note":"","_monsterinsights_sitenote_category":0,"jetpack_post_was_ever_published":false,"_jetpack_newsletter_access":"","_jetpack_dont_email_post_to_subs":false,"_jetpack_newsletter_tier_id":0,"_jetpack_memberships_contains_paywalled_content":false,"_jetpack_memberships_contains_paid_content":false,"footnotes":"","jetpack_publicize_message":"","jetpack_publicize_feature_enabled":true,"jetpack_social_post_already_shared":true,"jetpack_social_options":{"image_generator_settings":{"template":"highway","default_image_id":0,"font":"","enabled":false},"version":2},"_wpas_customize_per_network":false},"categories":[85],"tags":[86,96],"class_list":["post-161341","post","type-post","status-publish","format-standard","has-post-thumbnail","hentry","category-policial","tag-lujan","tag-policial-2","generate-columns","tablet-grid-50","mobile-grid-100","grid-parent","grid-50"],"jetpack_publicize_connections":[],"jetpack_featured_media_url":"https:\/\/www.hoymercedes.com.ar\/principal\/wp-content\/uploads\/2023\/04\/image-8.png","wps_subtitle":"","jetpack_sharing_enabled":true,"_links":{"self":[{"href":"https:\/\/www.hoymercedes.com.ar\/principal\/wp-json\/wp\/v2\/posts\/161341","targetHints":{"allow":["GET"]}}],"collection":[{"href":"https:\/\/www.hoymercedes.com.ar\/principal\/wp-json\/wp\/v2\/posts"}],"about":[{"href":"https:\/\/www.hoymercedes.com.ar\/principal\/wp-json\/wp\/v2\/types\/post"}],"author":[{"embeddable":true,"href":"https:\/\/www.hoymercedes.com.ar\/principal\/wp-json\/wp\/v2\/users\/1"}],"replies":[{"embeddable":true,"href":"https:\/\/www.hoymercedes.com.ar\/principal\/wp-json\/wp\/v2\/comments?post=161341"}],"version-history":[{"count":0,"href":"https:\/\/www.hoymercedes.com.ar\/principal\/wp-json\/wp\/v2\/posts\/161341\/revisions"}],"wp:featuredmedia":[{"embeddable":true,"href":"https:\/\/www.hoymercedes.com.ar\/principal\/wp-json\/wp\/v2\/media\/161342"}],"wp:attachment":[{"href":"https:\/\/www.hoymercedes.com.ar\/principal\/wp-json\/wp\/v2\/media?parent=161341"}],"wp:term":[{"taxonomy":"category","embeddable":true,"href":"https:\/\/www.hoymercedes.com.ar\/principal\/wp-json\/wp\/v2\/categories?post=161341"},{"taxonomy":"post_tag","embeddable":true,"href":"https:\/\/www.hoymercedes.com.ar\/principal\/wp-json\/wp\/v2\/tags?post=161341"}],"curies":[{"name":"wp","href":"https:\/\/api.w.org\/{rel}","templated":true}]}}