{"id":161403,"date":"2023-04-26T15:02:42","date_gmt":"2023-04-26T18:02:42","guid":{"rendered":"https:\/\/www.hoymercedes.com.ar\/principal\/?p=161403"},"modified":"2023-04-26T15:02:45","modified_gmt":"2023-04-26T18:02:45","slug":"reconocimiento-para-el-museo-carlos-ameghino","status":"publish","type":"post","link":"https:\/\/www.hoymercedes.com.ar\/principal\/2023\/04\/26\/reconocimiento-para-el-museo-carlos-ameghino\/","title":{"rendered":"Reconocimiento para el Museo Carlos Ameghino"},"content":{"rendered":"\n<p>Desde del a\u00f1o 2016, la Fundaci\u00f3n Museo de La Plata \u00abFrancisco Pascasio Moreno\u00bb, entrega el Premio Lahille y reconocimientos a personas e instituciones que procuran difundir las ciencias naturales en pos de la comunidad.<\/p>\n\n\n\n<p>En esta oportunidad, el Museo de Ciencias Naturales \u00abCarlos Ameghino\u00bb de Mercedes fue uno de los seleccionados por el Comit\u00e9 Ejecutivo de la Fundaci\u00f3n, por su labor en el desarrollo del conocimiento y difusi\u00f3n de las mismas, recibiendo un reconocimiento el pasado s\u00e1bado 22.<\/p>\n\n\n<div class=\"wp-block-image\">\n<figure class=\"aligncenter size-full\"><img loading=\"lazy\" decoding=\"async\" width=\"800\" height=\"564\" data-attachment-id=\"161412\" data-permalink=\"https:\/\/www.hoymercedes.com.ar\/principal\/2023\/04\/26\/reconocimiento-para-el-museo-carlos-ameghino\/museo-amefhino-2\/#main\" data-orig-file=\"https:\/\/www.hoymercedes.com.ar\/principal\/wp-content\/uploads\/2023\/04\/Museo-Amefhino-2.jpg\" data-orig-size=\"800,564\" data-comments-opened=\"0\" data-image-meta=\"{&quot;aperture&quot;:&quot;0&quot;,&quot;credit&quot;:&quot;&quot;,&quot;camera&quot;:&quot;&quot;,&quot;caption&quot;:&quot;&quot;,&quot;created_timestamp&quot;:&quot;0&quot;,&quot;copyright&quot;:&quot;&quot;,&quot;focal_length&quot;:&quot;0&quot;,&quot;iso&quot;:&quot;0&quot;,&quot;shutter_speed&quot;:&quot;0&quot;,&quot;title&quot;:&quot;&quot;,&quot;orientation&quot;:&quot;0&quot;}\" data-image-title=\"Museo Amefhino 2\" data-image-description=\"\" data-image-caption=\"\" data-large-file=\"https:\/\/www.hoymercedes.com.ar\/principal\/wp-content\/uploads\/2023\/04\/Museo-Amefhino-2.jpg\" src=\"https:\/\/www.hoymercedes.com.ar\/principal\/wp-content\/uploads\/2023\/04\/Museo-Amefhino-2.jpg\" alt=\"\" class=\"wp-image-161412\" srcset=\"https:\/\/www.hoymercedes.com.ar\/principal\/wp-content\/uploads\/2023\/04\/Museo-Amefhino-2.jpg 800w, https:\/\/www.hoymercedes.com.ar\/principal\/wp-content\/uploads\/2023\/04\/Museo-Amefhino-2-630x444.jpg 630w, https:\/\/www.hoymercedes.com.ar\/principal\/wp-content\/uploads\/2023\/04\/Museo-Amefhino-2-150x106.jpg 150w, https:\/\/www.hoymercedes.com.ar\/principal\/wp-content\/uploads\/2023\/04\/Museo-Amefhino-2-120x85.jpg 120w\" sizes=\"auto, (max-width: 800px) 100vw, 800px\" \/><\/figure>\n<\/div>\n\n\n<p>\u00abEs con mucho orgullo y emoci\u00f3n que compartimos con nuestra comunidad esta fel\u00edz noticia que nos llena de nuevos impulsos para seguir creciendo d\u00eda a d\u00eda. Agradecemos profundamente a los miembros de la Fundaci\u00f3n Museo de La Plata por este reconocimiento\u00bb, expresaron desde el Museo Carlos Ameghino.<\/p>\n\n\n\n<p>La Fundaci\u00f3n Museo de La Plata est\u00e1 repaldada por el Museo de Ciencias Naturales de La Plata que este a\u00f1o cumple 136 a\u00f1os. El 2 de abril de 1987 se inici\u00f3 como una ONG dispuesta a apoyar la acci\u00f3n cultural y de investigaci\u00f3n de una de las instituciones m\u00e1s emblem\u00e1ticas de nuestra ciudad. La Fundaci\u00f3n lleva el nombre de\u00a0<strong>\u201cFrancisco Pascasio Moreno\u201d<\/strong>\u00a0como homenaje al eminente hombre p\u00fablico y cient\u00edfico argentino que fuera fundador y primer director del Museo. <\/p>\n\n\n\n<p>A partir del 2017, todos los a\u00f1os, entregan el\u00a0Premio \u201cFernando Lahite\u201d, quien fue en los a\u00f1os fundacionales un gran divulgador cient\u00edfico que contrat\u00f3 el Perito Moreno para difundir en la comunidad todo el conocimiento en la tem\u00e1tica de los recursos naturales.<\/p>\n\n\n<div class=\"wp-block-image\">\n<figure class=\"aligncenter size-full\"><img loading=\"lazy\" decoding=\"async\" width=\"800\" height=\"632\" data-attachment-id=\"161413\" data-permalink=\"https:\/\/www.hoymercedes.com.ar\/principal\/2023\/04\/26\/reconocimiento-para-el-museo-carlos-ameghino\/museo-amefhino-3\/#main\" data-orig-file=\"https:\/\/www.hoymercedes.com.ar\/principal\/wp-content\/uploads\/2023\/04\/Museo-Amefhino-3.jpg\" data-orig-size=\"800,632\" data-comments-opened=\"0\" data-image-meta=\"{&quot;aperture&quot;:&quot;0&quot;,&quot;credit&quot;:&quot;&quot;,&quot;camera&quot;:&quot;&quot;,&quot;caption&quot;:&quot;&quot;,&quot;created_timestamp&quot;:&quot;0&quot;,&quot;copyright&quot;:&quot;&quot;,&quot;focal_length&quot;:&quot;0&quot;,&quot;iso&quot;:&quot;0&quot;,&quot;shutter_speed&quot;:&quot;0&quot;,&quot;title&quot;:&quot;&quot;,&quot;orientation&quot;:&quot;0&quot;}\" data-image-title=\"Museo Amefhino 3\" data-image-description=\"\" data-image-caption=\"\" data-large-file=\"https:\/\/www.hoymercedes.com.ar\/principal\/wp-content\/uploads\/2023\/04\/Museo-Amefhino-3.jpg\" src=\"https:\/\/www.hoymercedes.com.ar\/principal\/wp-content\/uploads\/2023\/04\/Museo-Amefhino-3.jpg\" alt=\"\" class=\"wp-image-161413\" srcset=\"https:\/\/www.hoymercedes.com.ar\/principal\/wp-content\/uploads\/2023\/04\/Museo-Amefhino-3.jpg 800w, https:\/\/www.hoymercedes.com.ar\/principal\/wp-content\/uploads\/2023\/04\/Museo-Amefhino-3-630x498.jpg 630w, https:\/\/www.hoymercedes.com.ar\/principal\/wp-content\/uploads\/2023\/04\/Museo-Amefhino-3-150x119.jpg 150w\" sizes=\"auto, (max-width: 800px) 100vw, 800px\" \/><\/figure>\n<\/div>\n\n\n<p>Los reconocimientos a instituciones y personalidades entregados d\u00edas atr\u00e1s fueron para la Biblioteca Del Otro Lado del \u00c1rbol y la Biblioteca Nacional de Maestros; los naturalistas\u00a0Silvia Eisegood\u00a0y\u00a0Jorge Anfuso; a las fundaciones Ruta 40 y Patag\u00f3nica de Ciencias Naturales (de R\u00edo Negro); a los artistas y divulgadores cient\u00edficos\u00a0Martina Estrada, Abraham G\u00f3mez, Tito Saenz Rozas, Jonathan Agust\u00edn Paz\u00a0(Impenetrable, Chaco) y el profesor\u00a0Fernando Rigone; por la Divulgaci\u00f3n y Cultura a AFONA (Asociaci\u00f3n de Fot\u00f3grafos de la Naturaleza), Librer\u00eda \u201cEl Profe en la Estepa Patag\u00f3nica\u201d; Huapi, de R\u00edo Negro; y al profesor\u00a0Juan Neiff. <\/p>\n\n\n\n<p>Los Museos que han sido premiados son cuatro: Museo y Archivo Dardo Rocha, Museo Municipal de Ciencias Naturales \u201cCarlos Ameghino\u201d, de la ciudad bonaerense de Mercedes, MUNTREF (de la Universidad Nacional de Tres de Febrero) y el Museo Municipal \u201cLorenzo Scaglia\u201d, de Mar del Plata. <\/p>\n\n\n\n<p>El jurado estuvo conformado por la<strong>\u00a0Dra. Elisa Beilinson, Dr. Alberto Rodr\u00edgues Cap\u00edtulo<\/strong>\u00a0y el<strong>\u00a0Dr. Eduardo Tonni<\/strong>.<\/p>\n\n\n<div class=\"wp-block-image\">\n<figure class=\"aligncenter size-full\"><img loading=\"lazy\" decoding=\"async\" width=\"697\" height=\"456\" data-attachment-id=\"161414\" data-permalink=\"https:\/\/www.hoymercedes.com.ar\/principal\/2023\/04\/26\/reconocimiento-para-el-museo-carlos-ameghino\/museo-amefhino-4\/#main\" data-orig-file=\"https:\/\/www.hoymercedes.com.ar\/principal\/wp-content\/uploads\/2023\/04\/Museo-Amefhino-4.jpg\" data-orig-size=\"697,456\" data-comments-opened=\"0\" data-image-meta=\"{&quot;aperture&quot;:&quot;0&quot;,&quot;credit&quot;:&quot;&quot;,&quot;camera&quot;:&quot;&quot;,&quot;caption&quot;:&quot;&quot;,&quot;created_timestamp&quot;:&quot;1682520828&quot;,&quot;copyright&quot;:&quot;&quot;,&quot;focal_length&quot;:&quot;0&quot;,&quot;iso&quot;:&quot;0&quot;,&quot;shutter_speed&quot;:&quot;0&quot;,&quot;title&quot;:&quot;&quot;,&quot;orientation&quot;:&quot;1&quot;}\" data-image-title=\"Museo Amefhino 4\" data-image-description=\"\" data-image-caption=\"\" data-large-file=\"https:\/\/www.hoymercedes.com.ar\/principal\/wp-content\/uploads\/2023\/04\/Museo-Amefhino-4.jpg\" src=\"https:\/\/www.hoymercedes.com.ar\/principal\/wp-content\/uploads\/2023\/04\/Museo-Amefhino-4.jpg\" alt=\"\" class=\"wp-image-161414\" srcset=\"https:\/\/www.hoymercedes.com.ar\/principal\/wp-content\/uploads\/2023\/04\/Museo-Amefhino-4.jpg 697w, https:\/\/www.hoymercedes.com.ar\/principal\/wp-content\/uploads\/2023\/04\/Museo-Amefhino-4-630x412.jpg 630w, https:\/\/www.hoymercedes.com.ar\/principal\/wp-content\/uploads\/2023\/04\/Museo-Amefhino-4-150x98.jpg 150w\" sizes=\"auto, (max-width: 697px) 100vw, 697px\" \/><figcaption class=\"wp-element-caption\">La responsable del Museo Carlos Amegino VIviana Buide recibiendo la distinci\u00f3n en La Plata<\/figcaption><\/figure>\n<\/div>","protected":false},"excerpt":{"rendered":"<p>Desde del a\u00f1o 2016, la Fundaci\u00f3n Museo de La Plata \u00abFrancisco Pascasio Moreno\u00bb, entrega el Premio Lahille y reconocimientos a &#8230; <a title=\"Reconocimiento para el Museo Carlos Ameghino\" class=\"read-more\" href=\"https:\/\/www.hoymercedes.com.ar\/principal\/2023\/04\/26\/reconocimiento-para-el-museo-carlos-ameghino\/\" aria-label=\"Leer m\u00e1s sobre Reconocimiento para el Museo Carlos Ameghino\">Leer m\u00e1s<\/a><\/p>\n","protected":false},"author":1,"featured_media":161414,"comment_status":"closed","ping_status":"open","sticky":false,"template":"","format":"standard","meta":{"_monsterinsights_skip_tracking":false,"_monsterinsights_sitenote_active":false,"_monsterinsights_sitenote_note":"","_monsterinsights_sitenote_category":0,"jetpack_post_was_ever_published":false,"_jetpack_newsletter_access":"","_jetpack_dont_email_post_to_subs":false,"_jetpack_newsletter_tier_id":0,"_jetpack_memberships_contains_paywalled_content":false,"_jetpack_memberships_contains_paid_content":false,"footnotes":"","jetpack_publicize_message":"","jetpack_publicize_feature_enabled":true,"jetpack_social_post_already_shared":true,"jetpack_social_options":{"image_generator_settings":{"template":"highway","default_image_id":0,"font":"","enabled":false},"version":2},"_wpas_customize_per_network":false},"categories":[104],"tags":[7805,244],"class_list":["post-161403","post","type-post","status-publish","format-standard","has-post-thumbnail","hentry","category-cultura","tag-cultura","tag-municipio-2","generate-columns","tablet-grid-50","mobile-grid-100","grid-parent","grid-50"],"jetpack_publicize_connections":[],"jetpack_featured_media_url":"https:\/\/www.hoymercedes.com.ar\/principal\/wp-content\/uploads\/2023\/04\/Museo-Amefhino-4.jpg","wps_subtitle":"","jetpack_sharing_enabled":true,"_links":{"self":[{"href":"https:\/\/www.hoymercedes.com.ar\/principal\/wp-json\/wp\/v2\/posts\/161403","targetHints":{"allow":["GET"]}}],"collection":[{"href":"https:\/\/www.hoymercedes.com.ar\/principal\/wp-json\/wp\/v2\/posts"}],"about":[{"href":"https:\/\/www.hoymercedes.com.ar\/principal\/wp-json\/wp\/v2\/types\/post"}],"author":[{"embeddable":true,"href":"https:\/\/www.hoymercedes.com.ar\/principal\/wp-json\/wp\/v2\/users\/1"}],"replies":[{"embeddable":true,"href":"https:\/\/www.hoymercedes.com.ar\/principal\/wp-json\/wp\/v2\/comments?post=161403"}],"version-history":[{"count":0,"href":"https:\/\/www.hoymercedes.com.ar\/principal\/wp-json\/wp\/v2\/posts\/161403\/revisions"}],"wp:featuredmedia":[{"embeddable":true,"href":"https:\/\/www.hoymercedes.com.ar\/principal\/wp-json\/wp\/v2\/media\/161414"}],"wp:attachment":[{"href":"https:\/\/www.hoymercedes.com.ar\/principal\/wp-json\/wp\/v2\/media?parent=161403"}],"wp:term":[{"taxonomy":"category","embeddable":true,"href":"https:\/\/www.hoymercedes.com.ar\/principal\/wp-json\/wp\/v2\/categories?post=161403"},{"taxonomy":"post_tag","embeddable":true,"href":"https:\/\/www.hoymercedes.com.ar\/principal\/wp-json\/wp\/v2\/tags?post=161403"}],"curies":[{"name":"wp","href":"https:\/\/api.w.org\/{rel}","templated":true}]}}