{"id":161406,"date":"2023-04-26T14:21:48","date_gmt":"2023-04-26T17:21:48","guid":{"rendered":"https:\/\/www.hoymercedes.com.ar\/principal\/?p=161406"},"modified":"2023-04-26T14:21:50","modified_gmt":"2023-04-26T17:21:50","slug":"camion-se-choco-el-puente-de-ruta-no41","status":"publish","type":"post","link":"https:\/\/www.hoymercedes.com.ar\/principal\/2023\/04\/26\/camion-se-choco-el-puente-de-ruta-no41\/","title":{"rendered":"Cami\u00f3n se choc\u00f3 el puente de ruta n\u00ba41"},"content":{"rendered":"\n<figure class=\"wp-block-image size-large\"><img loading=\"lazy\" decoding=\"async\" width=\"1024\" height=\"684\" data-attachment-id=\"161407\" data-permalink=\"https:\/\/www.hoymercedes.com.ar\/principal\/2023\/04\/26\/camion-se-choco-el-puente-de-ruta-no41\/camionchocapuente41\/#main\" data-orig-file=\"https:\/\/www.hoymercedes.com.ar\/principal\/wp-content\/uploads\/2023\/04\/camionchocapuente41.jpeg\" data-orig-size=\"1600,1069\" data-comments-opened=\"0\" data-image-meta=\"{&quot;aperture&quot;:&quot;0&quot;,&quot;credit&quot;:&quot;&quot;,&quot;camera&quot;:&quot;&quot;,&quot;caption&quot;:&quot;&quot;,&quot;created_timestamp&quot;:&quot;0&quot;,&quot;copyright&quot;:&quot;&quot;,&quot;focal_length&quot;:&quot;0&quot;,&quot;iso&quot;:&quot;0&quot;,&quot;shutter_speed&quot;:&quot;0&quot;,&quot;title&quot;:&quot;&quot;,&quot;orientation&quot;:&quot;0&quot;}\" data-image-title=\"camionchocapuente41\" data-image-description=\"\" data-image-caption=\"\" data-large-file=\"https:\/\/www.hoymercedes.com.ar\/principal\/wp-content\/uploads\/2023\/04\/camionchocapuente41-1024x684.jpeg\" src=\"https:\/\/www.hoymercedes.com.ar\/principal\/wp-content\/uploads\/2023\/04\/camionchocapuente41-1024x684.jpeg\" alt=\"\" class=\"wp-image-161407\" srcset=\"https:\/\/www.hoymercedes.com.ar\/principal\/wp-content\/uploads\/2023\/04\/camionchocapuente41-1024x684.jpeg 1024w, https:\/\/www.hoymercedes.com.ar\/principal\/wp-content\/uploads\/2023\/04\/camionchocapuente41-630x421.jpeg 630w, https:\/\/www.hoymercedes.com.ar\/principal\/wp-content\/uploads\/2023\/04\/camionchocapuente41-150x100.jpeg 150w, https:\/\/www.hoymercedes.com.ar\/principal\/wp-content\/uploads\/2023\/04\/camionchocapuente41-1536x1026.jpeg 1536w, https:\/\/www.hoymercedes.com.ar\/principal\/wp-content\/uploads\/2023\/04\/camionchocapuente41.jpeg 1600w\" sizes=\"auto, (max-width: 1024px) 100vw, 1024px\" \/><\/figure>\n\n\n\n<p>Un cami\u00f3n de gran porte choc\u00f3 con su caja trasera el puente ferroviario de ruta provincial n\u00ba41. Dicha estructura estaba siendo intervenida por ferrocarriles argentinos para poder transitar el tren. Ahora se desconoce qu\u00e9 consecuencias generar\u00e1 el movimiento de la estructura que provoc\u00f3 el golpe.<\/p>\n\n\n\n<p>El hecho sucedi\u00f3 durante horas de la ma\u00f1ana de este mi\u00e9rcoles y debi\u00f3 generar la intervenci\u00f3n de seguridad vial de la provincia porque debi\u00f3 crear un dispositivo de prevenci\u00f3n para las y los viajantes.<\/p>\n\n\n\n<figure class=\"wp-block-image size-large\"><img loading=\"lazy\" decoding=\"async\" width=\"1024\" height=\"684\" data-attachment-id=\"161408\" data-permalink=\"https:\/\/www.hoymercedes.com.ar\/principal\/2023\/04\/26\/camion-se-choco-el-puente-de-ruta-no41\/camion-se-choco-el-puente-de-ruta-no4-2\/#main\" data-orig-file=\"https:\/\/www.hoymercedes.com.ar\/principal\/wp-content\/uploads\/2023\/04\/Camion-se-choco-el-puente-de-ruta-no4.2.jpeg\" data-orig-size=\"1600,1069\" data-comments-opened=\"0\" data-image-meta=\"{&quot;aperture&quot;:&quot;0&quot;,&quot;credit&quot;:&quot;&quot;,&quot;camera&quot;:&quot;&quot;,&quot;caption&quot;:&quot;&quot;,&quot;created_timestamp&quot;:&quot;0&quot;,&quot;copyright&quot;:&quot;&quot;,&quot;focal_length&quot;:&quot;0&quot;,&quot;iso&quot;:&quot;0&quot;,&quot;shutter_speed&quot;:&quot;0&quot;,&quot;title&quot;:&quot;&quot;,&quot;orientation&quot;:&quot;0&quot;}\" data-image-title=\"Camion-se-choco-el-puente-de-ruta-no4.2\" data-image-description=\"\" data-image-caption=\"\" data-large-file=\"https:\/\/www.hoymercedes.com.ar\/principal\/wp-content\/uploads\/2023\/04\/Camion-se-choco-el-puente-de-ruta-no4.2-1024x684.jpeg\" src=\"https:\/\/www.hoymercedes.com.ar\/principal\/wp-content\/uploads\/2023\/04\/Camion-se-choco-el-puente-de-ruta-no4.2-1024x684.jpeg\" alt=\"\" class=\"wp-image-161408\" srcset=\"https:\/\/www.hoymercedes.com.ar\/principal\/wp-content\/uploads\/2023\/04\/Camion-se-choco-el-puente-de-ruta-no4.2-1024x684.jpeg 1024w, https:\/\/www.hoymercedes.com.ar\/principal\/wp-content\/uploads\/2023\/04\/Camion-se-choco-el-puente-de-ruta-no4.2-630x421.jpeg 630w, https:\/\/www.hoymercedes.com.ar\/principal\/wp-content\/uploads\/2023\/04\/Camion-se-choco-el-puente-de-ruta-no4.2-150x100.jpeg 150w, https:\/\/www.hoymercedes.com.ar\/principal\/wp-content\/uploads\/2023\/04\/Camion-se-choco-el-puente-de-ruta-no4.2-1536x1026.jpeg 1536w, https:\/\/www.hoymercedes.com.ar\/principal\/wp-content\/uploads\/2023\/04\/Camion-se-choco-el-puente-de-ruta-no4.2.jpeg 1600w\" sizes=\"auto, (max-width: 1024px) 100vw, 1024px\" \/><\/figure>\n\n\n\n<p>Se desconocen los motivos del siniestro, pero todo que la altura del cami\u00f3n super\u00f3 ampliamente la del puente, como puede observarse.<\/p>\n","protected":false},"excerpt":{"rendered":"<p>Un cami\u00f3n de gran porte choc\u00f3 con su caja trasera el puente ferroviario de ruta provincial n\u00ba41. Dicha estructura estaba &#8230; <a title=\"Cami\u00f3n se choc\u00f3 el puente de ruta n\u00ba41\" class=\"read-more\" href=\"https:\/\/www.hoymercedes.com.ar\/principal\/2023\/04\/26\/camion-se-choco-el-puente-de-ruta-no41\/\" aria-label=\"Leer m\u00e1s sobre Cami\u00f3n se choc\u00f3 el puente de ruta n\u00ba41\">Leer m\u00e1s<\/a><\/p>\n","protected":false},"author":1,"featured_media":161408,"comment_status":"closed","ping_status":"open","sticky":false,"template":"","format":"standard","meta":{"_monsterinsights_skip_tracking":false,"_monsterinsights_sitenote_active":false,"_monsterinsights_sitenote_note":"","_monsterinsights_sitenote_category":0,"jetpack_post_was_ever_published":false,"_jetpack_newsletter_access":"","_jetpack_dont_email_post_to_subs":false,"_jetpack_newsletter_tier_id":0,"_jetpack_memberships_contains_paywalled_content":false,"_jetpack_memberships_contains_paid_content":false,"footnotes":"","jetpack_publicize_message":"","jetpack_publicize_feature_enabled":true,"jetpack_social_post_already_shared":true,"jetpack_social_options":{"image_generator_settings":{"template":"highway","default_image_id":0,"font":"","enabled":false},"version":2},"_wpas_customize_per_network":false},"categories":[85],"tags":[18734,18735],"class_list":["post-161406","post","type-post","status-publish","format-standard","has-post-thumbnail","hentry","category-policial","tag-choque-puente-de-ruta-41","tag-puente-ferrocarril-trocha","generate-columns","tablet-grid-50","mobile-grid-100","grid-parent","grid-50"],"jetpack_publicize_connections":[],"jetpack_featured_media_url":"https:\/\/www.hoymercedes.com.ar\/principal\/wp-content\/uploads\/2023\/04\/Camion-se-choco-el-puente-de-ruta-no4.2.jpeg","wps_subtitle":"Siniestro vial","jetpack_sharing_enabled":true,"_links":{"self":[{"href":"https:\/\/www.hoymercedes.com.ar\/principal\/wp-json\/wp\/v2\/posts\/161406","targetHints":{"allow":["GET"]}}],"collection":[{"href":"https:\/\/www.hoymercedes.com.ar\/principal\/wp-json\/wp\/v2\/posts"}],"about":[{"href":"https:\/\/www.hoymercedes.com.ar\/principal\/wp-json\/wp\/v2\/types\/post"}],"author":[{"embeddable":true,"href":"https:\/\/www.hoymercedes.com.ar\/principal\/wp-json\/wp\/v2\/users\/1"}],"replies":[{"embeddable":true,"href":"https:\/\/www.hoymercedes.com.ar\/principal\/wp-json\/wp\/v2\/comments?post=161406"}],"version-history":[{"count":0,"href":"https:\/\/www.hoymercedes.com.ar\/principal\/wp-json\/wp\/v2\/posts\/161406\/revisions"}],"wp:featuredmedia":[{"embeddable":true,"href":"https:\/\/www.hoymercedes.com.ar\/principal\/wp-json\/wp\/v2\/media\/161408"}],"wp:attachment":[{"href":"https:\/\/www.hoymercedes.com.ar\/principal\/wp-json\/wp\/v2\/media?parent=161406"}],"wp:term":[{"taxonomy":"category","embeddable":true,"href":"https:\/\/www.hoymercedes.com.ar\/principal\/wp-json\/wp\/v2\/categories?post=161406"},{"taxonomy":"post_tag","embeddable":true,"href":"https:\/\/www.hoymercedes.com.ar\/principal\/wp-json\/wp\/v2\/tags?post=161406"}],"curies":[{"name":"wp","href":"https:\/\/api.w.org\/{rel}","templated":true}]}}