{"id":161420,"date":"2023-04-26T16:22:00","date_gmt":"2023-04-26T19:22:00","guid":{"rendered":"https:\/\/www.hoymercedes.com.ar\/principal\/?p=161420"},"modified":"2023-04-26T15:34:18","modified_gmt":"2023-04-26T18:34:18","slug":"celebraron-los-12-anos-del-jardin-maternal-no2","status":"publish","type":"post","link":"https:\/\/www.hoymercedes.com.ar\/principal\/2023\/04\/26\/celebraron-los-12-anos-del-jardin-maternal-no2\/","title":{"rendered":"Celebraron los 12 a\u00f1os del Jard\u00edn Maternal N\u00ba2"},"content":{"rendered":"\n<p>El Jard\u00edn Maternal N\u00ba2 celebr\u00f3 sus doce a\u00f1os y lo hizo con toda su comunidad. Hubo festejos en turno ma\u00f1ana y tarde.<\/p>\n\n\n\n<p>Las celebraciones contaron con una gran participaci\u00f3n de las familias con las y los ni\u00f1os como protagonistas. Adem\u00e1s, se compartieron distintas actividades programadas por las docentes. &nbsp;<\/p>\n\n\n\n<p>El intendente Ustarroz felicit\u00f3 \u201ca todo el equipo de trabajo, docentes, personas comprometidas con el cuidado de las infancias, personas que con compromiso y dedicaci\u00f3n protegen lo mejor que tenemos, que es nuestra ni\u00f1ez\u201d <\/p>\n\n\n<div class=\"wp-block-image\">\n<figure class=\"aligncenter size-full\"><img loading=\"lazy\" decoding=\"async\" width=\"800\" height=\"532\" data-attachment-id=\"161421\" data-permalink=\"https:\/\/www.hoymercedes.com.ar\/principal\/2023\/04\/26\/celebraron-los-12-anos-del-jardin-maternal-no2\/fumo6l1xgaa6gch\/#main\" data-orig-file=\"https:\/\/www.hoymercedes.com.ar\/principal\/wp-content\/uploads\/2023\/04\/Fumo6l1XgAA6gch.jpg\" data-orig-size=\"800,532\" data-comments-opened=\"0\" data-image-meta=\"{&quot;aperture&quot;:&quot;0&quot;,&quot;credit&quot;:&quot;&quot;,&quot;camera&quot;:&quot;&quot;,&quot;caption&quot;:&quot;&quot;,&quot;created_timestamp&quot;:&quot;1682522542&quot;,&quot;copyright&quot;:&quot;&quot;,&quot;focal_length&quot;:&quot;0&quot;,&quot;iso&quot;:&quot;0&quot;,&quot;shutter_speed&quot;:&quot;0&quot;,&quot;title&quot;:&quot;&quot;,&quot;orientation&quot;:&quot;1&quot;}\" data-image-title=\"Fumo6l1XgAA6gch\" data-image-description=\"\" data-image-caption=\"\" data-large-file=\"https:\/\/www.hoymercedes.com.ar\/principal\/wp-content\/uploads\/2023\/04\/Fumo6l1XgAA6gch.jpg\" src=\"https:\/\/www.hoymercedes.com.ar\/principal\/wp-content\/uploads\/2023\/04\/Fumo6l1XgAA6gch.jpg\" alt=\"\" class=\"wp-image-161421\" srcset=\"https:\/\/www.hoymercedes.com.ar\/principal\/wp-content\/uploads\/2023\/04\/Fumo6l1XgAA6gch.jpg 800w, https:\/\/www.hoymercedes.com.ar\/principal\/wp-content\/uploads\/2023\/04\/Fumo6l1XgAA6gch-630x419.jpg 630w, https:\/\/www.hoymercedes.com.ar\/principal\/wp-content\/uploads\/2023\/04\/Fumo6l1XgAA6gch-150x100.jpg 150w, https:\/\/www.hoymercedes.com.ar\/principal\/wp-content\/uploads\/2023\/04\/Fumo6l1XgAA6gch-700x465.jpg 700w\" sizes=\"auto, (max-width: 800px) 100vw, 800px\" \/><\/figure>\n<\/div>","protected":false},"excerpt":{"rendered":"<p>El Jard\u00edn Maternal N\u00ba2 celebr\u00f3 sus doce a\u00f1os y lo hizo con toda su comunidad. Hubo festejos en turno ma\u00f1ana &#8230; <a title=\"Celebraron los 12 a\u00f1os del Jard\u00edn Maternal N\u00ba2\" class=\"read-more\" href=\"https:\/\/www.hoymercedes.com.ar\/principal\/2023\/04\/26\/celebraron-los-12-anos-del-jardin-maternal-no2\/\" aria-label=\"Leer m\u00e1s sobre Celebraron los 12 a\u00f1os del Jard\u00edn Maternal N\u00ba2\">Leer m\u00e1s<\/a><\/p>\n","protected":false},"author":1,"featured_media":161421,"comment_status":"closed","ping_status":"open","sticky":false,"template":"","format":"standard","meta":{"_monsterinsights_skip_tracking":false,"_monsterinsights_sitenote_active":false,"_monsterinsights_sitenote_note":"","_monsterinsights_sitenote_category":0,"jetpack_post_was_ever_published":false,"_jetpack_newsletter_access":"","_jetpack_dont_email_post_to_subs":false,"_jetpack_newsletter_tier_id":0,"_jetpack_memberships_contains_paywalled_content":false,"_jetpack_memberships_contains_paid_content":false,"footnotes":"","jetpack_publicize_message":"","jetpack_publicize_feature_enabled":true,"jetpack_social_post_already_shared":true,"jetpack_social_options":{"image_generator_settings":{"template":"highway","default_image_id":0,"font":"","enabled":false},"version":2},"_wpas_customize_per_network":false},"categories":[8],"tags":[],"class_list":["post-161420","post","type-post","status-publish","format-standard","has-post-thumbnail","hentry","category-sociedad","generate-columns","tablet-grid-50","mobile-grid-100","grid-parent","grid-50"],"jetpack_publicize_connections":[],"jetpack_featured_media_url":"https:\/\/www.hoymercedes.com.ar\/principal\/wp-content\/uploads\/2023\/04\/Fumo6l1XgAA6gch.jpg","wps_subtitle":"","jetpack_sharing_enabled":true,"_links":{"self":[{"href":"https:\/\/www.hoymercedes.com.ar\/principal\/wp-json\/wp\/v2\/posts\/161420","targetHints":{"allow":["GET"]}}],"collection":[{"href":"https:\/\/www.hoymercedes.com.ar\/principal\/wp-json\/wp\/v2\/posts"}],"about":[{"href":"https:\/\/www.hoymercedes.com.ar\/principal\/wp-json\/wp\/v2\/types\/post"}],"author":[{"embeddable":true,"href":"https:\/\/www.hoymercedes.com.ar\/principal\/wp-json\/wp\/v2\/users\/1"}],"replies":[{"embeddable":true,"href":"https:\/\/www.hoymercedes.com.ar\/principal\/wp-json\/wp\/v2\/comments?post=161420"}],"version-history":[{"count":0,"href":"https:\/\/www.hoymercedes.com.ar\/principal\/wp-json\/wp\/v2\/posts\/161420\/revisions"}],"wp:featuredmedia":[{"embeddable":true,"href":"https:\/\/www.hoymercedes.com.ar\/principal\/wp-json\/wp\/v2\/media\/161421"}],"wp:attachment":[{"href":"https:\/\/www.hoymercedes.com.ar\/principal\/wp-json\/wp\/v2\/media?parent=161420"}],"wp:term":[{"taxonomy":"category","embeddable":true,"href":"https:\/\/www.hoymercedes.com.ar\/principal\/wp-json\/wp\/v2\/categories?post=161420"},{"taxonomy":"post_tag","embeddable":true,"href":"https:\/\/www.hoymercedes.com.ar\/principal\/wp-json\/wp\/v2\/tags?post=161420"}],"curies":[{"name":"wp","href":"https:\/\/api.w.org\/{rel}","templated":true}]}}