{"id":161551,"date":"2023-04-29T14:32:05","date_gmt":"2023-04-29T17:32:05","guid":{"rendered":"https:\/\/www.hoymercedes.com.ar\/principal\/?p=161551"},"modified":"2023-04-29T14:39:32","modified_gmt":"2023-04-29T17:39:32","slug":"alejandro-molle-presento-nuevo-libro-de-la-inmigracion-en-mercedes","status":"publish","type":"post","link":"https:\/\/www.hoymercedes.com.ar\/principal\/2023\/04\/29\/alejandro-molle-presento-nuevo-libro-de-la-inmigracion-en-mercedes\/","title":{"rendered":"Alejandro Molle present\u00f3 nuevo libro de la inmigraci\u00f3n en Mercedes"},"content":{"rendered":"\n<p>Por Clarisa Altieri &#8211; En la tarde del \u00faltimo viernes, el Museo Hist\u00f3rico V\u00edctor M\u00edguez fue el escenario de la presentaci\u00f3n del libro \u00abNuevos Aportes a la Inmigraci\u00f3n en Mercedes\u00bb del historiador local Alejandro Francisco Molle. Acompa\u00f1ado por los profesores de Historia y Geograf\u00eda, Rogelio Zelaya y Jos\u00e9 Cestari, respectivaente, se llev\u00f3 adelante la presentaci\u00f3n de investigaci\u00f3n hist\u00f3rica que fue editada por la Comisi\u00f3n de Patrimonio CUNA. <\/p>\n\n\n\n<div class=\"wp-block-jetpack-slideshow aligncenter\" data-effect=\"slide\"><div class=\"wp-block-jetpack-slideshow_container swiper-container\"><ul class=\"wp-block-jetpack-slideshow_swiper-wrapper swiper-wrapper\"><li class=\"wp-block-jetpack-slideshow_slide swiper-slide\"><figure><img loading=\"lazy\" decoding=\"async\" width=\"533\" height=\"800\" alt=\"\" class=\"wp-block-jetpack-slideshow_image wp-image-161562\" data-id=\"161562\" src=\"https:\/\/www.hoymercedes.com.ar\/principal\/wp-content\/uploads\/2023\/04\/IMG_20230428_185853578.jpg\" srcset=\"https:\/\/www.hoymercedes.com.ar\/principal\/wp-content\/uploads\/2023\/04\/IMG_20230428_185853578.jpg 533w, https:\/\/www.hoymercedes.com.ar\/principal\/wp-content\/uploads\/2023\/04\/IMG_20230428_185853578-413x620.jpg 413w, https:\/\/www.hoymercedes.com.ar\/principal\/wp-content\/uploads\/2023\/04\/IMG_20230428_185853578-100x150.jpg 100w\" sizes=\"(max-width: 533px) 100vw, 533px\" \/><\/figure><\/li><li class=\"wp-block-jetpack-slideshow_slide swiper-slide\"><figure><img loading=\"lazy\" decoding=\"async\" width=\"800\" height=\"533\" alt=\"\" class=\"wp-block-jetpack-slideshow_image wp-image-161563\" data-id=\"161563\" src=\"https:\/\/www.hoymercedes.com.ar\/principal\/wp-content\/uploads\/2023\/04\/IMG_20230428_185725723_BURST000_COVER.jpg\" srcset=\"https:\/\/www.hoymercedes.com.ar\/principal\/wp-content\/uploads\/2023\/04\/IMG_20230428_185725723_BURST000_COVER.jpg 800w, https:\/\/www.hoymercedes.com.ar\/principal\/wp-content\/uploads\/2023\/04\/IMG_20230428_185725723_BURST000_COVER-630x420.jpg 630w, https:\/\/www.hoymercedes.com.ar\/principal\/wp-content\/uploads\/2023\/04\/IMG_20230428_185725723_BURST000_COVER-150x100.jpg 150w, https:\/\/www.hoymercedes.com.ar\/principal\/wp-content\/uploads\/2023\/04\/IMG_20230428_185725723_BURST000_COVER-700x465.jpg 700w\" sizes=\"(max-width: 800px) 100vw, 800px\" \/><\/figure><\/li><li class=\"wp-block-jetpack-slideshow_slide swiper-slide\"><figure><img loading=\"lazy\" decoding=\"async\" width=\"800\" height=\"533\" alt=\"\" class=\"wp-block-jetpack-slideshow_image wp-image-161564\" data-id=\"161564\" src=\"https:\/\/www.hoymercedes.com.ar\/principal\/wp-content\/uploads\/2023\/04\/IMG_20230428_185445794.jpg\" srcset=\"https:\/\/www.hoymercedes.com.ar\/principal\/wp-content\/uploads\/2023\/04\/IMG_20230428_185445794.jpg 800w, https:\/\/www.hoymercedes.com.ar\/principal\/wp-content\/uploads\/2023\/04\/IMG_20230428_185445794-630x420.jpg 630w, https:\/\/www.hoymercedes.com.ar\/principal\/wp-content\/uploads\/2023\/04\/IMG_20230428_185445794-150x100.jpg 150w, https:\/\/www.hoymercedes.com.ar\/principal\/wp-content\/uploads\/2023\/04\/IMG_20230428_185445794-700x465.jpg 700w\" sizes=\"(max-width: 800px) 100vw, 800px\" \/><\/figure><\/li><li class=\"wp-block-jetpack-slideshow_slide swiper-slide\"><figure><img loading=\"lazy\" decoding=\"async\" width=\"800\" height=\"533\" alt=\"\" class=\"wp-block-jetpack-slideshow_image wp-image-161565\" data-id=\"161565\" src=\"https:\/\/www.hoymercedes.com.ar\/principal\/wp-content\/uploads\/2023\/04\/IMG_20230428_185014518_HDR.jpg\" srcset=\"https:\/\/www.hoymercedes.com.ar\/principal\/wp-content\/uploads\/2023\/04\/IMG_20230428_185014518_HDR.jpg 800w, https:\/\/www.hoymercedes.com.ar\/principal\/wp-content\/uploads\/2023\/04\/IMG_20230428_185014518_HDR-630x420.jpg 630w, https:\/\/www.hoymercedes.com.ar\/principal\/wp-content\/uploads\/2023\/04\/IMG_20230428_185014518_HDR-150x100.jpg 150w, https:\/\/www.hoymercedes.com.ar\/principal\/wp-content\/uploads\/2023\/04\/IMG_20230428_185014518_HDR-700x465.jpg 700w\" sizes=\"(max-width: 800px) 100vw, 800px\" \/><\/figure><\/li><li class=\"wp-block-jetpack-slideshow_slide swiper-slide\"><figure><img loading=\"lazy\" decoding=\"async\" width=\"800\" height=\"533\" alt=\"\" class=\"wp-block-jetpack-slideshow_image wp-image-161566\" data-id=\"161566\" src=\"https:\/\/www.hoymercedes.com.ar\/principal\/wp-content\/uploads\/2023\/04\/IMG_20230428_184233093_BURST000_COVER.jpg\" srcset=\"https:\/\/www.hoymercedes.com.ar\/principal\/wp-content\/uploads\/2023\/04\/IMG_20230428_184233093_BURST000_COVER.jpg 800w, https:\/\/www.hoymercedes.com.ar\/principal\/wp-content\/uploads\/2023\/04\/IMG_20230428_184233093_BURST000_COVER-630x420.jpg 630w, https:\/\/www.hoymercedes.com.ar\/principal\/wp-content\/uploads\/2023\/04\/IMG_20230428_184233093_BURST000_COVER-150x100.jpg 150w, https:\/\/www.hoymercedes.com.ar\/principal\/wp-content\/uploads\/2023\/04\/IMG_20230428_184233093_BURST000_COVER-700x465.jpg 700w\" sizes=\"(max-width: 800px) 100vw, 800px\" \/><\/figure><\/li><li class=\"wp-block-jetpack-slideshow_slide swiper-slide\"><figure><img loading=\"lazy\" decoding=\"async\" width=\"800\" height=\"533\" alt=\"\" class=\"wp-block-jetpack-slideshow_image wp-image-161567\" data-id=\"161567\" src=\"https:\/\/www.hoymercedes.com.ar\/principal\/wp-content\/uploads\/2023\/04\/IMG_20230428_181845349_HDR.jpg\" srcset=\"https:\/\/www.hoymercedes.com.ar\/principal\/wp-content\/uploads\/2023\/04\/IMG_20230428_181845349_HDR.jpg 800w, https:\/\/www.hoymercedes.com.ar\/principal\/wp-content\/uploads\/2023\/04\/IMG_20230428_181845349_HDR-630x420.jpg 630w, https:\/\/www.hoymercedes.com.ar\/principal\/wp-content\/uploads\/2023\/04\/IMG_20230428_181845349_HDR-150x100.jpg 150w, https:\/\/www.hoymercedes.com.ar\/principal\/wp-content\/uploads\/2023\/04\/IMG_20230428_181845349_HDR-700x465.jpg 700w\" sizes=\"(max-width: 800px) 100vw, 800px\" \/><\/figure><\/li><li class=\"wp-block-jetpack-slideshow_slide swiper-slide\"><figure><img loading=\"lazy\" decoding=\"async\" width=\"800\" height=\"450\" alt=\"\" class=\"wp-block-jetpack-slideshow_image wp-image-161568\" data-id=\"161568\" src=\"https:\/\/www.hoymercedes.com.ar\/principal\/wp-content\/uploads\/2023\/04\/IMG_20230428_181837531_HDR.jpg\" srcset=\"https:\/\/www.hoymercedes.com.ar\/principal\/wp-content\/uploads\/2023\/04\/IMG_20230428_181837531_HDR.jpg 800w, https:\/\/www.hoymercedes.com.ar\/principal\/wp-content\/uploads\/2023\/04\/IMG_20230428_181837531_HDR-630x354.jpg 630w, https:\/\/www.hoymercedes.com.ar\/principal\/wp-content\/uploads\/2023\/04\/IMG_20230428_181837531_HDR-150x84.jpg 150w\" sizes=\"(max-width: 800px) 100vw, 800px\" \/><\/figure><\/li><\/ul><a class=\"wp-block-jetpack-slideshow_button-prev swiper-button-prev swiper-button-white\" role=\"button\"><\/a><a class=\"wp-block-jetpack-slideshow_button-next swiper-button-next swiper-button-white\" role=\"button\"><\/a><a aria-label=\"Pause Slideshow\" class=\"wp-block-jetpack-slideshow_button-pause\" role=\"button\"><\/a><div class=\"wp-block-jetpack-slideshow_pagination swiper-pagination swiper-pagination-white\"><\/div><\/div><\/div>\n\n\n\n<p>Con la presencia de amigos, familiares y vecinos interesados en la historia de la ciudad y descendientes de imnigrantes de distintos lugares del mundo, Alejandro Molle present\u00f3 su libro en la sala central del Museo M\u00edguez. No fue \u00e9l qui\u00e9n contase y resumiese su texto, sino que fueron el Licenciado en Historia Rogelio Zelaya y el Licenciado en Geograf\u00eda Jos\u00e9 Cestari, los que destacaron los aspectos hist\u00f3ricos y geogr\u00e1ficos de los inmigrantes llegados a Mercedes desde finales del siglo XIX. <\/p>\n\n\n\n<p>En primer t\u00e9rmino fue M\u00f3nica Brown la que dio la bienvenida a los presentes en nombre de la Comisi\u00f3n de Patrimonio CUNA. Para luego cederle la palabra al Profesor Zelaya que resalt\u00f3 la trayectoria de Molle como investigador e historiados. \u00abEl Lic. en Historia Rogelio Zelaya inici\u00f3 su charla recordando sus primeros encuentros con Alejandro y resaltando la trayectoria del autor y el texto que se presentaba. <\/p>\n\n\n\n<p>\u00abEl libro demuestra que no es solamente un libro acad\u00e9mico, ya que tambi\u00e9n es un libro costumbrista, que va a servir a todos los que quieran saber de Mercedes\u201d, destac\u00f3 el licenciado en historia que record\u00f3 a muchos de los vecinos inmigrantes nombrados en el libro que \u00e9l conoci\u00f3 en su tarea como docente y responsable de Bibliotecas locales. <\/p>\n\n\n\n<p>Por su parte, Jos\u00e9 Cestari destac\u00f3 la lectura atrapante que invita el libro. A su vez, desarrolla los distintos espacios geogr\u00e1ficos que fueron ocupando los inmigrantes y que en la actualidad muchos de sus descendientes caminan por las calles de la ciudad. \u00abUno puede indagar diferentes espacios geogr\u00e1ficos que va\u00a0 mencionando, aunque no tenga un mapa. Todos estos inmigrantes vinieron con much\u00edsimas dificultades y salieron adelante, ten\u00edan valores de la cultura del trabajo y eso lo destaca Alejandro\u201d, agreg\u00f3 Cestari.<\/p>\n\n\n\n<p>La emoci\u00f3n de Alejandro Molle contagi\u00f3 a los presentes. Agradeci\u00f3 a Zelaya y a Cestari, pero tambi\u00e9n a la Comisi\u00f3n de Patrimonio CUNA. Tambi\u00e9n resalt\u00f3 que \u00e9ste podr\u00eda ser su \u00faltimo libro ya que su problema en la vista le impide lee m\u00e1s all\u00e1 de los t\u00edtulos de los diarios y por lo tanto se le dificulta la investigaci\u00f3n. Al finalizar, con una notable emoci\u00f3n coment\u00f3: \u201cQuiero agradecer a mi esposa que me aguanta. Nada m\u00e1s\u201d.<\/p>\n\n\n\n<p>Finalmente, el presidente de CUNA, el Arq. Miguel F\u00e9lix Brady, remarc\u00f3 la importancia que \u201cAlejandro haya confiado en la Comisi\u00f3n para publicar su obra\u201d para por \u00faltimo, agradecer a las autoridades municipales por el aporte monetario que permiti\u00f3 la impresi\u00f3n del libro para ser distribuido de manera gratuita a los interesados en tener una copia. <\/p>\n\n\n\n<p>Alejandro Molle, emocionado y agradecido, se tom\u00f3 unos minutos para firmar cada uno de los ejemplares. Los dedic\u00f3 de manera personal a todos los presentes con dedicaci\u00f3n y paciencia. <\/p>\n\n\n\n<p>Colaboraci\u00f3n Comisi\u00f3n de Patrimonio CUNA<\/p>\n","protected":false},"excerpt":{"rendered":"<p>Por Clarisa Altieri &#8211; En la tarde del \u00faltimo viernes, el Museo Hist\u00f3rico V\u00edctor M\u00edguez fue el escenario de la &#8230; <a title=\"Alejandro Molle present\u00f3 nuevo libro de la inmigraci\u00f3n en Mercedes\" class=\"read-more\" href=\"https:\/\/www.hoymercedes.com.ar\/principal\/2023\/04\/29\/alejandro-molle-presento-nuevo-libro-de-la-inmigracion-en-mercedes\/\" aria-label=\"Leer m\u00e1s sobre Alejandro Molle present\u00f3 nuevo libro de la inmigraci\u00f3n en Mercedes\">Leer m\u00e1s<\/a><\/p>\n","protected":false},"author":1,"featured_media":161566,"comment_status":"closed","ping_status":"open","sticky":false,"template":"","format":"standard","meta":{"_monsterinsights_skip_tracking":false,"_monsterinsights_sitenote_active":false,"_monsterinsights_sitenote_note":"","_monsterinsights_sitenote_category":0,"jetpack_post_was_ever_published":false,"_jetpack_newsletter_access":"","_jetpack_dont_email_post_to_subs":false,"_jetpack_newsletter_tier_id":0,"_jetpack_memberships_contains_paywalled_content":false,"_jetpack_memberships_contains_paid_content":false,"footnotes":"","jetpack_publicize_message":"","jetpack_publicize_feature_enabled":true,"jetpack_social_post_already_shared":true,"jetpack_social_options":{"image_generator_settings":{"template":"highway","default_image_id":0,"font":"","enabled":false},"version":2},"_wpas_customize_per_network":false},"categories":[104],"tags":[7805],"class_list":["post-161551","post","type-post","status-publish","format-standard","has-post-thumbnail","hentry","category-cultura","tag-cultura","generate-columns","tablet-grid-50","mobile-grid-100","grid-parent","grid-50"],"jetpack_publicize_connections":[],"jetpack_featured_media_url":"https:\/\/www.hoymercedes.com.ar\/principal\/wp-content\/uploads\/2023\/04\/IMG_20230428_184233093_BURST000_COVER.jpg","wps_subtitle":"","jetpack_sharing_enabled":true,"_links":{"self":[{"href":"https:\/\/www.hoymercedes.com.ar\/principal\/wp-json\/wp\/v2\/posts\/161551","targetHints":{"allow":["GET"]}}],"collection":[{"href":"https:\/\/www.hoymercedes.com.ar\/principal\/wp-json\/wp\/v2\/posts"}],"about":[{"href":"https:\/\/www.hoymercedes.com.ar\/principal\/wp-json\/wp\/v2\/types\/post"}],"author":[{"embeddable":true,"href":"https:\/\/www.hoymercedes.com.ar\/principal\/wp-json\/wp\/v2\/users\/1"}],"replies":[{"embeddable":true,"href":"https:\/\/www.hoymercedes.com.ar\/principal\/wp-json\/wp\/v2\/comments?post=161551"}],"version-history":[{"count":0,"href":"https:\/\/www.hoymercedes.com.ar\/principal\/wp-json\/wp\/v2\/posts\/161551\/revisions"}],"wp:featuredmedia":[{"embeddable":true,"href":"https:\/\/www.hoymercedes.com.ar\/principal\/wp-json\/wp\/v2\/media\/161566"}],"wp:attachment":[{"href":"https:\/\/www.hoymercedes.com.ar\/principal\/wp-json\/wp\/v2\/media?parent=161551"}],"wp:term":[{"taxonomy":"category","embeddable":true,"href":"https:\/\/www.hoymercedes.com.ar\/principal\/wp-json\/wp\/v2\/categories?post=161551"},{"taxonomy":"post_tag","embeddable":true,"href":"https:\/\/www.hoymercedes.com.ar\/principal\/wp-json\/wp\/v2\/tags?post=161551"}],"curies":[{"name":"wp","href":"https:\/\/api.w.org\/{rel}","templated":true}]}}