{"id":161588,"date":"2023-04-29T21:05:31","date_gmt":"2023-04-30T00:05:31","guid":{"rendered":"https:\/\/www.hoymercedes.com.ar\/principal\/?p=161588"},"modified":"2023-04-29T21:05:47","modified_gmt":"2023-04-30T00:05:47","slug":"un-detenido-por-el-robo-de-un-camion","status":"publish","type":"post","link":"https:\/\/www.hoymercedes.com.ar\/principal\/2023\/04\/29\/un-detenido-por-el-robo-de-un-camion\/","title":{"rendered":"Un detenido por el robo de un cami\u00f3n"},"content":{"rendered":"\n<p>En las primeras horas del pasado lunes 24 del corriente, robaron un cami\u00f3n de un galp\u00f3n de acceso p\u00fablico en cercan\u00edas al cruce de rutas 5 y 41, kil\u00f3metro 96, en la localidad de Mercedes.<\/p>\n\n\n\n<p>De acuerdo a lo que pudo conocerse, al menos dos sujetos (uno de ellos logr\u00f3 ser identificado y detenido) arribaron abordo de un autom\u00f3vil Volkswagen Vento a un galp\u00f3n de acceso p\u00fablico ubicado en cercan\u00edas al cruce de rutas 5 y 41, kil\u00f3metro 96, de la ciudad de Mercedes.<\/p>\n\n\n\n<p>All\u00ed hab\u00eda dos camiones estacionados, e intentaron hacerse ileg\u00edtimamente de uno de ellos sin lograr consumarla sustracci\u00f3n ya que no lograron darle arranque. En tanto, s\u00ed lo hicieron con un cami\u00f3n Scania, tras emplear la fuerza e ingresar al habit\u00e1culo. Lograron encenderlo y utilizando tanto el cami\u00f3n como el autom\u00f3vil se retiraron de la zona por ruta 41.<\/p>\n\n\n\n<p>Tras la correspondiente denuncia tom\u00f3 intervenci\u00f3n la Unidad Funcional de Instrucci\u00f3n N\u00ba4 del Departamento Judicial Mercedes &#8211; a cargo del dr. Lisandro Mass\u00f3n -.<\/p>\n\n\n\n<p>Una vez reunidos una serie de elementos probatorios, y habiendo identificado el autom\u00f3vil, el agente fiscal-en el marco de las facultades que le son propias &#8211; orden\u00f3 la realizaci\u00f3n de un allanamiento el martes \u00faltimo en la localidad de Monte Chingolo.<\/p>\n\n\n\n<p>El imputado (un hombre de 56 a\u00f1os, oriundo de Lan\u00fas) compareci\u00f3 ante el agente fiscal en el marco de la audiencia de declaraci\u00f3n en los t\u00e9rminos del art. 308 del C\u00f3digo Procesal Penal en la jornada de este mi\u00e9rcoles 26 del corriente. Fue por el delito de \u201cRobo agravado por tratarse de un veh\u00edculo dejado en unlugar de acceso p\u00fablico y robo agravado por tratarse de un veh\u00edculo dejado en un lugar de acceso p\u00fablico en tentativa, en concurso real entre s\u00ed\u201d e hizo uso de su derecho de negarse a declarar.<\/p>\n\n\n\n<p>Posteriormente, el fiscal solicit\u00f3 por ante el Juzgado de Garant\u00edas N\u00b03 -a cargo del Dr. Patricio Arrieta &#8211; se avalen las medidas adoptadas y se convierta la aprehensi\u00f3n en detenci\u00f3n.<\/p>\n\n\n\n<p><\/p>\n","protected":false},"excerpt":{"rendered":"<p>En las primeras horas del pasado lunes 24 del corriente, robaron un cami\u00f3n de un galp\u00f3n de acceso p\u00fablico en &#8230; <a title=\"Un detenido por el robo de un cami\u00f3n\" class=\"read-more\" href=\"https:\/\/www.hoymercedes.com.ar\/principal\/2023\/04\/29\/un-detenido-por-el-robo-de-un-camion\/\" aria-label=\"Leer m\u00e1s sobre Un detenido por el robo de un cami\u00f3n\">Leer m\u00e1s<\/a><\/p>\n","protected":false},"author":1,"featured_media":127982,"comment_status":"closed","ping_status":"open","sticky":false,"template":"","format":"standard","meta":{"_monsterinsights_skip_tracking":false,"_monsterinsights_sitenote_active":false,"_monsterinsights_sitenote_note":"","_monsterinsights_sitenote_category":0,"jetpack_post_was_ever_published":false,"_jetpack_newsletter_access":"","_jetpack_dont_email_post_to_subs":false,"_jetpack_newsletter_tier_id":0,"_jetpack_memberships_contains_paywalled_content":false,"_jetpack_memberships_contains_paid_content":false,"footnotes":"","jetpack_publicize_message":"","jetpack_publicize_feature_enabled":true,"jetpack_social_post_already_shared":true,"jetpack_social_options":{"image_generator_settings":{"template":"highway","default_image_id":0,"font":"","enabled":false},"version":2},"_wpas_customize_per_network":false},"categories":[85],"tags":[],"class_list":["post-161588","post","type-post","status-publish","format-standard","has-post-thumbnail","hentry","category-policial","generate-columns","tablet-grid-50","mobile-grid-100","grid-parent","grid-50"],"jetpack_publicize_connections":[],"jetpack_featured_media_url":"https:\/\/www.hoymercedes.com.ar\/principal\/wp-content\/uploads\/2021\/04\/PoliciaComual.jpg","wps_subtitle":"","jetpack_sharing_enabled":true,"_links":{"self":[{"href":"https:\/\/www.hoymercedes.com.ar\/principal\/wp-json\/wp\/v2\/posts\/161588","targetHints":{"allow":["GET"]}}],"collection":[{"href":"https:\/\/www.hoymercedes.com.ar\/principal\/wp-json\/wp\/v2\/posts"}],"about":[{"href":"https:\/\/www.hoymercedes.com.ar\/principal\/wp-json\/wp\/v2\/types\/post"}],"author":[{"embeddable":true,"href":"https:\/\/www.hoymercedes.com.ar\/principal\/wp-json\/wp\/v2\/users\/1"}],"replies":[{"embeddable":true,"href":"https:\/\/www.hoymercedes.com.ar\/principal\/wp-json\/wp\/v2\/comments?post=161588"}],"version-history":[{"count":0,"href":"https:\/\/www.hoymercedes.com.ar\/principal\/wp-json\/wp\/v2\/posts\/161588\/revisions"}],"wp:featuredmedia":[{"embeddable":true,"href":"https:\/\/www.hoymercedes.com.ar\/principal\/wp-json\/wp\/v2\/media\/127982"}],"wp:attachment":[{"href":"https:\/\/www.hoymercedes.com.ar\/principal\/wp-json\/wp\/v2\/media?parent=161588"}],"wp:term":[{"taxonomy":"category","embeddable":true,"href":"https:\/\/www.hoymercedes.com.ar\/principal\/wp-json\/wp\/v2\/categories?post=161588"},{"taxonomy":"post_tag","embeddable":true,"href":"https:\/\/www.hoymercedes.com.ar\/principal\/wp-json\/wp\/v2\/tags?post=161588"}],"curies":[{"name":"wp","href":"https:\/\/api.w.org\/{rel}","templated":true}]}}