{"id":161606,"date":"2023-04-30T20:30:38","date_gmt":"2023-04-30T23:30:38","guid":{"rendered":"https:\/\/www.hoymercedes.com.ar\/principal\/?p=161606"},"modified":"2023-04-30T20:30:41","modified_gmt":"2023-04-30T23:30:41","slug":"inauguran-nuevo-jardin-primera-infancia-y-centro-comunitario-en-bo-eva-duarte","status":"publish","type":"post","link":"https:\/\/www.hoymercedes.com.ar\/principal\/2023\/04\/30\/inauguran-nuevo-jardin-primera-infancia-y-centro-comunitario-en-bo-eva-duarte\/","title":{"rendered":"Inauguran nuevo Jard\u00edn Primera Infancia y Centro Comunitario en B\u00ba Eva Duarte"},"content":{"rendered":"\n<figure class=\"wp-block-image size-large\"><img loading=\"lazy\" decoding=\"async\" width=\"1024\" height=\"682\" data-attachment-id=\"161607\" data-permalink=\"https:\/\/www.hoymercedes.com.ar\/principal\/2023\/04\/30\/inauguran-nuevo-jardin-primera-infancia-y-centro-comunitario-en-bo-eva-duarte\/dsc06395\/#main\" data-orig-file=\"https:\/\/www.hoymercedes.com.ar\/principal\/wp-content\/uploads\/2023\/04\/DSC06395.jpg\" data-orig-size=\"1319,879\" data-comments-opened=\"0\" data-image-meta=\"{&quot;aperture&quot;:&quot;0&quot;,&quot;credit&quot;:&quot;seba_avila_1&quot;,&quot;camera&quot;:&quot;&quot;,&quot;caption&quot;:&quot;&quot;,&quot;created_timestamp&quot;:&quot;0&quot;,&quot;copyright&quot;:&quot;&quot;,&quot;focal_length&quot;:&quot;0&quot;,&quot;iso&quot;:&quot;0&quot;,&quot;shutter_speed&quot;:&quot;0&quot;,&quot;title&quot;:&quot;&quot;,&quot;orientation&quot;:&quot;0&quot;}\" data-image-title=\"DSC06395\" data-image-description=\"\" data-image-caption=\"\" data-large-file=\"https:\/\/www.hoymercedes.com.ar\/principal\/wp-content\/uploads\/2023\/04\/DSC06395-1024x682.jpg\" src=\"https:\/\/www.hoymercedes.com.ar\/principal\/wp-content\/uploads\/2023\/04\/DSC06395-1024x682.jpg\" alt=\"\" class=\"wp-image-161607\" srcset=\"https:\/\/www.hoymercedes.com.ar\/principal\/wp-content\/uploads\/2023\/04\/DSC06395-1024x682.jpg 1024w, https:\/\/www.hoymercedes.com.ar\/principal\/wp-content\/uploads\/2023\/04\/DSC06395-630x420.jpg 630w, https:\/\/www.hoymercedes.com.ar\/principal\/wp-content\/uploads\/2023\/04\/DSC06395-150x100.jpg 150w, https:\/\/www.hoymercedes.com.ar\/principal\/wp-content\/uploads\/2023\/04\/DSC06395-700x465.jpg 700w, https:\/\/www.hoymercedes.com.ar\/principal\/wp-content\/uploads\/2023\/04\/DSC06395.jpg 1319w\" sizes=\"auto, (max-width: 1024px) 100vw, 1024px\" \/><\/figure>\n\n\n\n<p>Con las y los vecinos como protagonistas se llev\u00f3 a cabo la inauguraci\u00f3n del <strong>Centro Comunitario<\/strong> y <strong>Jard\u00edn Espacio Primera Infancia<\/strong> del barrio Eva Duarte. Fue una obra realizada entre la barriada, la Municipalidad y la Provincia. Ahora all\u00ed funciona un nuevo Jard\u00edn y un espacio para el uso vecinal muy lindo, c\u00f3modo y amplio. Hubo expresiones de felicidad por este \u201csue\u00f1o cumplido\u201d para quienes durante a\u00f1os trabajaron para contar con el edificio.<\/p>\n\n\n\n<p><strong>Historia<\/strong><\/p>\n\n\n\n<p>La obra hab\u00eda sido hace alg\u00fan tiempo iniciada por las y los vecinos y la comisi\u00f3n de la sociedad de fomento. Diversas dificultades hicieron que no pudiese terminarte. Ellos mismo contaron que ten\u00edan como modelo lo realizado, solidariamente, en \u201cLos Pampitas\u201d del Marchetti. Con una buena parte de las paredes levantadas en el predio lindero a una plaza el municipio intervino con financiamiento de la provincia y el impulso de las secretar\u00edas de Desarrollo de la Comunidad y Obras P\u00fablicas se logr\u00f3 terminar de levantar el edificio, techar, crear las distintas dependencias internas y finalmente constituir un Jard\u00edn Espacio Primera Infancia y un Centro Comunitario de primera calidad en calle 54 y 5.<\/p>\n\n\n\n<p><strong>Centro Comunitario<\/strong><\/p>\n\n\n\n<p><strong>Jorgelina Silva<\/strong>, secretaria de desarrollo de la comunidad, expres\u00f3 que \u201cestamos en la apertura de este <strong>centro comunitario<\/strong> del barrio Eva Duarte, que no es como cualquier otro porque tiene una particularidad que es traer una historia de este barrio\u201d mencion\u00f3 y profundiz\u00f3 \u201ctiene que ver con vecinos y vecinas que empezaron a construirlo hace muchos a\u00f1os atr\u00e1s. Nosotros hoy estamos presentando lo que es la obra finalizada\u201d y el inicio del Jard\u00edn Espacio Primera Infancia y actividades pedag\u00f3gicas, recreativas, culturales y sanitarias que se empiezan a programar.<\/p>\n\n\n\n<figure class=\"wp-block-image size-large\"><img loading=\"lazy\" decoding=\"async\" width=\"1024\" height=\"682\" data-attachment-id=\"161609\" data-permalink=\"https:\/\/www.hoymercedes.com.ar\/principal\/2023\/04\/30\/inauguran-nuevo-jardin-primera-infancia-y-centro-comunitario-en-bo-eva-duarte\/dsc06375\/#main\" data-orig-file=\"https:\/\/www.hoymercedes.com.ar\/principal\/wp-content\/uploads\/2023\/04\/DSC06375.jpg\" data-orig-size=\"1319,879\" data-comments-opened=\"0\" data-image-meta=\"{&quot;aperture&quot;:&quot;0&quot;,&quot;credit&quot;:&quot;seba_avila_1&quot;,&quot;camera&quot;:&quot;&quot;,&quot;caption&quot;:&quot;&quot;,&quot;created_timestamp&quot;:&quot;0&quot;,&quot;copyright&quot;:&quot;&quot;,&quot;focal_length&quot;:&quot;0&quot;,&quot;iso&quot;:&quot;0&quot;,&quot;shutter_speed&quot;:&quot;0&quot;,&quot;title&quot;:&quot;&quot;,&quot;orientation&quot;:&quot;0&quot;}\" data-image-title=\"DSC06375\" data-image-description=\"\" data-image-caption=\"\" data-large-file=\"https:\/\/www.hoymercedes.com.ar\/principal\/wp-content\/uploads\/2023\/04\/DSC06375-1024x682.jpg\" src=\"https:\/\/www.hoymercedes.com.ar\/principal\/wp-content\/uploads\/2023\/04\/DSC06375-1024x682.jpg\" alt=\"\" class=\"wp-image-161609\" srcset=\"https:\/\/www.hoymercedes.com.ar\/principal\/wp-content\/uploads\/2023\/04\/DSC06375-1024x682.jpg 1024w, https:\/\/www.hoymercedes.com.ar\/principal\/wp-content\/uploads\/2023\/04\/DSC06375-630x420.jpg 630w, https:\/\/www.hoymercedes.com.ar\/principal\/wp-content\/uploads\/2023\/04\/DSC06375-150x100.jpg 150w, https:\/\/www.hoymercedes.com.ar\/principal\/wp-content\/uploads\/2023\/04\/DSC06375-700x465.jpg 700w, https:\/\/www.hoymercedes.com.ar\/principal\/wp-content\/uploads\/2023\/04\/DSC06375.jpg 1319w\" sizes=\"auto, (max-width: 1024px) 100vw, 1024px\" \/><\/figure>\n\n\n\n<p>Tambi\u00e9n reconoci\u00f3 \u201ca trav\u00e9s del Pata a tantos vecinos y vecinas que dedicaron tiempo, esfuerzo y compromiso por este sue\u00f1o que es de ellas y ellos, para su comunidad\u201d y luego cont\u00f3 que estaban las paredes levantadas y que con gestiones ante provincia se pudieron obtener fondos y concluir el edificio que hoy ya es parte de la barriada y para su comunidad. \u201cY finalmente conseguimos el financiamiento de parte de la Provincia de Buenos Aires de nuestro gobernador <strong>Axel Kicillof,<\/strong> que fue el que nos acompa\u00f1\u00f3 para poder terminar esta obra\u201d dijo la funcionaria.<\/p>\n\n\n\n<p><strong>Comunidad<\/strong><\/p>\n\n\n\n<p><strong>Gustavo \u201cPatita\u201d Morales<\/strong>, vecino del lugar e hist\u00f3rico impulsor del proyect\u00f3 cont\u00f3 la g\u00e9nesis del mismo. Narr\u00f3 que \u201cvecinos y vecinas ven\u00edamos ac\u00e1, despu\u00e9s de trabajar, a pegar ladrillo por ladrillo, a hacer los cimientos, con el apoyo de Juani, con esfuerzo de la sociedad de fomento, haciendo polladas, vendiendo empanadas, rifas, todo con el sue\u00f1o de hacer algo ac\u00e1 como se hab\u00eda hecho en Los Pampitas\u201d expres\u00f3 y dijo \u201cse nos hac\u00eda muy dif\u00edcil, pero la idea fue pensado como un espacio para que la gente venga ac\u00e1, que tenga un lugar para reunirse, para cumplir los 15, para fiestas, para lo que necesite el barrio y hoy se cumpli\u00f3\u201d y mencion\u00f3 \u201c yo paso todas las ma\u00f1anas por ac\u00e1 y veo ni\u00f1os chiquitos y ese es mi granito de arena en esta vida\u201d, dijo emocionando a los presentes y mencion\u00f3 uno a uno los integrantes de la comisi\u00f3n directiva de aquellos a\u00f1os de esfuerzo Adriana Vaca, Mar\u00eda Jos\u00e9 Soto, Rita Silva, Ezequiel Barcos, Claudio Torres, Juan Maseo, Claudio Cabral, Josef\u00edna Fern\u00e1ndez, Alejandra Mart\u00edn, Luli Carabajal, Rosa C\u00e1ceres, Estela Viale, Diego Ascenso, quien tom\u00f3 la palabra, Gustavo Morales y a Chocho que ya no est\u00e1 con nosotros record\u00f3 para luego agradecer a \u201cJuani por el apoyo para cumplir este sue\u00f1o\u201d.<\/p>\n\n\n\n<figure class=\"wp-block-image size-large\"><img loading=\"lazy\" decoding=\"async\" width=\"1024\" height=\"682\" data-attachment-id=\"161610\" data-permalink=\"https:\/\/www.hoymercedes.com.ar\/principal\/2023\/04\/30\/inauguran-nuevo-jardin-primera-infancia-y-centro-comunitario-en-bo-eva-duarte\/dsc06430\/#main\" data-orig-file=\"https:\/\/www.hoymercedes.com.ar\/principal\/wp-content\/uploads\/2023\/04\/DSC06430.jpg\" data-orig-size=\"1319,879\" data-comments-opened=\"0\" data-image-meta=\"{&quot;aperture&quot;:&quot;0&quot;,&quot;credit&quot;:&quot;seba_avila_1&quot;,&quot;camera&quot;:&quot;&quot;,&quot;caption&quot;:&quot;&quot;,&quot;created_timestamp&quot;:&quot;0&quot;,&quot;copyright&quot;:&quot;&quot;,&quot;focal_length&quot;:&quot;0&quot;,&quot;iso&quot;:&quot;0&quot;,&quot;shutter_speed&quot;:&quot;0&quot;,&quot;title&quot;:&quot;&quot;,&quot;orientation&quot;:&quot;0&quot;}\" data-image-title=\"DSC06430\" data-image-description=\"\" data-image-caption=\"\" data-large-file=\"https:\/\/www.hoymercedes.com.ar\/principal\/wp-content\/uploads\/2023\/04\/DSC06430-1024x682.jpg\" src=\"https:\/\/www.hoymercedes.com.ar\/principal\/wp-content\/uploads\/2023\/04\/DSC06430-1024x682.jpg\" alt=\"\" class=\"wp-image-161610\" srcset=\"https:\/\/www.hoymercedes.com.ar\/principal\/wp-content\/uploads\/2023\/04\/DSC06430-1024x682.jpg 1024w, https:\/\/www.hoymercedes.com.ar\/principal\/wp-content\/uploads\/2023\/04\/DSC06430-630x420.jpg 630w, https:\/\/www.hoymercedes.com.ar\/principal\/wp-content\/uploads\/2023\/04\/DSC06430-150x100.jpg 150w, https:\/\/www.hoymercedes.com.ar\/principal\/wp-content\/uploads\/2023\/04\/DSC06430-700x465.jpg 700w, https:\/\/www.hoymercedes.com.ar\/principal\/wp-content\/uploads\/2023\/04\/DSC06430.jpg 1319w\" sizes=\"auto, (max-width: 1024px) 100vw, 1024px\" \/><\/figure>\n\n\n\n<p><strong>Unidad<\/strong><\/p>\n\n\n\n<p>El jefe comunal <strong>Ustarroz<\/strong> destac\u00f3 que \u201clo que nos cont\u00f3 Patita es real. Esto nace de un gran esfuerzo de las y los vecinos, de su dedicaci\u00f3n, de su solidaridad\u201d mencion\u00f3 y dijo \u201cde los que pusieron ladrillos, de los que compraron solidariamente, de todas y todos\u201d.<\/p>\n\n\n\n<p>Sobre el nuevo Jard\u00edn Espacio Primera Infancia record\u00f3 que \u201csiempre digo lo mismo, pero es que si en el Barrio San Mart\u00edn, donde empez\u00f3 a funcionar el primer espacio de primera infancia hubiese sido llevado adelante por gente sin compromisos, sin ganas, la verdad es que no hubi\u00e9semos seguido haciendo otros y ahora tenemos esta alegr\u00eda con la apertura de uno m\u00e1s para el cuidado de lo m\u00e1s importante que tenemos, que es la ni\u00f1ez\u201d manifest\u00f3.<\/p>\n\n\n\n<p>Volvi\u00f3 a destacar el rol de las y los vecinos donde \u201csi el Pata y toda la comisi\u00f3n no hubiese arrancado, es probable que ac\u00e1 no tendr\u00edamos nada\u201d y\u00a0 \u201csi vamos por este camino, si nos unimos por lo importante que es la ni\u00f1ez, yo no tengo la menor duda que como sociedad y como personas vamos a crecer y vamos a desarrollar una ciudad que nos pueda hacer sentir a todos y todos muy, pero muy orgullosos del pueblo que tenemos\u201d coment\u00f3.<\/p>\n\n\n\n<figure class=\"wp-block-image size-large\"><img loading=\"lazy\" decoding=\"async\" width=\"1024\" height=\"769\" data-attachment-id=\"161612\" data-permalink=\"https:\/\/www.hoymercedes.com.ar\/principal\/2023\/04\/30\/inauguran-nuevo-jardin-primera-infancia-y-centro-comunitario-en-bo-eva-duarte\/img_3005\/#main\" data-orig-file=\"https:\/\/www.hoymercedes.com.ar\/principal\/wp-content\/uploads\/2023\/04\/IMG_3005.jpg\" data-orig-size=\"1171,879\" data-comments-opened=\"0\" data-image-meta=\"{&quot;aperture&quot;:&quot;0&quot;,&quot;credit&quot;:&quot;&quot;,&quot;camera&quot;:&quot;&quot;,&quot;caption&quot;:&quot;&quot;,&quot;created_timestamp&quot;:&quot;0&quot;,&quot;copyright&quot;:&quot;&quot;,&quot;focal_length&quot;:&quot;0&quot;,&quot;iso&quot;:&quot;0&quot;,&quot;shutter_speed&quot;:&quot;0&quot;,&quot;title&quot;:&quot;&quot;,&quot;orientation&quot;:&quot;0&quot;}\" data-image-title=\"IMG_3005\" data-image-description=\"\" data-image-caption=\"\" data-large-file=\"https:\/\/www.hoymercedes.com.ar\/principal\/wp-content\/uploads\/2023\/04\/IMG_3005-1024x769.jpg\" src=\"https:\/\/www.hoymercedes.com.ar\/principal\/wp-content\/uploads\/2023\/04\/IMG_3005-1024x769.jpg\" alt=\"\" class=\"wp-image-161612\" srcset=\"https:\/\/www.hoymercedes.com.ar\/principal\/wp-content\/uploads\/2023\/04\/IMG_3005-1024x769.jpg 1024w, https:\/\/www.hoymercedes.com.ar\/principal\/wp-content\/uploads\/2023\/04\/IMG_3005-630x473.jpg 630w, https:\/\/www.hoymercedes.com.ar\/principal\/wp-content\/uploads\/2023\/04\/IMG_3005-150x113.jpg 150w, https:\/\/www.hoymercedes.com.ar\/principal\/wp-content\/uploads\/2023\/04\/IMG_3005.jpg 1171w\" sizes=\"auto, (max-width: 1024px) 100vw, 1024px\" \/><\/figure>\n\n\n\n<p><strong>Fiesta<\/strong><\/p>\n\n\n\n<p>La apertura del espacio fue con una importante cantidad de vecinos y vecinas, en un d\u00eda soleada y con atractivos culturales para disfrutar. La recorrida permiti\u00f3 adem\u00e1s de que las y los peque\u00f1os jueguen en su interior, aquellos que a\u00fan no lo conoc\u00edan vean la excelente construcci\u00f3n que ahora hay en Eva Duarte para toda la barriada.<\/p>\n","protected":false},"excerpt":{"rendered":"<p>Con las y los vecinos como protagonistas se llev\u00f3 a cabo la inauguraci\u00f3n del Centro Comunitario y Jard\u00edn Espacio Primera &#8230; <a title=\"Inauguran nuevo Jard\u00edn Primera Infancia y Centro Comunitario en B\u00ba Eva Duarte\" class=\"read-more\" href=\"https:\/\/www.hoymercedes.com.ar\/principal\/2023\/04\/30\/inauguran-nuevo-jardin-primera-infancia-y-centro-comunitario-en-bo-eva-duarte\/\" aria-label=\"Leer m\u00e1s sobre Inauguran nuevo Jard\u00edn Primera Infancia y Centro Comunitario en B\u00ba Eva Duarte\">Leer m\u00e1s<\/a><\/p>\n","protected":false},"author":1,"featured_media":161612,"comment_status":"closed","ping_status":"open","sticky":false,"template":"","format":"standard","meta":{"_monsterinsights_skip_tracking":false,"_monsterinsights_sitenote_active":false,"_monsterinsights_sitenote_note":"","_monsterinsights_sitenote_category":0,"jetpack_post_was_ever_published":false,"_jetpack_newsletter_access":"","_jetpack_dont_email_post_to_subs":false,"_jetpack_newsletter_tier_id":0,"_jetpack_memberships_contains_paywalled_content":false,"_jetpack_memberships_contains_paid_content":false,"footnotes":"","jetpack_publicize_message":"","jetpack_publicize_feature_enabled":true,"jetpack_social_post_already_shared":true,"jetpack_social_options":{"image_generator_settings":{"template":"highway","default_image_id":0,"font":"","enabled":false},"version":2},"_wpas_customize_per_network":false},"categories":[30],"tags":[18740,15555,5473,585],"class_list":["post-161606","post","type-post","status-publish","format-standard","has-post-thumbnail","hentry","category-municipio","tag-infancias-en-mercedes","tag-jardin-espacio-primera-infancia","tag-jorgelina-silva","tag-juan-ustarroz","generate-columns","tablet-grid-50","mobile-grid-100","grid-parent","grid-50"],"jetpack_publicize_connections":[],"jetpack_featured_media_url":"https:\/\/www.hoymercedes.com.ar\/principal\/wp-content\/uploads\/2023\/04\/IMG_3005.jpg","wps_subtitle":"Cuidado de la ni\u00f1ez ","jetpack_sharing_enabled":true,"_links":{"self":[{"href":"https:\/\/www.hoymercedes.com.ar\/principal\/wp-json\/wp\/v2\/posts\/161606","targetHints":{"allow":["GET"]}}],"collection":[{"href":"https:\/\/www.hoymercedes.com.ar\/principal\/wp-json\/wp\/v2\/posts"}],"about":[{"href":"https:\/\/www.hoymercedes.com.ar\/principal\/wp-json\/wp\/v2\/types\/post"}],"author":[{"embeddable":true,"href":"https:\/\/www.hoymercedes.com.ar\/principal\/wp-json\/wp\/v2\/users\/1"}],"replies":[{"embeddable":true,"href":"https:\/\/www.hoymercedes.com.ar\/principal\/wp-json\/wp\/v2\/comments?post=161606"}],"version-history":[{"count":0,"href":"https:\/\/www.hoymercedes.com.ar\/principal\/wp-json\/wp\/v2\/posts\/161606\/revisions"}],"wp:featuredmedia":[{"embeddable":true,"href":"https:\/\/www.hoymercedes.com.ar\/principal\/wp-json\/wp\/v2\/media\/161612"}],"wp:attachment":[{"href":"https:\/\/www.hoymercedes.com.ar\/principal\/wp-json\/wp\/v2\/media?parent=161606"}],"wp:term":[{"taxonomy":"category","embeddable":true,"href":"https:\/\/www.hoymercedes.com.ar\/principal\/wp-json\/wp\/v2\/categories?post=161606"},{"taxonomy":"post_tag","embeddable":true,"href":"https:\/\/www.hoymercedes.com.ar\/principal\/wp-json\/wp\/v2\/tags?post=161606"}],"curies":[{"name":"wp","href":"https:\/\/api.w.org\/{rel}","templated":true}]}}