{"id":161635,"date":"2023-05-02T16:19:00","date_gmt":"2023-05-02T19:19:00","guid":{"rendered":"https:\/\/www.hoymercedes.com.ar\/principal\/?p=161635"},"modified":"2023-05-02T15:46:00","modified_gmt":"2023-05-02T18:46:00","slug":"finalizo-plateada-artistas-mercedinas-participaron-de-la-propuesta-en-la-plata","status":"publish","type":"post","link":"https:\/\/www.hoymercedes.com.ar\/principal\/2023\/05\/02\/finalizo-plateada-artistas-mercedinas-participaron-de-la-propuesta-en-la-plata\/","title":{"rendered":"Finaliz\u00f3 Plateada: artistas mercedinas participaron de la propuesta en La Plata"},"content":{"rendered":"\n<p>Las artistas pl\u00e1sticas Marcela Cueto, Mar\u00eda Eugenia Scioli, Eliana Ramponi y Paula Figoli estuvieron durante el fin de semana participando de la Fer\u00eda Plateada. Un evento que reuni\u00f3 a diferentes artistas de la provincia de Buenos Aires en la capital bonaerense. Un espacio que permiti\u00f3 la difusi\u00f3n de los trabajos de las disciplinas art\u00edsticas de la pintura, el grabado, el colage, entre otros. <\/p>\n\n\n<div class=\"wp-block-image\">\n<figure class=\"aligncenter size-full\"><img loading=\"lazy\" decoding=\"async\" width=\"800\" height=\"533\" data-attachment-id=\"161673\" data-permalink=\"https:\/\/www.hoymercedes.com.ar\/principal\/2023\/05\/02\/finalizo-plateada-artistas-mercedinas-participaron-de-la-propuesta-en-la-plata\/cueto-plateada1\/#main\" data-orig-file=\"https:\/\/www.hoymercedes.com.ar\/principal\/wp-content\/uploads\/2023\/05\/cueto-plateada1.jpg\" data-orig-size=\"800,533\" data-comments-opened=\"0\" data-image-meta=\"{&quot;aperture&quot;:&quot;0&quot;,&quot;credit&quot;:&quot;&quot;,&quot;camera&quot;:&quot;&quot;,&quot;caption&quot;:&quot;&quot;,&quot;created_timestamp&quot;:&quot;1682950022&quot;,&quot;copyright&quot;:&quot;&quot;,&quot;focal_length&quot;:&quot;0&quot;,&quot;iso&quot;:&quot;0&quot;,&quot;shutter_speed&quot;:&quot;0&quot;,&quot;title&quot;:&quot;&quot;,&quot;orientation&quot;:&quot;1&quot;}\" data-image-title=\"cueto plateada1\" data-image-description=\"\" data-image-caption=\"\" data-large-file=\"https:\/\/www.hoymercedes.com.ar\/principal\/wp-content\/uploads\/2023\/05\/cueto-plateada1.jpg\" src=\"https:\/\/www.hoymercedes.com.ar\/principal\/wp-content\/uploads\/2023\/05\/cueto-plateada1.jpg\" alt=\"\" class=\"wp-image-161673\" srcset=\"https:\/\/www.hoymercedes.com.ar\/principal\/wp-content\/uploads\/2023\/05\/cueto-plateada1.jpg 800w, https:\/\/www.hoymercedes.com.ar\/principal\/wp-content\/uploads\/2023\/05\/cueto-plateada1-630x420.jpg 630w, https:\/\/www.hoymercedes.com.ar\/principal\/wp-content\/uploads\/2023\/05\/cueto-plateada1-150x100.jpg 150w, https:\/\/www.hoymercedes.com.ar\/principal\/wp-content\/uploads\/2023\/05\/cueto-plateada1-700x465.jpg 700w\" sizes=\"auto, (max-width: 800px) 100vw, 800px\" \/><\/figure>\n<\/div>\n\n\n<p>Con la concurrencia de m\u00e1s de 5000 personas a lo largo de tres d\u00edas y con expectativas superadas en cuanto a la venta de obras, concluy\u00f3 anoche en el Teatro Argentino &#8211; Centro Provincial de las Artes la primera edici\u00f3n de Plateada, la feria de arte contempor\u00e1neo bonaerense, organizada por el Museo en coordinaci\u00f3n con NN, la Red Junta (a la cual pertenece el Taller de Arte Cueto y otros espacios art\u00edsticos.<\/p>\n\n\n\n<p>En el cierre se realizaron las performances \u201cCriatura n\u00f3mada\u201d de Jor Mongan y \u201cLectura de foto de perfil de whatsapp. Reconocimiento de s\u00edmbolos a simple vista\u201d de In\u00e9s Efron. Adem\u00e1s, como durante los tres d\u00edas de feria, el p\u00fablico pudo recorrer los stands de galer\u00edas de arte, editoriales y participar del taller de dibujo de Arte Don Bardo.<\/p>\n\n\n\n<p>Entre las galer\u00edas y espacios de artes de la provincia de Buenos Aires participaron cuatro artistas locales representante del Taller de Arte Cueto. La misma Marcela Cueto estuvo presente junto a Mar\u00eda Eugenia Scioli, Paula F\u00edgoli y Eliana Ramponi. Durante los tres d\u00edas las obras de artes de las cuatro artistas locales se expusieron y algunas de ellas fueron vendidas a los visitantes de la Feria de Arte. <\/p>\n\n\n\n<figure class=\"wp-block-embed is-type-video is-provider-youtube wp-block-embed-youtube wp-embed-aspect-16-9 wp-has-aspect-ratio\"><div class=\"wp-block-embed__wrapper\">\n<span class=\"embed-youtube\" style=\"text-align:center; display: block;\"><iframe loading=\"lazy\" class=\"youtube-player\" width=\"1200\" height=\"675\" src=\"https:\/\/www.youtube.com\/embed\/atB4In-Sjf8?version=3&#038;rel=1&#038;showsearch=0&#038;showinfo=1&#038;iv_load_policy=1&#038;fs=1&#038;hl=es-ES&#038;autohide=2&#038;wmode=transparent\" allowfullscreen=\"true\" style=\"border:0;\" sandbox=\"allow-scripts allow-same-origin allow-popups allow-presentation allow-popups-to-escape-sandbox\"><\/iframe><\/span>\n<\/div><\/figure>\n\n\n\n<p>En di\u00e1logo con este medio, Marcela Cueto cont\u00f3 que la feria fue mucho m\u00e1s de lo imaginado. \u00abLa calidad de los stand y los contactos que pudimos hacer con galeristas y espacios de otros espacios de la provincia, de C\u00f3rdoba, estuvo muy bueno. Armamos proyectos para hacer entre este a\u00f1o y el que viene. Nos relacionamos con gente de Tandil, de Las Flores, de Mar del Plata, y de Necochea como para trabajar juntos. Adem\u00e1s hubo conversatorios para hacer valuaci\u00f3n de las obras y que puedan venderse, as\u00ed como la formaci\u00f3n de compradores y coleccionistas. La Feria Plateada se puede relacionar con ArteBA, pero con espacios de la provincia de Buenos Aires\u00bb, cont\u00f3 la artista pl\u00e1stica del Taller de Arte Cueto. <\/p>\n\n\n\n<p>La oportunidad de exponer en La Plata durante los tres d\u00edas abri\u00f3 la posibilidad de relacionarse con otros espacios culturales que ofertan las obras a personas que coleccionan o que buscan a artistas pl\u00e1sticos innovadores. \u00abVendimos obras e interes\u00f3 mucho lo que presentamos las cuatro artistas. El p\u00fablico era un p\u00fablico interesado y que miraba obra por obra, se deten\u00edan, preguntaban sobre las obras, no s\u00f3lo sobre precios, sino a t\u00e9cnicas o tem\u00e1ticas. Mucha gente joven interioriz\u00e1ndose en el arte, algunos estudiantes de arte\u00bb, agreg\u00f3 Marcela Cueto. <\/p>\n\n\n\n<p>\u00abFue vertiginoso todo el fin de semana. No paramos de interactuar con la gente que pasaba y con colegas. Nosotras \u00e9ramos las \u00fanicas de esta regi\u00f3n. Ah\u00ed mismo, nos dec\u00edan que nuestra participaci\u00f3n en la Feria nos convet\u00eda en referentes de la zona\u00bb, destac\u00f3 la artista pl\u00e1stica que con su Taller form\u00f3 parte de la organizaci\u00f3n en la Red Juntas que re\u00fane a espacios culturales de la provincia de Buenos Aires. <\/p>\n\n\n<div class=\"wp-block-image\">\n<figure class=\"aligncenter size-full\"><img loading=\"lazy\" decoding=\"async\" width=\"800\" height=\"534\" data-attachment-id=\"161675\" data-permalink=\"https:\/\/www.hoymercedes.com.ar\/principal\/2023\/05\/02\/finalizo-plateada-artistas-mercedinas-participaron-de-la-propuesta-en-la-plata\/cueto-plateada-3\/#main\" data-orig-file=\"https:\/\/www.hoymercedes.com.ar\/principal\/wp-content\/uploads\/2023\/05\/cueto-plateada-3.jpg\" data-orig-size=\"800,534\" data-comments-opened=\"0\" data-image-meta=\"{&quot;aperture&quot;:&quot;0&quot;,&quot;credit&quot;:&quot;&quot;,&quot;camera&quot;:&quot;&quot;,&quot;caption&quot;:&quot;&quot;,&quot;created_timestamp&quot;:&quot;0&quot;,&quot;copyright&quot;:&quot;&quot;,&quot;focal_length&quot;:&quot;0&quot;,&quot;iso&quot;:&quot;0&quot;,&quot;shutter_speed&quot;:&quot;0&quot;,&quot;title&quot;:&quot;&quot;,&quot;orientation&quot;:&quot;1&quot;}\" data-image-title=\"cueto plateada 3\" data-image-description=\"\" data-image-caption=\"\" data-large-file=\"https:\/\/www.hoymercedes.com.ar\/principal\/wp-content\/uploads\/2023\/05\/cueto-plateada-3.jpg\" src=\"https:\/\/www.hoymercedes.com.ar\/principal\/wp-content\/uploads\/2023\/05\/cueto-plateada-3.jpg\" alt=\"\" class=\"wp-image-161675\" srcset=\"https:\/\/www.hoymercedes.com.ar\/principal\/wp-content\/uploads\/2023\/05\/cueto-plateada-3.jpg 800w, https:\/\/www.hoymercedes.com.ar\/principal\/wp-content\/uploads\/2023\/05\/cueto-plateada-3-630x421.jpg 630w, https:\/\/www.hoymercedes.com.ar\/principal\/wp-content\/uploads\/2023\/05\/cueto-plateada-3-150x100.jpg 150w\" sizes=\"auto, (max-width: 800px) 100vw, 800px\" \/><figcaption class=\"wp-element-caption\">Mar\u00eda Eugenia Scioli, Marcela Cueto y Paula F\u00edgoli representaron el arte mercedino en la Feria de Arte de La Plata. <\/figcaption><\/figure>\n<\/div>","protected":false},"excerpt":{"rendered":"<p>Las artistas pl\u00e1sticas Marcela Cueto, Mar\u00eda Eugenia Scioli, Eliana Ramponi y Paula Figoli estuvieron durante el fin de semana participando &#8230; <a title=\"Finaliz\u00f3 Plateada: artistas mercedinas participaron de la propuesta en La Plata\" class=\"read-more\" href=\"https:\/\/www.hoymercedes.com.ar\/principal\/2023\/05\/02\/finalizo-plateada-artistas-mercedinas-participaron-de-la-propuesta-en-la-plata\/\" aria-label=\"Leer m\u00e1s sobre Finaliz\u00f3 Plateada: artistas mercedinas participaron de la propuesta en La Plata\">Leer m\u00e1s<\/a><\/p>\n","protected":false},"author":1,"featured_media":161675,"comment_status":"closed","ping_status":"open","sticky":false,"template":"","format":"standard","meta":{"_monsterinsights_skip_tracking":false,"_monsterinsights_sitenote_active":false,"_monsterinsights_sitenote_note":"","_monsterinsights_sitenote_category":0,"jetpack_post_was_ever_published":false,"_jetpack_newsletter_access":"","_jetpack_dont_email_post_to_subs":false,"_jetpack_newsletter_tier_id":0,"_jetpack_memberships_contains_paywalled_content":false,"_jetpack_memberships_contains_paid_content":false,"footnotes":"","jetpack_publicize_message":"","jetpack_publicize_feature_enabled":true,"jetpack_social_post_already_shared":true,"jetpack_social_options":{"image_generator_settings":{"template":"highway","default_image_id":0,"font":"","enabled":false},"version":2},"_wpas_customize_per_network":false},"categories":[104],"tags":[7805],"class_list":["post-161635","post","type-post","status-publish","format-standard","has-post-thumbnail","hentry","category-cultura","tag-cultura","generate-columns","tablet-grid-50","mobile-grid-100","grid-parent","grid-50"],"jetpack_publicize_connections":[],"jetpack_featured_media_url":"https:\/\/www.hoymercedes.com.ar\/principal\/wp-content\/uploads\/2023\/05\/cueto-plateada-3.jpg","wps_subtitle":"","jetpack_sharing_enabled":true,"_links":{"self":[{"href":"https:\/\/www.hoymercedes.com.ar\/principal\/wp-json\/wp\/v2\/posts\/161635","targetHints":{"allow":["GET"]}}],"collection":[{"href":"https:\/\/www.hoymercedes.com.ar\/principal\/wp-json\/wp\/v2\/posts"}],"about":[{"href":"https:\/\/www.hoymercedes.com.ar\/principal\/wp-json\/wp\/v2\/types\/post"}],"author":[{"embeddable":true,"href":"https:\/\/www.hoymercedes.com.ar\/principal\/wp-json\/wp\/v2\/users\/1"}],"replies":[{"embeddable":true,"href":"https:\/\/www.hoymercedes.com.ar\/principal\/wp-json\/wp\/v2\/comments?post=161635"}],"version-history":[{"count":0,"href":"https:\/\/www.hoymercedes.com.ar\/principal\/wp-json\/wp\/v2\/posts\/161635\/revisions"}],"wp:featuredmedia":[{"embeddable":true,"href":"https:\/\/www.hoymercedes.com.ar\/principal\/wp-json\/wp\/v2\/media\/161675"}],"wp:attachment":[{"href":"https:\/\/www.hoymercedes.com.ar\/principal\/wp-json\/wp\/v2\/media?parent=161635"}],"wp:term":[{"taxonomy":"category","embeddable":true,"href":"https:\/\/www.hoymercedes.com.ar\/principal\/wp-json\/wp\/v2\/categories?post=161635"},{"taxonomy":"post_tag","embeddable":true,"href":"https:\/\/www.hoymercedes.com.ar\/principal\/wp-json\/wp\/v2\/tags?post=161635"}],"curies":[{"name":"wp","href":"https:\/\/api.w.org\/{rel}","templated":true}]}}