{"id":161657,"date":"2023-05-02T14:50:48","date_gmt":"2023-05-02T17:50:48","guid":{"rendered":"https:\/\/www.hoymercedes.com.ar\/principal\/?p=161657"},"modified":"2023-05-03T09:43:42","modified_gmt":"2023-05-03T12:43:42","slug":"fallecio-el-dr-carlos-bueno","status":"publish","type":"post","link":"https:\/\/www.hoymercedes.com.ar\/principal\/2023\/05\/02\/fallecio-el-dr-carlos-bueno\/","title":{"rendered":"Falleci\u00f3 el Dr. Carlos Bueno"},"content":{"rendered":"\n<p>En horas del mediod\u00eda de este marte se conoci\u00f3 el fallecimiento del Dr. Carlos Bueno, de 78 a\u00f1os. El m\u00e9dico a lo largo de su carrera en el servicio de salud trabaj\u00f3 en el Hospital Blas L. Dubarry alrededor de 40 a\u00f1os, siendo sus \u00faltimos a\u00f1os de tarea profesional en Salud P\u00fablica como Jefe del Servicio de Cl\u00ednica M\u00e9dica del nosocomio de calle 12. El responso ser\u00e1 el 2 de mayo, 16 horas, en la Parroquia San Patricio luego del servicio velatorio en 19 y 20. <\/p>\n\n\n\n<p>En una entrevista otorgada a una publicaci\u00f3n aniversario del Hospital Dubarry, el m\u00e9dico nacido en Am\u00e9rica, partido de Rivadavia de la provincia de Buenos Aires, cont\u00f3 que se instal\u00f3 en Mercedes en 1976 cuando comenz\u00f3 a trabajar en las guardias del Dubarry, como \u00abguardia fantasma\u00bb ya que no ten\u00eda el nombramiento otorgado y por error aparec\u00eda en el \u00e1rea de cirug\u00eda. <\/p>\n\n\n\n<p>Su experiencias y los a\u00f1os de profesi\u00f3n le permitieron sera Jefe de Cl\u00ednica M\u00e9dica hasta su jubilaci\u00f3n hasta casi diez a\u00f1os. Desde el Servicio que cubr\u00eda en el Dubarry tuvo la tarea de atender pacientes de medicina general, as\u00ed como terapia intensiva, intermedia y salud mental. <\/p>\n\n\n\n<p>Fuera de su \u00e1mbito laboral, integr\u00f3 el elenco de Medical\u00edsima, ese grupo de m\u00e9dicos y profesionales de la salud que se sub\u00edan al escenario a actuar y hacer m\u00fasica con mucho humor. Bueno era el dramaturgo de esas obras de teatro y tambi\u00e9n se anim\u00f3 a dirigir y a actuar en las puestas teatrales del grupo amateur. <\/p>\n\n\n\n<p>Desde Hoy Mercedes hacemos llegar nuestro p\u00e9same a la familia del m\u00e9dico a qui\u00e9n hemos entrevistado en diferentes oportunidades a ra\u00edz de la tarea sanitaria que la ciudad le reconoci\u00f3. <\/p>\n\n\n\n<p>Foto de Archivo. <\/p>\n","protected":false},"excerpt":{"rendered":"<p>En horas del mediod\u00eda de este marte se conoci\u00f3 el fallecimiento del Dr. Carlos Bueno, de 78 a\u00f1os. El m\u00e9dico &#8230; <a title=\"Falleci\u00f3 el Dr. Carlos Bueno\" class=\"read-more\" href=\"https:\/\/www.hoymercedes.com.ar\/principal\/2023\/05\/02\/fallecio-el-dr-carlos-bueno\/\" aria-label=\"Leer m\u00e1s sobre Falleci\u00f3 el Dr. Carlos Bueno\">Leer m\u00e1s<\/a><\/p>\n","protected":false},"author":1,"featured_media":161658,"comment_status":"closed","ping_status":"open","sticky":false,"template":"","format":"standard","meta":{"_monsterinsights_skip_tracking":false,"_monsterinsights_sitenote_active":false,"_monsterinsights_sitenote_note":"","_monsterinsights_sitenote_category":0,"jetpack_post_was_ever_published":false,"_jetpack_newsletter_access":"","_jetpack_dont_email_post_to_subs":false,"_jetpack_newsletter_tier_id":0,"_jetpack_memberships_contains_paywalled_content":false,"_jetpack_memberships_contains_paid_content":false,"footnotes":"","jetpack_publicize_message":"","jetpack_publicize_feature_enabled":true,"jetpack_social_post_already_shared":true,"jetpack_social_options":{"image_generator_settings":{"template":"highway","default_image_id":0,"font":"","enabled":false},"version":2},"_wpas_customize_per_network":false},"categories":[8],"tags":[],"class_list":["post-161657","post","type-post","status-publish","format-standard","has-post-thumbnail","hentry","category-sociedad","generate-columns","tablet-grid-50","mobile-grid-100","grid-parent","grid-50"],"jetpack_publicize_connections":[],"jetpack_featured_media_url":"https:\/\/www.hoymercedes.com.ar\/principal\/wp-content\/uploads\/2023\/05\/dr.-Bueno.jpg","wps_subtitle":"","jetpack_sharing_enabled":true,"_links":{"self":[{"href":"https:\/\/www.hoymercedes.com.ar\/principal\/wp-json\/wp\/v2\/posts\/161657","targetHints":{"allow":["GET"]}}],"collection":[{"href":"https:\/\/www.hoymercedes.com.ar\/principal\/wp-json\/wp\/v2\/posts"}],"about":[{"href":"https:\/\/www.hoymercedes.com.ar\/principal\/wp-json\/wp\/v2\/types\/post"}],"author":[{"embeddable":true,"href":"https:\/\/www.hoymercedes.com.ar\/principal\/wp-json\/wp\/v2\/users\/1"}],"replies":[{"embeddable":true,"href":"https:\/\/www.hoymercedes.com.ar\/principal\/wp-json\/wp\/v2\/comments?post=161657"}],"version-history":[{"count":0,"href":"https:\/\/www.hoymercedes.com.ar\/principal\/wp-json\/wp\/v2\/posts\/161657\/revisions"}],"wp:featuredmedia":[{"embeddable":true,"href":"https:\/\/www.hoymercedes.com.ar\/principal\/wp-json\/wp\/v2\/media\/161658"}],"wp:attachment":[{"href":"https:\/\/www.hoymercedes.com.ar\/principal\/wp-json\/wp\/v2\/media?parent=161657"}],"wp:term":[{"taxonomy":"category","embeddable":true,"href":"https:\/\/www.hoymercedes.com.ar\/principal\/wp-json\/wp\/v2\/categories?post=161657"},{"taxonomy":"post_tag","embeddable":true,"href":"https:\/\/www.hoymercedes.com.ar\/principal\/wp-json\/wp\/v2\/tags?post=161657"}],"curies":[{"name":"wp","href":"https:\/\/api.w.org\/{rel}","templated":true}]}}