{"id":161713,"date":"2023-05-03T18:00:00","date_gmt":"2023-05-03T21:00:00","guid":{"rendered":"https:\/\/www.hoymercedes.com.ar\/principal\/?p=161713"},"modified":"2023-05-03T17:42:10","modified_gmt":"2023-05-03T20:42:10","slug":"libro-de-guinot-a-las-escuelas","status":"publish","type":"post","link":"https:\/\/www.hoymercedes.com.ar\/principal\/2023\/05\/03\/libro-de-guinot-a-las-escuelas\/","title":{"rendered":"Libro de Guinot a las escuelas"},"content":{"rendered":"\n<p>El pasado viernes, en el marco de la Feria del Libro que se lleva adelante en el Predio ferial de Palermo, el escritor mercedino Juan Guinot fue parte \u00a0del programa de radio que conduce Gillespie por Radio Provincia 1270 y comparti\u00f3 la entrevista con la Directora del Plan de Lectura del Ministerio de Educaci\u00f3n de la Provincia de Buenos Aires, Paola Davico, quien present\u00f3 el Plan de lectura \u201cIdentidades Bonaerenses\u201d.<\/p>\n\n\n<div class=\"wp-block-image\">\n<figure class=\"alignleft size-full\"><img loading=\"lazy\" decoding=\"async\" width=\"229\" height=\"320\" data-attachment-id=\"161714\" data-permalink=\"https:\/\/www.hoymercedes.com.ar\/principal\/2023\/05\/03\/libro-de-guinot-a-las-escuelas\/image-5-7\/#main\" data-orig-file=\"https:\/\/www.hoymercedes.com.ar\/principal\/wp-content\/uploads\/2023\/05\/image-5.png\" data-orig-size=\"229,320\" data-comments-opened=\"0\" data-image-meta=\"{&quot;aperture&quot;:&quot;0&quot;,&quot;credit&quot;:&quot;&quot;,&quot;camera&quot;:&quot;&quot;,&quot;caption&quot;:&quot;&quot;,&quot;created_timestamp&quot;:&quot;0&quot;,&quot;copyright&quot;:&quot;&quot;,&quot;focal_length&quot;:&quot;0&quot;,&quot;iso&quot;:&quot;0&quot;,&quot;shutter_speed&quot;:&quot;0&quot;,&quot;title&quot;:&quot;&quot;,&quot;orientation&quot;:&quot;0&quot;}\" data-image-title=\"image-5\" data-image-description=\"\" data-image-caption=\"\" data-large-file=\"https:\/\/www.hoymercedes.com.ar\/principal\/wp-content\/uploads\/2023\/05\/image-5.png\" src=\"https:\/\/www.hoymercedes.com.ar\/principal\/wp-content\/uploads\/2023\/05\/image-5.png\" alt=\"\" class=\"wp-image-161714\" srcset=\"https:\/\/www.hoymercedes.com.ar\/principal\/wp-content\/uploads\/2023\/05\/image-5.png 229w, https:\/\/www.hoymercedes.com.ar\/principal\/wp-content\/uploads\/2023\/05\/image-5-107x150.png 107w\" sizes=\"auto, (max-width: 229px) 100vw, 229px\" \/><\/figure>\n<\/div>\n\n\n<p>Es la primera vez que la provincia de Buenos Aires compra libros para un plan de lectura que abarca escuelas, colegios, profesorados y c\u00e1rceles. La selecci\u00f3n estuvo a cargo de un Jurado conformado por escritores, escritoras y funcionarios del Ministerio. Y la novedad es que \u201cMisi\u00f3n Kenobi\u201d, de Juan Guinot, fue una de las novelas seleccionadas.<\/p>\n\n\n\n<p>El libro de Guinot toca en plano ficcional hechos reales como la severa contaminaci\u00f3n ambiental que produjo en la ciudad de Mercedes la firma Dupont y antecesoras que utilizaron ese espacio, y recupera de manera literaria la lucha de ambientalistas \u2013contra la ignorancia, el desinter\u00e9s por el entorno y el poder\u00edo econ\u00f3mico\u2013 como el recordado Hern\u00e1n Guinot, padre del escritor.<\/p>\n\n\n<div class=\"wp-block-image\">\n<figure class=\"alignleft size-full\"><img loading=\"lazy\" decoding=\"async\" width=\"320\" height=\"240\" data-attachment-id=\"161715\" data-permalink=\"https:\/\/www.hoymercedes.com.ar\/principal\/2023\/05\/03\/libro-de-guinot-a-las-escuelas\/image-6-6\/#main\" data-orig-file=\"https:\/\/www.hoymercedes.com.ar\/principal\/wp-content\/uploads\/2023\/05\/image-6.png\" data-orig-size=\"320,240\" data-comments-opened=\"0\" data-image-meta=\"{&quot;aperture&quot;:&quot;0&quot;,&quot;credit&quot;:&quot;&quot;,&quot;camera&quot;:&quot;&quot;,&quot;caption&quot;:&quot;&quot;,&quot;created_timestamp&quot;:&quot;0&quot;,&quot;copyright&quot;:&quot;&quot;,&quot;focal_length&quot;:&quot;0&quot;,&quot;iso&quot;:&quot;0&quot;,&quot;shutter_speed&quot;:&quot;0&quot;,&quot;title&quot;:&quot;&quot;,&quot;orientation&quot;:&quot;0&quot;}\" data-image-title=\"image-6\" data-image-description=\"\" data-image-caption=\"\" data-large-file=\"https:\/\/www.hoymercedes.com.ar\/principal\/wp-content\/uploads\/2023\/05\/image-6.png\" src=\"https:\/\/www.hoymercedes.com.ar\/principal\/wp-content\/uploads\/2023\/05\/image-6.png\" alt=\"\" class=\"wp-image-161715\" srcset=\"https:\/\/www.hoymercedes.com.ar\/principal\/wp-content\/uploads\/2023\/05\/image-6.png 320w, https:\/\/www.hoymercedes.com.ar\/principal\/wp-content\/uploads\/2023\/05\/image-6-150x113.png 150w\" sizes=\"auto, (max-width: 320px) 100vw, 320px\" \/><\/figure>\n<\/div>\n\n\n<p>En cuanto a la presencia del autor en la Feria, se supo que el martes 2 a las 18,30 horas en el Stand 1400\/Pabell\u00f3n Amarillo, Ciudad de Buenos Aires, ser\u00e1 parte de una Charla sobre Malvinas en la literatura junto a Cultura de CABA. Tambi\u00e9n estuvo firmando y presentando su nuevo libro \u00abMi primer OVNI\u00bb <\/p>\n\n\n\n<p>Colaboraci\u00f3n Mariano Oyarz\u00fa<\/p>\n","protected":false},"excerpt":{"rendered":"<p>El pasado viernes, en el marco de la Feria del Libro que se lleva adelante en el Predio ferial de &#8230; <a title=\"Libro de Guinot a las escuelas\" class=\"read-more\" href=\"https:\/\/www.hoymercedes.com.ar\/principal\/2023\/05\/03\/libro-de-guinot-a-las-escuelas\/\" aria-label=\"Leer m\u00e1s sobre Libro de Guinot a las escuelas\">Leer m\u00e1s<\/a><\/p>\n","protected":false},"author":1,"featured_media":161714,"comment_status":"closed","ping_status":"open","sticky":false,"template":"","format":"standard","meta":{"_monsterinsights_skip_tracking":false,"_monsterinsights_sitenote_active":false,"_monsterinsights_sitenote_note":"","_monsterinsights_sitenote_category":0,"jetpack_post_was_ever_published":false,"_jetpack_newsletter_access":"","_jetpack_dont_email_post_to_subs":false,"_jetpack_newsletter_tier_id":0,"_jetpack_memberships_contains_paywalled_content":false,"_jetpack_memberships_contains_paid_content":false,"footnotes":"","jetpack_publicize_message":"","jetpack_publicize_feature_enabled":true,"jetpack_social_post_already_shared":true,"jetpack_social_options":{"image_generator_settings":{"template":"highway","default_image_id":0,"font":"","enabled":false},"version":2},"_wpas_customize_per_network":false},"categories":[104],"tags":[7805],"class_list":["post-161713","post","type-post","status-publish","format-standard","has-post-thumbnail","hentry","category-cultura","tag-cultura","generate-columns","tablet-grid-50","mobile-grid-100","grid-parent","grid-50"],"jetpack_publicize_connections":[],"jetpack_featured_media_url":"https:\/\/www.hoymercedes.com.ar\/principal\/wp-content\/uploads\/2023\/05\/image-5.png","wps_subtitle":"","jetpack_sharing_enabled":true,"_links":{"self":[{"href":"https:\/\/www.hoymercedes.com.ar\/principal\/wp-json\/wp\/v2\/posts\/161713","targetHints":{"allow":["GET"]}}],"collection":[{"href":"https:\/\/www.hoymercedes.com.ar\/principal\/wp-json\/wp\/v2\/posts"}],"about":[{"href":"https:\/\/www.hoymercedes.com.ar\/principal\/wp-json\/wp\/v2\/types\/post"}],"author":[{"embeddable":true,"href":"https:\/\/www.hoymercedes.com.ar\/principal\/wp-json\/wp\/v2\/users\/1"}],"replies":[{"embeddable":true,"href":"https:\/\/www.hoymercedes.com.ar\/principal\/wp-json\/wp\/v2\/comments?post=161713"}],"version-history":[{"count":0,"href":"https:\/\/www.hoymercedes.com.ar\/principal\/wp-json\/wp\/v2\/posts\/161713\/revisions"}],"wp:featuredmedia":[{"embeddable":true,"href":"https:\/\/www.hoymercedes.com.ar\/principal\/wp-json\/wp\/v2\/media\/161714"}],"wp:attachment":[{"href":"https:\/\/www.hoymercedes.com.ar\/principal\/wp-json\/wp\/v2\/media?parent=161713"}],"wp:term":[{"taxonomy":"category","embeddable":true,"href":"https:\/\/www.hoymercedes.com.ar\/principal\/wp-json\/wp\/v2\/categories?post=161713"},{"taxonomy":"post_tag","embeddable":true,"href":"https:\/\/www.hoymercedes.com.ar\/principal\/wp-json\/wp\/v2\/tags?post=161713"}],"curies":[{"name":"wp","href":"https:\/\/api.w.org\/{rel}","templated":true}]}}