{"id":161729,"date":"2023-05-03T22:30:00","date_gmt":"2023-05-04T01:30:00","guid":{"rendered":"https:\/\/www.hoymercedes.com.ar\/principal\/?p=161729"},"modified":"2023-05-03T21:27:17","modified_gmt":"2023-05-04T00:27:17","slug":"metaleros-en-el-oeste-nuevos-invitados-a-la-grabacion-del-dispo-del-polaco-zelazek","status":"publish","type":"post","link":"https:\/\/www.hoymercedes.com.ar\/principal\/2023\/05\/03\/metaleros-en-el-oeste-nuevos-invitados-a-la-grabacion-del-dispo-del-polaco-zelazek\/","title":{"rendered":"Metaleros en el oeste: nuevos invitados a la grabaci\u00f3n del dispo del Polaco Zelazek"},"content":{"rendered":"\n<p>Por Fernando Viloria &#8211; Ya se est\u00e1n dando los \u00faltimos detalles a las canciones que formar\u00e1n parte del disco del Polaco Zelazek que desde el a\u00f1o pasado se viene grabando en nuestra ciudad en los estudios Inroom con m\u00fasicos locales y nacionales en distintas canciones en una tarea marat\u00f3nica de coordinaci\u00f3n y producci\u00f3n. <\/p>\n\n\n<div class=\"wp-block-image\">\n<figure class=\"alignleft size-full\"><img loading=\"lazy\" decoding=\"async\" width=\"480\" height=\"720\" data-attachment-id=\"161721\" data-permalink=\"https:\/\/www.hoymercedes.com.ar\/principal\/2023\/05\/03\/el-jardin-maternal-arcoiris-celebro-2-anos\/el-tano-abruzesse\/#main\" data-orig-file=\"https:\/\/www.hoymercedes.com.ar\/principal\/wp-content\/uploads\/2023\/05\/EL-TANO-ABRUZESSE.jpg\" data-orig-size=\"480,720\" data-comments-opened=\"0\" data-image-meta=\"{&quot;aperture&quot;:&quot;0&quot;,&quot;credit&quot;:&quot;&quot;,&quot;camera&quot;:&quot;&quot;,&quot;caption&quot;:&quot;&quot;,&quot;created_timestamp&quot;:&quot;0&quot;,&quot;copyright&quot;:&quot;&quot;,&quot;focal_length&quot;:&quot;0&quot;,&quot;iso&quot;:&quot;0&quot;,&quot;shutter_speed&quot;:&quot;0&quot;,&quot;title&quot;:&quot;&quot;,&quot;orientation&quot;:&quot;0&quot;}\" data-image-title=\"EL TANO ABRUZESSE\" data-image-description=\"\" data-image-caption=\"\" data-large-file=\"https:\/\/www.hoymercedes.com.ar\/principal\/wp-content\/uploads\/2023\/05\/EL-TANO-ABRUZESSE.jpg\" src=\"https:\/\/www.hoymercedes.com.ar\/principal\/wp-content\/uploads\/2023\/05\/EL-TANO-ABRUZESSE.jpg\" alt=\"\" class=\"wp-image-161721\" srcset=\"https:\/\/www.hoymercedes.com.ar\/principal\/wp-content\/uploads\/2023\/05\/EL-TANO-ABRUZESSE.jpg 480w, https:\/\/www.hoymercedes.com.ar\/principal\/wp-content\/uploads\/2023\/05\/EL-TANO-ABRUZESSE-413x620.jpg 413w, https:\/\/www.hoymercedes.com.ar\/principal\/wp-content\/uploads\/2023\/05\/EL-TANO-ABRUZESSE-100x150.jpg 100w\" sizes=\"auto, (max-width: 480px) 100vw, 480px\" \/><\/figure>\n<\/div>\n\n\n<p>En esta ocasi\u00f3n, el domingo 7 de mayo, viene por primera vez invitado a grabar voces Daniel \u201cTano\u201d Abruzzese, metalero que en 1984 formo su primer banda Cr\u00e1neo,&nbsp; teloneando a grupos como Nepal, Dhak, 666, Dr. Jekil, entre otros de esa \u00e9poca. Luego canto brevemente por Lethal y pasando por Dhak en el a\u00f1o1986 reemplazando a Carlos Cabral ex Tren Loco. Actualmente tiene su proyecto Abruzzese con quien edit\u00f3 el cd \u201cMetalvirus\u201d, lleno de invitados de lujo entre ellos el Polaco Zelazek (Los Viloladores) y m\u00e1s de 25 m\u00fasicos en una producci\u00f3n independiente destacable que se encuentra a la venta. Pondr\u00e1 voces y coros.&nbsp;<\/p>\n\n\n\n<p>Tambi\u00e9n nos visitar\u00e1 Guillermo \u00abTemo\u00bb Romero, naci\u00f3 el 17 de septiembre de 1977 en el partido de Merlo, Pcia, Buenos Aires, \u202fes cantante y \u202fcofundador de Serpentor, \u202fbanda de thrash metal oriunda de la zona oeste de la pcia de Bs As, fue formada en 1998 y despu\u00e9s de algunos a\u00f1os tocando saca su primer disco autotitulado en 2001, se hace de un fiel p\u00fablico y realiza su primer show como cabeza de cartel en capital, en 2004 en el M\u00edtico Cemento, \u202fpresentando su 2do \u00e1lbum \u00abPose\u00eddo\u00bb, salido ese mismo a\u00f1o. <\/p>\n\n\n\n<p>En este 2023, la banda est\u00e1 cumpliendo 25 a\u00f1os ininterrumpidos, con 6 discos , 1 Ep, 2 DVD en vivo grabados en el teatro de flores y est\u00e1 a la espera del \u00faltimo DVD \u202fgrabado en el estadio de Obras en el show presentaci\u00f3n de \u00absacerdote del horror\u00bb su \u00faltimo \u00e1lbum, vienen recorriendo el pa\u00eds y algunos pa\u00edses vecinos como Uruguay, Chile, y Paraguay. <\/p>\n\n\n\n<p>Serpentor comparti\u00f3 escenario con muchas de las principales \u202fbandas de la escena Heavy\/ thrashers mundial, como es el caso de Overkill, Testament, Destruction, Sodom, Artillery, Exciter, Nuclear Assault, Tankard, Primal Fear , Shaman. etc \u202fsiendo los m\u00e1s destacados dos shows junto a Megadeth en 2011\/ 2012 \u202fen el estadio Malvinas Argentinas y en 2019 previo a la pandemia, teloneando a Iron Maiden en el estadio de V\u00e9lez Sarsfield, este a\u00f1o festejando los 25 a\u00f1os est\u00e1 encargado del cierre del festival Mor\u00f3n Rock en auditorio Oeste. Cantar\u00e1 \u201cWhiskey in the jar\u201d en castellano.\u00a0<\/p>\n\n\n<div class=\"wp-block-image\">\n<figure class=\"alignleft size-full is-resized\"><img loading=\"lazy\" decoding=\"async\" data-attachment-id=\"161722\" data-permalink=\"https:\/\/www.hoymercedes.com.ar\/principal\/2023\/05\/03\/el-jardin-maternal-arcoiris-celebro-2-anos\/guillermo-moreno\/#main\" data-orig-file=\"https:\/\/www.hoymercedes.com.ar\/principal\/wp-content\/uploads\/2023\/05\/GUILLERMO-MORENO.jpg\" data-orig-size=\"601,781\" data-comments-opened=\"0\" data-image-meta=\"{&quot;aperture&quot;:&quot;0&quot;,&quot;credit&quot;:&quot;&quot;,&quot;camera&quot;:&quot;&quot;,&quot;caption&quot;:&quot;&quot;,&quot;created_timestamp&quot;:&quot;0&quot;,&quot;copyright&quot;:&quot;&quot;,&quot;focal_length&quot;:&quot;0&quot;,&quot;iso&quot;:&quot;0&quot;,&quot;shutter_speed&quot;:&quot;0&quot;,&quot;title&quot;:&quot;&quot;,&quot;orientation&quot;:&quot;0&quot;}\" data-image-title=\"GUILLERMO MORENO\" data-image-description=\"\" data-image-caption=\"\" data-large-file=\"https:\/\/www.hoymercedes.com.ar\/principal\/wp-content\/uploads\/2023\/05\/GUILLERMO-MORENO.jpg\" src=\"https:\/\/www.hoymercedes.com.ar\/principal\/wp-content\/uploads\/2023\/05\/GUILLERMO-MORENO.jpg\" alt=\"\" class=\"wp-image-161722\" width=\"414\" height=\"538\" srcset=\"https:\/\/www.hoymercedes.com.ar\/principal\/wp-content\/uploads\/2023\/05\/GUILLERMO-MORENO.jpg 601w, https:\/\/www.hoymercedes.com.ar\/principal\/wp-content\/uploads\/2023\/05\/GUILLERMO-MORENO-477x620.jpg 477w, https:\/\/www.hoymercedes.com.ar\/principal\/wp-content\/uploads\/2023\/05\/GUILLERMO-MORENO-115x150.jpg 115w\" sizes=\"auto, (max-width: 414px) 100vw, 414px\" \/><\/figure>\n<\/div>\n\n\n<p>Rub\u00e9n Mart\u00ednez de Vorax viene a cantar \u201cLos rockeros van al infierno\u201d de los espa\u00f1oles Baron Rojo, donde&nbsp; Lucas \u00abCastor\u00bb Simcic, grabar\u00e1 las guitarras y solos de la mismo tema, qui\u00e9n comparti\u00f3 escenario con bandas como \u201cBlack Sabbath\u201d, \u00abSlayer\u00bb, \u201cMegadeth\u201d, \u201cSepultura\u201d, \u201cAnthrax\u201d, \u00abExodus\u00bb entre otras. Grabo 2 discos: \u201cPor tu honor\u201d (2013) y \u201cGritando verdades\u201d (2018) ambos nominados a los premios Carlos Gardel en la categor\u00eda \u201cmejor disco de rock pesado\/punk\u201d. <\/p>\n\n\n\n<p>En Julio del 2021 luego de 10 a\u00f1os de carrera junto a Horcas, Lucas hace un impase temporal para dedicarle tiempo a sus proyectos personales. En el 2022 ya de vuelta en Argentina Se dedico al disco debut de A.N.T. Realizando unos cuantos shows por el conurbano bonaerense y el interior del pa\u00eds. En la actualidad est\u00e1 saliendo el primer disco de A.N.T..&nbsp;<\/p>\n\n\n\n<p>Se sum\u00f3 al disco la reconocida cantante l\u00edrica argentina Oriana Favaro desde Alemania y cant\u00f3 \u201cFeeling Good\u201d de Nina Simone.&nbsp;&nbsp;<\/p>\n\n\n\n<p>De la partida tambi\u00e9n son los mercedinos Agust\u00edn Vitta cantante de Voodoo y Nuevo Ser sumar\u00e1 coros junto a Lea Flores de Da Skate y banda solista que ha editado \u00faltimamente los discos de ambos proyectos. Y Nahuel Fusco cantar\u00e1 el tango.\u201dBarrio Pobre\u201d en tiempo de rock.&nbsp;<\/p>\n\n\n\n<p>Y como broche de metal de oro Ricardo Iorio, ex V8, Herm\u00e9tica, Almafuerte, fundador del heavy metal nacional, cantar\u00e1 una reversi\u00f3n del tema \u201cRepresi\u00f3n\u201d de Violadores en su personal visi\u00f3n como \u201cCorrupci\u00f3n\u201d. Cerrando un ciclo de marat\u00f3nicas grabaciones con diferentes m\u00fasicos, mientras se realizan las mezclas y masterizaciones para la edici\u00f3n f\u00edsica del disco.&nbsp;<\/p>\n\n\n\n<p><\/p>\n","protected":false},"excerpt":{"rendered":"<p>Por Fernando Viloria &#8211; Ya se est\u00e1n dando los \u00faltimos detalles a las canciones que formar\u00e1n parte del disco del &#8230; <a title=\"Metaleros en el oeste: nuevos invitados a la grabaci\u00f3n del dispo del Polaco Zelazek\" class=\"read-more\" href=\"https:\/\/www.hoymercedes.com.ar\/principal\/2023\/05\/03\/metaleros-en-el-oeste-nuevos-invitados-a-la-grabacion-del-dispo-del-polaco-zelazek\/\" aria-label=\"Leer m\u00e1s sobre Metaleros en el oeste: nuevos invitados a la grabaci\u00f3n del dispo del Polaco Zelazek\">Leer m\u00e1s<\/a><\/p>\n","protected":false},"author":1,"featured_media":161721,"comment_status":"closed","ping_status":"open","sticky":false,"template":"","format":"standard","meta":{"_monsterinsights_skip_tracking":false,"_monsterinsights_sitenote_active":false,"_monsterinsights_sitenote_note":"","_monsterinsights_sitenote_category":0,"jetpack_post_was_ever_published":false,"_jetpack_newsletter_access":"","_jetpack_dont_email_post_to_subs":false,"_jetpack_newsletter_tier_id":0,"_jetpack_memberships_contains_paywalled_content":false,"_jetpack_memberships_contains_paid_content":false,"footnotes":"","jetpack_publicize_message":"","jetpack_publicize_feature_enabled":true,"jetpack_social_post_already_shared":true,"jetpack_social_options":{"image_generator_settings":{"template":"highway","default_image_id":0,"font":"","enabled":false},"version":2},"_wpas_customize_per_network":false},"categories":[104],"tags":[7805],"class_list":["post-161729","post","type-post","status-publish","format-standard","has-post-thumbnail","hentry","category-cultura","tag-cultura","generate-columns","tablet-grid-50","mobile-grid-100","grid-parent","grid-50"],"jetpack_publicize_connections":[],"jetpack_featured_media_url":"https:\/\/www.hoymercedes.com.ar\/principal\/wp-content\/uploads\/2023\/05\/EL-TANO-ABRUZESSE.jpg","wps_subtitle":"","jetpack_sharing_enabled":true,"_links":{"self":[{"href":"https:\/\/www.hoymercedes.com.ar\/principal\/wp-json\/wp\/v2\/posts\/161729","targetHints":{"allow":["GET"]}}],"collection":[{"href":"https:\/\/www.hoymercedes.com.ar\/principal\/wp-json\/wp\/v2\/posts"}],"about":[{"href":"https:\/\/www.hoymercedes.com.ar\/principal\/wp-json\/wp\/v2\/types\/post"}],"author":[{"embeddable":true,"href":"https:\/\/www.hoymercedes.com.ar\/principal\/wp-json\/wp\/v2\/users\/1"}],"replies":[{"embeddable":true,"href":"https:\/\/www.hoymercedes.com.ar\/principal\/wp-json\/wp\/v2\/comments?post=161729"}],"version-history":[{"count":0,"href":"https:\/\/www.hoymercedes.com.ar\/principal\/wp-json\/wp\/v2\/posts\/161729\/revisions"}],"wp:featuredmedia":[{"embeddable":true,"href":"https:\/\/www.hoymercedes.com.ar\/principal\/wp-json\/wp\/v2\/media\/161721"}],"wp:attachment":[{"href":"https:\/\/www.hoymercedes.com.ar\/principal\/wp-json\/wp\/v2\/media?parent=161729"}],"wp:term":[{"taxonomy":"category","embeddable":true,"href":"https:\/\/www.hoymercedes.com.ar\/principal\/wp-json\/wp\/v2\/categories?post=161729"},{"taxonomy":"post_tag","embeddable":true,"href":"https:\/\/www.hoymercedes.com.ar\/principal\/wp-json\/wp\/v2\/tags?post=161729"}],"curies":[{"name":"wp","href":"https:\/\/api.w.org\/{rel}","templated":true}]}}