{"id":161754,"date":"2023-05-04T20:29:00","date_gmt":"2023-05-04T23:29:00","guid":{"rendered":"https:\/\/www.hoymercedes.com.ar\/principal\/?p=161754"},"modified":"2023-05-04T17:15:29","modified_gmt":"2023-05-04T20:15:29","slug":"estreno-local-del-vol-3-de-guardianes-de-la-galaxia","status":"publish","type":"post","link":"https:\/\/www.hoymercedes.com.ar\/principal\/2023\/05\/04\/estreno-local-del-vol-3-de-guardianes-de-la-galaxia\/","title":{"rendered":"Estreno local del Vol.3 de Guardianes de la Galaxia"},"content":{"rendered":"\n<p>Desde el viernes 5 de mayo el Cine Mercedes proyectar\u00e1 en su pantalla una de las pel\u00edculas del universo Marvel previsto para el corriente a\u00f1o. Se trata de \u00abGuardianes de la Galaxia Vol.3\u00bb. Peter Quill vuelve al ruedo con sus amigos. Tambi\u00e9n contin\u00faan proyectanto Super Mario Bros en las funciones del s\u00e1bado 6 y domingo 7 de mayo. <\/p>\n\n\n<div class=\"wp-block-image\">\n<figure class=\"aligncenter size-full\"><img loading=\"lazy\" decoding=\"async\" width=\"631\" height=\"800\" data-attachment-id=\"161755\" data-permalink=\"https:\/\/www.hoymercedes.com.ar\/principal\/2023\/05\/04\/estreno-local-del-vol-3-de-guardianes-de-la-galaxia\/gacetilla-cine-mercedes-29-2\/#main\" data-orig-file=\"https:\/\/www.hoymercedes.com.ar\/principal\/wp-content\/uploads\/2023\/05\/Gacetilla-Cine-Mercedes-29.jpg\" data-orig-size=\"631,800\" data-comments-opened=\"0\" data-image-meta=\"{&quot;aperture&quot;:&quot;0&quot;,&quot;credit&quot;:&quot;&quot;,&quot;camera&quot;:&quot;&quot;,&quot;caption&quot;:&quot;&quot;,&quot;created_timestamp&quot;:&quot;0&quot;,&quot;copyright&quot;:&quot;&quot;,&quot;focal_length&quot;:&quot;0&quot;,&quot;iso&quot;:&quot;0&quot;,&quot;shutter_speed&quot;:&quot;0&quot;,&quot;title&quot;:&quot;&quot;,&quot;orientation&quot;:&quot;1&quot;}\" data-image-title=\"Gacetilla Cine Mercedes (29)\" data-image-description=\"\" data-image-caption=\"\" data-large-file=\"https:\/\/www.hoymercedes.com.ar\/principal\/wp-content\/uploads\/2023\/05\/Gacetilla-Cine-Mercedes-29.jpg\" src=\"https:\/\/www.hoymercedes.com.ar\/principal\/wp-content\/uploads\/2023\/05\/Gacetilla-Cine-Mercedes-29.jpg\" alt=\"\" class=\"wp-image-161755\" srcset=\"https:\/\/www.hoymercedes.com.ar\/principal\/wp-content\/uploads\/2023\/05\/Gacetilla-Cine-Mercedes-29.jpg 631w, https:\/\/www.hoymercedes.com.ar\/principal\/wp-content\/uploads\/2023\/05\/Gacetilla-Cine-Mercedes-29-489x620.jpg 489w, https:\/\/www.hoymercedes.com.ar\/principal\/wp-content\/uploads\/2023\/05\/Gacetilla-Cine-Mercedes-29-118x150.jpg 118w\" sizes=\"auto, (max-width: 631px) 100vw, 631px\" \/><\/figure>\n<\/div>\n\n\n<p>Sinopsis Giardianes de la Galaxia Vol.3: La querida banda de los Guardianes se instala en Knowhere. Pero sus vidas no tardan en verse alteradas por los ecos del turbulento pasado de Rocket. Peter Quill, a\u00fan conmocionado por la p\u00e9rdida de Gamora, debe reunir a su equipo en una peligrosa misi\u00f3n para salvar la vida de Rocket, una misi\u00f3n que, si no se completa con \u00e9xito, podr\u00eda muy posiblemente conducir al final de los Guardianes tal y como los conocemos.<\/p>\n","protected":false},"excerpt":{"rendered":"<p>Desde el viernes 5 de mayo el Cine Mercedes proyectar\u00e1 en su pantalla una de las pel\u00edculas del universo Marvel &#8230; <a title=\"Estreno local del Vol.3 de Guardianes de la Galaxia\" class=\"read-more\" href=\"https:\/\/www.hoymercedes.com.ar\/principal\/2023\/05\/04\/estreno-local-del-vol-3-de-guardianes-de-la-galaxia\/\" aria-label=\"Leer m\u00e1s sobre Estreno local del Vol.3 de Guardianes de la Galaxia\">Leer m\u00e1s<\/a><\/p>\n","protected":false},"author":1,"featured_media":161756,"comment_status":"closed","ping_status":"open","sticky":false,"template":"","format":"standard","meta":{"_monsterinsights_skip_tracking":false,"_monsterinsights_sitenote_active":false,"_monsterinsights_sitenote_note":"","_monsterinsights_sitenote_category":0,"jetpack_post_was_ever_published":false,"_jetpack_newsletter_access":"","_jetpack_dont_email_post_to_subs":false,"_jetpack_newsletter_tier_id":0,"_jetpack_memberships_contains_paywalled_content":false,"_jetpack_memberships_contains_paid_content":false,"footnotes":"","jetpack_publicize_message":"","jetpack_publicize_feature_enabled":true,"jetpack_social_post_already_shared":true,"jetpack_social_options":{"image_generator_settings":{"template":"highway","default_image_id":0,"font":"","enabled":false},"version":2},"_wpas_customize_per_network":false},"categories":[104],"tags":[7805],"class_list":["post-161754","post","type-post","status-publish","format-standard","has-post-thumbnail","hentry","category-cultura","tag-cultura","generate-columns","tablet-grid-50","mobile-grid-100","grid-parent","grid-50"],"jetpack_publicize_connections":[],"jetpack_featured_media_url":"https:\/\/www.hoymercedes.com.ar\/principal\/wp-content\/uploads\/2023\/05\/guardianesgalaxia1.jpg","wps_subtitle":"","jetpack_sharing_enabled":true,"_links":{"self":[{"href":"https:\/\/www.hoymercedes.com.ar\/principal\/wp-json\/wp\/v2\/posts\/161754","targetHints":{"allow":["GET"]}}],"collection":[{"href":"https:\/\/www.hoymercedes.com.ar\/principal\/wp-json\/wp\/v2\/posts"}],"about":[{"href":"https:\/\/www.hoymercedes.com.ar\/principal\/wp-json\/wp\/v2\/types\/post"}],"author":[{"embeddable":true,"href":"https:\/\/www.hoymercedes.com.ar\/principal\/wp-json\/wp\/v2\/users\/1"}],"replies":[{"embeddable":true,"href":"https:\/\/www.hoymercedes.com.ar\/principal\/wp-json\/wp\/v2\/comments?post=161754"}],"version-history":[{"count":0,"href":"https:\/\/www.hoymercedes.com.ar\/principal\/wp-json\/wp\/v2\/posts\/161754\/revisions"}],"wp:featuredmedia":[{"embeddable":true,"href":"https:\/\/www.hoymercedes.com.ar\/principal\/wp-json\/wp\/v2\/media\/161756"}],"wp:attachment":[{"href":"https:\/\/www.hoymercedes.com.ar\/principal\/wp-json\/wp\/v2\/media?parent=161754"}],"wp:term":[{"taxonomy":"category","embeddable":true,"href":"https:\/\/www.hoymercedes.com.ar\/principal\/wp-json\/wp\/v2\/categories?post=161754"},{"taxonomy":"post_tag","embeddable":true,"href":"https:\/\/www.hoymercedes.com.ar\/principal\/wp-json\/wp\/v2\/tags?post=161754"}],"curies":[{"name":"wp","href":"https:\/\/api.w.org\/{rel}","templated":true}]}}