{"id":16179,"date":"2012-09-15T20:22:09","date_gmt":"2012-09-15T20:22:09","guid":{"rendered":"http:\/\/www.hoymercedes.com.ar\/principal\/?p=16179"},"modified":"2012-09-15T20:22:27","modified_gmt":"2012-09-15T20:22:27","slug":"el-consejo-provincial-de-teatro-independiente-estuvo-en-la-unidad-5","status":"publish","type":"post","link":"https:\/\/www.hoymercedes.com.ar\/principal\/2012\/09\/15\/el-consejo-provincial-de-teatro-independiente-estuvo-en-la-unidad-5\/","title":{"rendered":"El Consejo Provincial de Teatro Independiente estuvo en la Unidad 5"},"content":{"rendered":"<p><a href=\"https:\/\/www.hoymercedes.com.ar\/principal\/wp-content\/uploads\/2012\/09\/ConsejoProvincialTeatroIndependienteUnidad5.jpg\"><img loading=\"lazy\" decoding=\"async\" data-attachment-id=\"16181\" data-permalink=\"https:\/\/www.hoymercedes.com.ar\/principal\/2012\/09\/15\/el-consejo-provincial-de-teatro-independiente-estuvo-en-la-unidad-5\/consejoprovincialteatroindependienteunidad5\/#main\" data-orig-file=\"https:\/\/www.hoymercedes.com.ar\/principal\/wp-content\/uploads\/2012\/09\/ConsejoProvincialTeatroIndependienteUnidad5.jpg\" data-orig-size=\"614,409\" data-comments-opened=\"1\" data-image-meta=\"{&quot;aperture&quot;:&quot;2.8&quot;,&quot;credit&quot;:&quot;&quot;,&quot;camera&quot;:&quot;KODAK EASYSHARE V1003 ZOOM DIGITAL CAMERA&quot;,&quot;caption&quot;:&quot;&quot;,&quot;created_timestamp&quot;:&quot;1300785451&quot;,&quot;copyright&quot;:&quot;&quot;,&quot;focal_length&quot;:&quot;7.5&quot;,&quot;iso&quot;:&quot;80&quot;,&quot;shutter_speed&quot;:&quot;0.00625&quot;,&quot;title&quot;:&quot;&quot;}\" data-image-title=\"ConsejoProvincialTeatroIndependienteUnidad5\" data-image-description=\"\" data-image-caption=\"\" data-large-file=\"https:\/\/www.hoymercedes.com.ar\/principal\/wp-content\/uploads\/2012\/09\/ConsejoProvincialTeatroIndependienteUnidad5.jpg\" class=\"aligncenter size-full wp-image-16181\" title=\"ConsejoProvincialTeatroIndependienteUnidad5\" src=\"https:\/\/www.hoymercedes.com.ar\/principal\/wp-content\/uploads\/2012\/09\/ConsejoProvincialTeatroIndependienteUnidad5.jpg\" alt=\"\" width=\"614\" height=\"409\" \/><\/a><\/p>\n<p>En el marco del convenio firmado por el Ministro de Justicia y Seguridad de la provincia de Buenos Aires, Ricardo Casal y el Consejo Provincial de Teatro Independiente, representado por su director ejecutivo, Lito Cruz, para llevar dentro del Proyecto Cultural y Educativo, el teatro Independiente dentro de las c\u00e1rceles Bonaerenses, el pasado viernes, a las 14 horas, en la Unidad 5 se presento el unipersonal \u201cFontanarrosa al palo\u201d, para m\u00e1s de cien internos.<\/p>\n<p>En esta oportunidad, el actor Fabi\u00e1n Morales (Secretario del Consejo de Teatro Independiente) represento la fant\u00e1stica obra del recordado Fontanarrosa, pasando por varios personajes y hechos de la vida cotidiana, con el humor del autor y las acotaciones del encargado de la puesta en escena, Morales responsable de la Organizaci\u00f3n El Negro Olmedo de \u00e9sta ciudad.<\/p>\n<p>Llegaron para llevar adelante este proyecto, conversar con los internos, y con las autoridades de la Unidad 5 a cargo de su Director Melit\u00f3n Gin\u00e9s, representantes del Consejo Provincial de Teatro Independiente con sede en La Plata en el Teatro Argentino, las Coordinadoras Claudia L\u00f3pez Lombardi y Mar\u00eda Everlen, as\u00ed como tambi\u00e9n la Jefa del Departamento de Cultura dependiente de la Direcci\u00f3n General de Asistencia y Tratamiento del Servicio Penitenciario Bonaerense, Gabriela R\u00edos.<\/p>\n<p>En una entretenida tarde, donde se desataco por parte de la coordinadora Claudia L\u00f3pez Lombardi lo distendidos que percibi\u00f3 a los internos disfrutando la obra, y el buen clima que impero en toda la experiencia.<\/p>\n<p>Por su parte Morales, conto que tiene experiencias previas en el ingreso a c\u00e1rceles pero como colaborador o p\u00fablico de obras, pero esta es su primera vez para actuar, y le pareci\u00f3 que todo estuvo muy bien, entre \u00e9l y su p\u00fablico.<\/p>\n<p>Una vez finalizada la actividad, compartieron un refrigerio entre los presentes y se sumo la profesora de teatro del grupo Renacer compuesto por internos, Gabriela Lorusso, y personal de la Unidad, donde se contaron las experiencias teatrales en la Unidad, los trabajos realizados y lo conveniente que es este tipo de actividades en contexto de encierro.<\/p>\n","protected":false},"excerpt":{"rendered":"<p>En el marco del convenio firmado por el Ministro de Justicia y Seguridad de la provincia de Buenos Aires, Ricardo &#8230; <a title=\"El Consejo Provincial de Teatro Independiente estuvo en la Unidad 5\" class=\"read-more\" href=\"https:\/\/www.hoymercedes.com.ar\/principal\/2012\/09\/15\/el-consejo-provincial-de-teatro-independiente-estuvo-en-la-unidad-5\/\" aria-label=\"Leer m\u00e1s sobre El Consejo Provincial de Teatro Independiente estuvo en la Unidad 5\">Leer m\u00e1s<\/a><\/p>\n","protected":false},"author":1,"featured_media":0,"comment_status":"open","ping_status":"open","sticky":false,"template":"","format":"standard","meta":{"_monsterinsights_skip_tracking":false,"_monsterinsights_sitenote_active":false,"_monsterinsights_sitenote_note":"","_monsterinsights_sitenote_category":0,"jetpack_post_was_ever_published":false,"_jetpack_newsletter_access":"","_jetpack_dont_email_post_to_subs":false,"_jetpack_newsletter_tier_id":0,"_jetpack_memberships_contains_paywalled_content":false,"_jetpack_memberships_contains_paid_content":false,"footnotes":"","jetpack_publicize_message":"","jetpack_publicize_feature_enabled":true,"jetpack_social_post_already_shared":false,"jetpack_social_options":{"image_generator_settings":{"template":"highway","default_image_id":0,"font":"","enabled":false},"version":2},"_wpas_customize_per_network":false},"categories":[104],"tags":[2744,479,113],"class_list":["post-16179","post","type-post","status-publish","format-standard","hentry","category-cultura","tag-consejo-provincial-de-teatro-independiente","tag-fabian-morales","tag-unidad-5","generate-columns","tablet-grid-50","mobile-grid-100","grid-parent","grid-50"],"jetpack_publicize_connections":[],"jetpack_featured_media_url":"","wps_subtitle":"","jetpack_sharing_enabled":true,"_links":{"self":[{"href":"https:\/\/www.hoymercedes.com.ar\/principal\/wp-json\/wp\/v2\/posts\/16179","targetHints":{"allow":["GET"]}}],"collection":[{"href":"https:\/\/www.hoymercedes.com.ar\/principal\/wp-json\/wp\/v2\/posts"}],"about":[{"href":"https:\/\/www.hoymercedes.com.ar\/principal\/wp-json\/wp\/v2\/types\/post"}],"author":[{"embeddable":true,"href":"https:\/\/www.hoymercedes.com.ar\/principal\/wp-json\/wp\/v2\/users\/1"}],"replies":[{"embeddable":true,"href":"https:\/\/www.hoymercedes.com.ar\/principal\/wp-json\/wp\/v2\/comments?post=16179"}],"version-history":[{"count":0,"href":"https:\/\/www.hoymercedes.com.ar\/principal\/wp-json\/wp\/v2\/posts\/16179\/revisions"}],"wp:attachment":[{"href":"https:\/\/www.hoymercedes.com.ar\/principal\/wp-json\/wp\/v2\/media?parent=16179"}],"wp:term":[{"taxonomy":"category","embeddable":true,"href":"https:\/\/www.hoymercedes.com.ar\/principal\/wp-json\/wp\/v2\/categories?post=16179"},{"taxonomy":"post_tag","embeddable":true,"href":"https:\/\/www.hoymercedes.com.ar\/principal\/wp-json\/wp\/v2\/tags?post=16179"}],"curies":[{"name":"wp","href":"https:\/\/api.w.org\/{rel}","templated":true}]}}