{"id":161825,"date":"2023-05-06T20:01:12","date_gmt":"2023-05-06T23:01:12","guid":{"rendered":"https:\/\/www.hoymercedes.com.ar\/principal\/?p=161825"},"modified":"2023-05-06T20:01:14","modified_gmt":"2023-05-06T23:01:14","slug":"fiscalia-brindo-detalles-de-la-investigacion-por-los-dos-aprehendidos-del-viernes","status":"publish","type":"post","link":"https:\/\/www.hoymercedes.com.ar\/principal\/2023\/05\/06\/fiscalia-brindo-detalles-de-la-investigacion-por-los-dos-aprehendidos-del-viernes\/","title":{"rendered":"Fiscal\u00eda brind\u00f3 detalles de la investigaci\u00f3n por los dos aprehendidos del viernes"},"content":{"rendered":"\n<p>La Fiscal\u00eda General del Departamento Judicial Mercedes brind\u00f3 mayor informaci\u00f3n sobre la detenci\u00f3n de los dos sujetos acusados por hurto utilizando inhibidores de se\u00f1al para autom\u00f3viles. Se refirieron a la persecusi\u00f3n y ra\u00edd que termin\u00f3 en calle 26 y 11. <\/p>\n\n\n<div class=\"wp-block-image\">\n<figure class=\"aligncenter size-large\"><img loading=\"lazy\" decoding=\"async\" width=\"1024\" height=\"768\" data-attachment-id=\"161789\" data-permalink=\"https:\/\/www.hoymercedes.com.ar\/principal\/2023\/05\/05\/tras-fuerte-operativo-detienen-a-delincuentes-detectados-por-lector-de-patentes\/page-4\/#main\" data-orig-file=\"https:\/\/www.hoymercedes.com.ar\/principal\/wp-content\/uploads\/2023\/05\/page.jpg\" data-orig-size=\"1200,900\" data-comments-opened=\"0\" data-image-meta=\"{&quot;aperture&quot;:&quot;0&quot;,&quot;credit&quot;:&quot;&quot;,&quot;camera&quot;:&quot;&quot;,&quot;caption&quot;:&quot;&quot;,&quot;created_timestamp&quot;:&quot;0&quot;,&quot;copyright&quot;:&quot;&quot;,&quot;focal_length&quot;:&quot;0&quot;,&quot;iso&quot;:&quot;0&quot;,&quot;shutter_speed&quot;:&quot;0&quot;,&quot;title&quot;:&quot;&quot;,&quot;orientation&quot;:&quot;0&quot;}\" data-image-title=\"page\" data-image-description=\"\" data-image-caption=\"\" data-large-file=\"https:\/\/www.hoymercedes.com.ar\/principal\/wp-content\/uploads\/2023\/05\/page-1024x768.jpg\" src=\"https:\/\/www.hoymercedes.com.ar\/principal\/wp-content\/uploads\/2023\/05\/page-1024x768.jpg\" alt=\"\" class=\"wp-image-161789\" srcset=\"https:\/\/www.hoymercedes.com.ar\/principal\/wp-content\/uploads\/2023\/05\/page-1024x768.jpg 1024w, https:\/\/www.hoymercedes.com.ar\/principal\/wp-content\/uploads\/2023\/05\/page-630x473.jpg 630w, https:\/\/www.hoymercedes.com.ar\/principal\/wp-content\/uploads\/2023\/05\/page-150x113.jpg 150w, https:\/\/www.hoymercedes.com.ar\/principal\/wp-content\/uploads\/2023\/05\/page.jpg 1200w\" sizes=\"auto, (max-width: 1024px) 100vw, 1024px\" \/><\/figure>\n<\/div>\n\n\n<p>\u00abEn horas del mediod\u00eda del viernes 5 del corriente, dos sujetos fueron aprehendidos luego de un operativo desarrollado por Polic\u00eda Comunal siendo los mismos autores de -al menos &#8211; tres hechos delictivos en la localidad de Mercedes, utilizando inhibidores de se\u00f1al de veh\u00edculos para cometer la sustracci\u00f3n de elementos de valor\u00bb, destacan en el informe.\u00a0<\/p>\n\n\n\n<p>\u00abDe acuerdo a lo que pudo conocerse, el pasado 28 de abril del corriente, en horas cercanas al mediod\u00eda, al menos tres sujetos hab\u00edan arribado a la ciudad en un veh\u00edculo Peugeot 207 y tras estacionarse en zona c\u00e9ntrica de la localidad,\u00a0 lograron ingresar a un veh\u00edculo Volkswagen Vento que estaba estacionado en 27 entre 26 y 28,\u00a0 utilizando un inhibidor de se\u00f1al\u00a0 y neutraliz\u00f3 el cierre centralizado del mismo. All\u00ed, lograron hacerse de las llaves de la vivienda del propietario cita en barrio Lowe y al menos dos de los sujetos se dirigieron a la vivienda &#8211; mientras el otro habr\u00eda quedado vigilando el movimiento del veh\u00edculo &#8211; y lograron ingresar y cortar los cables del sistema de alarma. Se hicieron de algunos elementos de valor y se dieron a la fuga\u00bb, agregan.\u00a0<\/p>\n\n\n\n<p>\u00abEste viernes 5 del corriente, al menos tres sujetos &#8211; uno de ellos por identificar &#8211; llegaron a la ciudad de Mercedes a bordo del mismo veh\u00edculo Peugeot 207. Desde el ingreso del autom\u00f3vil a la localidad la Polic\u00eda local fue puesta en alerta por el Centro de Monitoreo Municipal dado que el veh\u00edculo estaba sospechado por el hecho ocurrido la semana anterior. Es as\u00ed que se logr\u00f3 detectar toda la maniobra desarrollada en esta ocasi\u00f3n y se despleg\u00f3 un operativo para aprehenderlos\u00bb, destacan.\u00a0\u00a0<\/p>\n\n\n\n<p>Estos sujetos estacionaron en calle 18 entre 21 y 23 y -con clara divisi\u00f3n de tareas &#8211; comenzaron a deambular por la zona en busca de veh\u00edculos para cometer il\u00edcitos. En un momento, el hombre no identificado utiliz\u00f3 un inhibidor de se\u00f1al y neutraliz\u00f3 el cierre centralizado de una camioneta Amarok estacionada en 18 entre 23 y 25. Tras ello ingres\u00f3 al veh\u00edculo para hacerse de elementos de valor no logrando su cometido. A la vez, otro de los sujetos utiliz\u00f3 la misma modalidad hizo lo propio con una camioneta marca Toyota Hilux en 23 y 18. All\u00ed logr\u00f3 hacerse de una suma de dinero en efectivo. Por su parte, el tercero aguardaba en el veh\u00edculo.&nbsp;<\/p>\n\n\n\n<p>Ya con el bot\u00edn en mano, el segundo sujeto regres\u00f3 al autom\u00f3vil y emprendieron marcha. Fue all\u00ed cuando &#8211; para evitar la fuga de los mismos &#8211; una efectivo policial les sali\u00f3 al cruce dando la voz de alto y haciendo caso omiso arremetieron con el veh\u00edculo a mayor velocidad a fines de ocasionarle da\u00f1o, la agente fue embestida y se dieron a la fuga. Fue all\u00ed cuando se emprendi\u00f3 una persecuci\u00f3n hasta calle 22 y 11 donde abandonaron el veh\u00edculo y fugaron a pie siendo alcanzados por efectivos policiales en calles 26 entre 9 y 11 y quedando aprehendidos. Se logr\u00f3 el secuestro de distintos elementos de inter\u00e9s para la investigaci\u00f3n y dinero en efectivo. En tanto, el tercer sujeto de momento no logr\u00f3 ser encontrado.&nbsp;<\/p>\n\n\n\n<p>Tras ello tom\u00f3 intervenci\u00f3n la Unidad Funcional de Instrucci\u00f3n N.\u00ba 6 del Departamento Judicial Mercedes &#8211; a cargo del dr. Luis Carcagno &#8211; siendo que por el hecho del 28 de abril hab\u00eda tomado intervenci\u00f3n la Unidad Funcional de Instrucci\u00f3n N.\u00ba 4 unific\u00e1ndose las causas en la UFI en turno de esta semana.&nbsp;&nbsp;<\/p>\n\n\n\n<p>Los imputados (dos sujetos de 28 y 36 a\u00f1os, oriundos de C\u00f3rdoba) comparecieron ante el agente fiscal en el marco de la audiencia de declaraci\u00f3n en los t\u00e9rminos del art. 308 del C\u00f3digo Procesal Penal en la jornada de este s\u00e1bado 6 del corriente. Fue por el delito de \u201cHurto agravado por el uso de llave falsa u otro instrumento semejante (inhibidor de se\u00f1al) en grado de tentativa, hurto agravado por el uso de llave falsa u otro instrumento semejante (inhibidor de se\u00f1al) todo en concurso real con atentado a la autoridad agravado por poner manos sobre la autoridad y hurto agravado por el uso de llave falsa u otro instrumento semejante (inhibidor de se\u00f1al) en concurso real con robo agravado por el uso de llave verdadera sustra\u00edda, todo ello en concurso real con asociaci\u00f3n il\u00edcita\u201d y no hicieron uso de su derecho de negarse a declarar.\u00a0<\/p>\n\n\n\n<p>Fuente: Ministerio P\u00fablico Fiscal &#8211; Depto Judicial Mercedes<br>Se recuerda que las caras de los aprehendidos se ocultan por cuestiones que hacen a la investigaci\u00f3n. <\/p>\n","protected":false},"excerpt":{"rendered":"<p>La Fiscal\u00eda General del Departamento Judicial Mercedes brind\u00f3 mayor informaci\u00f3n sobre la detenci\u00f3n de los dos sujetos acusados por hurto &#8230; <a title=\"Fiscal\u00eda brind\u00f3 detalles de la investigaci\u00f3n por los dos aprehendidos del viernes\" class=\"read-more\" href=\"https:\/\/www.hoymercedes.com.ar\/principal\/2023\/05\/06\/fiscalia-brindo-detalles-de-la-investigacion-por-los-dos-aprehendidos-del-viernes\/\" aria-label=\"Leer m\u00e1s sobre Fiscal\u00eda brind\u00f3 detalles de la investigaci\u00f3n por los dos aprehendidos del viernes\">Leer m\u00e1s<\/a><\/p>\n","protected":false},"author":1,"featured_media":161789,"comment_status":"closed","ping_status":"open","sticky":false,"template":"","format":"standard","meta":{"_monsterinsights_skip_tracking":false,"_monsterinsights_sitenote_active":false,"_monsterinsights_sitenote_note":"","_monsterinsights_sitenote_category":0,"jetpack_post_was_ever_published":false,"_jetpack_newsletter_access":"","_jetpack_dont_email_post_to_subs":false,"_jetpack_newsletter_tier_id":0,"_jetpack_memberships_contains_paywalled_content":false,"_jetpack_memberships_contains_paid_content":false,"footnotes":"","jetpack_publicize_message":"","jetpack_publicize_feature_enabled":true,"jetpack_social_post_already_shared":true,"jetpack_social_options":{"image_generator_settings":{"template":"highway","default_image_id":0,"font":"","enabled":false},"version":2},"_wpas_customize_per_network":false},"categories":[85],"tags":[],"class_list":["post-161825","post","type-post","status-publish","format-standard","has-post-thumbnail","hentry","category-policial","generate-columns","tablet-grid-50","mobile-grid-100","grid-parent","grid-50"],"jetpack_publicize_connections":[],"jetpack_featured_media_url":"https:\/\/www.hoymercedes.com.ar\/principal\/wp-content\/uploads\/2023\/05\/page.jpg","wps_subtitle":"","jetpack_sharing_enabled":true,"_links":{"self":[{"href":"https:\/\/www.hoymercedes.com.ar\/principal\/wp-json\/wp\/v2\/posts\/161825","targetHints":{"allow":["GET"]}}],"collection":[{"href":"https:\/\/www.hoymercedes.com.ar\/principal\/wp-json\/wp\/v2\/posts"}],"about":[{"href":"https:\/\/www.hoymercedes.com.ar\/principal\/wp-json\/wp\/v2\/types\/post"}],"author":[{"embeddable":true,"href":"https:\/\/www.hoymercedes.com.ar\/principal\/wp-json\/wp\/v2\/users\/1"}],"replies":[{"embeddable":true,"href":"https:\/\/www.hoymercedes.com.ar\/principal\/wp-json\/wp\/v2\/comments?post=161825"}],"version-history":[{"count":0,"href":"https:\/\/www.hoymercedes.com.ar\/principal\/wp-json\/wp\/v2\/posts\/161825\/revisions"}],"wp:featuredmedia":[{"embeddable":true,"href":"https:\/\/www.hoymercedes.com.ar\/principal\/wp-json\/wp\/v2\/media\/161789"}],"wp:attachment":[{"href":"https:\/\/www.hoymercedes.com.ar\/principal\/wp-json\/wp\/v2\/media?parent=161825"}],"wp:term":[{"taxonomy":"category","embeddable":true,"href":"https:\/\/www.hoymercedes.com.ar\/principal\/wp-json\/wp\/v2\/categories?post=161825"},{"taxonomy":"post_tag","embeddable":true,"href":"https:\/\/www.hoymercedes.com.ar\/principal\/wp-json\/wp\/v2\/tags?post=161825"}],"curies":[{"name":"wp","href":"https:\/\/api.w.org\/{rel}","templated":true}]}}