{"id":161854,"date":"2023-05-07T20:15:00","date_gmt":"2023-05-07T23:15:00","guid":{"rendered":"https:\/\/www.hoymercedes.com.ar\/principal\/?p=161854"},"modified":"2023-05-07T19:30:24","modified_gmt":"2023-05-07T22:30:24","slug":"bomberos-voluntarios-ganadores-mensuales-del-bono-contribucion","status":"publish","type":"post","link":"https:\/\/www.hoymercedes.com.ar\/principal\/2023\/05\/07\/bomberos-voluntarios-ganadores-mensuales-del-bono-contribucion\/","title":{"rendered":"Bomberos Voluntarios: Ganadores mensuales del bono contribuci\u00f3n"},"content":{"rendered":"\n<p>Desde el Cuerpo de Bomberos Voluntarios de Mercedes anunciaron los ganadores del sorteo del mes de abril del bono contribuci\u00f3n del a\u00f1o. <\/p>\n\n\n\n<p>\u00abAnte todo queremos agradecer a todos por su colaboraci\u00f3n y felicitamos a los ganadores del sorteo\u00bb, destacan desde el cuerpo de Bomberos. <\/p>\n\n\n\n<figure class=\"wp-block-gallery has-nested-images columns-default is-cropped wp-block-gallery-1 is-layout-flex wp-block-gallery-is-layout-flex\">\n<figure class=\"wp-block-image size-large\"><img loading=\"lazy\" decoding=\"async\" width=\"600\" height=\"905\" data-attachment-id=\"161841\" data-permalink=\"https:\/\/www.hoymercedes.com.ar\/principal\/fb_img_1683422579208_copy_600x905\/\" data-orig-file=\"https:\/\/www.hoymercedes.com.ar\/principal\/wp-content\/uploads\/2023\/05\/FB_IMG_1683422579208_copy_600x905.jpg\" data-orig-size=\"600,905\" data-comments-opened=\"0\" data-image-meta=\"{&quot;aperture&quot;:&quot;0&quot;,&quot;credit&quot;:&quot;&quot;,&quot;camera&quot;:&quot;&quot;,&quot;caption&quot;:&quot;&quot;,&quot;created_timestamp&quot;:&quot;0&quot;,&quot;copyright&quot;:&quot;&quot;,&quot;focal_length&quot;:&quot;0&quot;,&quot;iso&quot;:&quot;0&quot;,&quot;shutter_speed&quot;:&quot;0&quot;,&quot;title&quot;:&quot;&quot;,&quot;orientation&quot;:&quot;0&quot;}\" data-image-title=\"FB_IMG_1683422579208_copy_600x905\" data-image-description=\"\" data-image-caption=\"\" data-large-file=\"https:\/\/www.hoymercedes.com.ar\/principal\/wp-content\/uploads\/2023\/05\/FB_IMG_1683422579208_copy_600x905.jpg\" data-id=\"161841\" src=\"https:\/\/www.hoymercedes.com.ar\/principal\/wp-content\/uploads\/2023\/05\/FB_IMG_1683422579208_copy_600x905.jpg\" alt=\"\" class=\"wp-image-161841\" srcset=\"https:\/\/www.hoymercedes.com.ar\/principal\/wp-content\/uploads\/2023\/05\/FB_IMG_1683422579208_copy_600x905.jpg 600w, https:\/\/www.hoymercedes.com.ar\/principal\/wp-content\/uploads\/2023\/05\/FB_IMG_1683422579208_copy_600x905-411x620.jpg 411w, https:\/\/www.hoymercedes.com.ar\/principal\/wp-content\/uploads\/2023\/05\/FB_IMG_1683422579208_copy_600x905-99x150.jpg 99w\" sizes=\"auto, (max-width: 600px) 100vw, 600px\" \/><\/figure>\n\n\n\n<figure class=\"wp-block-image size-large\"><img loading=\"lazy\" decoding=\"async\" width=\"600\" height=\"919\" data-attachment-id=\"161842\" data-permalink=\"https:\/\/www.hoymercedes.com.ar\/principal\/fb_img_1683422584853_copy_600x919\/\" data-orig-file=\"https:\/\/www.hoymercedes.com.ar\/principal\/wp-content\/uploads\/2023\/05\/FB_IMG_1683422584853_copy_600x919.jpg\" data-orig-size=\"600,919\" data-comments-opened=\"0\" data-image-meta=\"{&quot;aperture&quot;:&quot;0&quot;,&quot;credit&quot;:&quot;&quot;,&quot;camera&quot;:&quot;&quot;,&quot;caption&quot;:&quot;&quot;,&quot;created_timestamp&quot;:&quot;0&quot;,&quot;copyright&quot;:&quot;&quot;,&quot;focal_length&quot;:&quot;0&quot;,&quot;iso&quot;:&quot;0&quot;,&quot;shutter_speed&quot;:&quot;0&quot;,&quot;title&quot;:&quot;&quot;,&quot;orientation&quot;:&quot;0&quot;}\" data-image-title=\"FB_IMG_1683422584853_copy_600x919\" data-image-description=\"\" data-image-caption=\"\" data-large-file=\"https:\/\/www.hoymercedes.com.ar\/principal\/wp-content\/uploads\/2023\/05\/FB_IMG_1683422584853_copy_600x919.jpg\" data-id=\"161842\" src=\"https:\/\/www.hoymercedes.com.ar\/principal\/wp-content\/uploads\/2023\/05\/FB_IMG_1683422584853_copy_600x919.jpg\" alt=\"\" class=\"wp-image-161842\" srcset=\"https:\/\/www.hoymercedes.com.ar\/principal\/wp-content\/uploads\/2023\/05\/FB_IMG_1683422584853_copy_600x919.jpg 600w, https:\/\/www.hoymercedes.com.ar\/principal\/wp-content\/uploads\/2023\/05\/FB_IMG_1683422584853_copy_600x919-405x620.jpg 405w, https:\/\/www.hoymercedes.com.ar\/principal\/wp-content\/uploads\/2023\/05\/FB_IMG_1683422584853_copy_600x919-98x150.jpg 98w\" sizes=\"auto, (max-width: 600px) 100vw, 600px\" \/><\/figure>\n<\/figure>\n\n\n\n<p>A lo que destacan que para retirar el premio debe estar paga la cuota correspondiente al sorteo. El horario de entrega de los premios es de lunes a viernes de 9 a 13 hs. en el ingreso de calle 15, entre 20 y 22. <\/p>\n\n\n\n<p>Para hacerse socio o adquirir el bono contribuci\u00f3n del corriente a\u00f1os, se pueden comunicar con la administraci\u00f3n a los tel\u00e9fonos 2324 585242 o al 427300 de lunes a viernes de 9 a 13 hs. <\/p>\n","protected":false},"excerpt":{"rendered":"<p>Desde el Cuerpo de Bomberos Voluntarios de Mercedes anunciaron los ganadores del sorteo del mes de abril del bono contribuci\u00f3n &#8230; <a title=\"Bomberos Voluntarios: Ganadores mensuales del bono contribuci\u00f3n\" class=\"read-more\" href=\"https:\/\/www.hoymercedes.com.ar\/principal\/2023\/05\/07\/bomberos-voluntarios-ganadores-mensuales-del-bono-contribucion\/\" aria-label=\"Leer m\u00e1s sobre Bomberos Voluntarios: Ganadores mensuales del bono contribuci\u00f3n\">Leer m\u00e1s<\/a><\/p>\n","protected":false},"author":1,"featured_media":161841,"comment_status":"closed","ping_status":"open","sticky":false,"template":"","format":"standard","meta":{"_monsterinsights_skip_tracking":false,"_monsterinsights_sitenote_active":false,"_monsterinsights_sitenote_note":"","_monsterinsights_sitenote_category":0,"jetpack_post_was_ever_published":false,"_jetpack_newsletter_access":"","_jetpack_dont_email_post_to_subs":false,"_jetpack_newsletter_tier_id":0,"_jetpack_memberships_contains_paywalled_content":false,"_jetpack_memberships_contains_paid_content":false,"footnotes":"","jetpack_publicize_message":"","jetpack_publicize_feature_enabled":true,"jetpack_social_post_already_shared":true,"jetpack_social_options":{"image_generator_settings":{"template":"highway","default_image_id":0,"font":"","enabled":false},"version":2},"_wpas_customize_per_network":false},"categories":[8],"tags":[],"class_list":["post-161854","post","type-post","status-publish","format-standard","has-post-thumbnail","hentry","category-sociedad","generate-columns","tablet-grid-50","mobile-grid-100","grid-parent","grid-50"],"jetpack_publicize_connections":[],"jetpack_featured_media_url":"https:\/\/www.hoymercedes.com.ar\/principal\/wp-content\/uploads\/2023\/05\/FB_IMG_1683422579208_copy_600x905.jpg","wps_subtitle":"","jetpack_sharing_enabled":true,"_links":{"self":[{"href":"https:\/\/www.hoymercedes.com.ar\/principal\/wp-json\/wp\/v2\/posts\/161854","targetHints":{"allow":["GET"]}}],"collection":[{"href":"https:\/\/www.hoymercedes.com.ar\/principal\/wp-json\/wp\/v2\/posts"}],"about":[{"href":"https:\/\/www.hoymercedes.com.ar\/principal\/wp-json\/wp\/v2\/types\/post"}],"author":[{"embeddable":true,"href":"https:\/\/www.hoymercedes.com.ar\/principal\/wp-json\/wp\/v2\/users\/1"}],"replies":[{"embeddable":true,"href":"https:\/\/www.hoymercedes.com.ar\/principal\/wp-json\/wp\/v2\/comments?post=161854"}],"version-history":[{"count":0,"href":"https:\/\/www.hoymercedes.com.ar\/principal\/wp-json\/wp\/v2\/posts\/161854\/revisions"}],"wp:featuredmedia":[{"embeddable":true,"href":"https:\/\/www.hoymercedes.com.ar\/principal\/wp-json\/wp\/v2\/media\/161841"}],"wp:attachment":[{"href":"https:\/\/www.hoymercedes.com.ar\/principal\/wp-json\/wp\/v2\/media?parent=161854"}],"wp:term":[{"taxonomy":"category","embeddable":true,"href":"https:\/\/www.hoymercedes.com.ar\/principal\/wp-json\/wp\/v2\/categories?post=161854"},{"taxonomy":"post_tag","embeddable":true,"href":"https:\/\/www.hoymercedes.com.ar\/principal\/wp-json\/wp\/v2\/tags?post=161854"}],"curies":[{"name":"wp","href":"https:\/\/api.w.org\/{rel}","templated":true}]}}