{"id":161943,"date":"2023-05-09T13:43:45","date_gmt":"2023-05-09T16:43:45","guid":{"rendered":"https:\/\/www.hoymercedes.com.ar\/principal\/?p=161943"},"modified":"2023-05-09T13:43:47","modified_gmt":"2023-05-09T16:43:47","slug":"incendio-con-destruccion-total-a-primera-hora-del-dia","status":"publish","type":"post","link":"https:\/\/www.hoymercedes.com.ar\/principal\/2023\/05\/09\/incendio-con-destruccion-total-a-primera-hora-del-dia\/","title":{"rendered":"Incendio con destrucci\u00f3n total a primera hora del d\u00eda"},"content":{"rendered":"\n<p>Se produjo durante las primeras horas del d\u00eda un importante incendio en una vivienda que oblig\u00f3 la intervenci\u00f3n de dos dotaciones del cuerpo de Bomberos Voluntarios y m\u00e1s de una unidad de SAME. Menores debieron ser trasladados al Dubarry.<\/p>\n\n\n\n<p>La intervenci\u00f3n de dio alrededor de las 6.20hs de la ma\u00f1ana. No se conocen los motivos, pero el incendio fue con destrucci\u00f3n total y con consecuencias hacia los integrantes de la familia dado que dos menores debieron ser atendidos por el equipo de salud del Dubarry.<\/p>\n\n\n\n<p>Intervino tambi\u00e9n el \u00e1rea de Desarrollo de la Comunidad de la Municipalidad.<\/p>\n\n\n\n<p>Como se dijo, se desconocen los motivos del siniestro con gravedad material. Al cierre de esta noticia los menores no tendr\u00edan nada de gravedad, independientemente de lo preocupante que es siempre este tiempo de siniestros.<\/p>\n\n\n\n<p>El hecho fue en 77 y 104.<\/p>\n","protected":false},"excerpt":{"rendered":"<p>Se produjo durante las primeras horas del d\u00eda un importante incendio en una vivienda que oblig\u00f3 la intervenci\u00f3n de dos &#8230; <a title=\"Incendio con destrucci\u00f3n total a primera hora del d\u00eda\" class=\"read-more\" href=\"https:\/\/www.hoymercedes.com.ar\/principal\/2023\/05\/09\/incendio-con-destruccion-total-a-primera-hora-del-dia\/\" aria-label=\"Leer m\u00e1s sobre Incendio con destrucci\u00f3n total a primera hora del d\u00eda\">Leer m\u00e1s<\/a><\/p>\n","protected":false},"author":1,"featured_media":60540,"comment_status":"closed","ping_status":"open","sticky":false,"template":"","format":"standard","meta":{"_monsterinsights_skip_tracking":false,"_monsterinsights_sitenote_active":false,"_monsterinsights_sitenote_note":"","_monsterinsights_sitenote_category":0,"jetpack_post_was_ever_published":false,"_jetpack_newsletter_access":"","_jetpack_dont_email_post_to_subs":false,"_jetpack_newsletter_tier_id":0,"_jetpack_memberships_contains_paywalled_content":false,"_jetpack_memberships_contains_paid_content":false,"footnotes":"","jetpack_publicize_message":"","jetpack_publicize_feature_enabled":true,"jetpack_social_post_already_shared":true,"jetpack_social_options":{"image_generator_settings":{"template":"highway","default_image_id":0,"font":"","enabled":false},"version":2},"_wpas_customize_per_network":false},"categories":[85],"tags":[286],"class_list":["post-161943","post","type-post","status-publish","format-standard","has-post-thumbnail","hentry","category-policial","tag-incendio","generate-columns","tablet-grid-50","mobile-grid-100","grid-parent","grid-50"],"jetpack_publicize_connections":[],"jetpack_featured_media_url":"https:\/\/www.hoymercedes.com.ar\/principal\/wp-content\/uploads\/2017\/03\/escudo-bomberos.jpg","wps_subtitle":"","jetpack_sharing_enabled":true,"_links":{"self":[{"href":"https:\/\/www.hoymercedes.com.ar\/principal\/wp-json\/wp\/v2\/posts\/161943","targetHints":{"allow":["GET"]}}],"collection":[{"href":"https:\/\/www.hoymercedes.com.ar\/principal\/wp-json\/wp\/v2\/posts"}],"about":[{"href":"https:\/\/www.hoymercedes.com.ar\/principal\/wp-json\/wp\/v2\/types\/post"}],"author":[{"embeddable":true,"href":"https:\/\/www.hoymercedes.com.ar\/principal\/wp-json\/wp\/v2\/users\/1"}],"replies":[{"embeddable":true,"href":"https:\/\/www.hoymercedes.com.ar\/principal\/wp-json\/wp\/v2\/comments?post=161943"}],"version-history":[{"count":0,"href":"https:\/\/www.hoymercedes.com.ar\/principal\/wp-json\/wp\/v2\/posts\/161943\/revisions"}],"wp:featuredmedia":[{"embeddable":true,"href":"https:\/\/www.hoymercedes.com.ar\/principal\/wp-json\/wp\/v2\/media\/60540"}],"wp:attachment":[{"href":"https:\/\/www.hoymercedes.com.ar\/principal\/wp-json\/wp\/v2\/media?parent=161943"}],"wp:term":[{"taxonomy":"category","embeddable":true,"href":"https:\/\/www.hoymercedes.com.ar\/principal\/wp-json\/wp\/v2\/categories?post=161943"},{"taxonomy":"post_tag","embeddable":true,"href":"https:\/\/www.hoymercedes.com.ar\/principal\/wp-json\/wp\/v2\/tags?post=161943"}],"curies":[{"name":"wp","href":"https:\/\/api.w.org\/{rel}","templated":true}]}}