{"id":161988,"date":"2023-05-10T09:14:53","date_gmt":"2023-05-10T12:14:53","guid":{"rendered":"https:\/\/www.hoymercedes.com.ar\/principal\/?p=161988"},"modified":"2023-05-10T09:23:52","modified_gmt":"2023-05-10T12:23:52","slug":"presentan-revista-por-los-100-anos-de-catedral","status":"publish","type":"post","link":"https:\/\/www.hoymercedes.com.ar\/principal\/2023\/05\/10\/presentan-revista-por-los-100-anos-de-catedral\/","title":{"rendered":"Presentan revista por los 100 a\u00f1os de Catedral"},"content":{"rendered":"\n<p>La Comisi\u00f3n de Patrimonio CUNA junto a la Bas\u00edlica Catedral estar\u00e1n presentando este viernes 12 de mayo, a las 19:30, una revista que destaca los 100 a\u00f1os del templo cat\u00f3lico de calle 24. <\/p>\n\n\n\n<p>El trabajo grafico en formato revista fue realizado en conmemoraci\u00f3n a los 100 a\u00f1os de la Catedral Bas\u00edlica \u00abNuestra Se\u00f1ora de las Mercedes\u00bb. Y en ese mismo espacio religioso ser\u00e1 el evento. <\/p>\n\n\n\n<p>Si bien el aniversario fue en el 2021, la pandemia y sus restricciones que segu\u00edan vigentes por esas fechas hicieron que se postergue la publicaci\u00f3n.<\/p>\n\n\n\n<p>El encuentro se realizar\u00e1 el viernes 12 de mayo a las 19:30 hs en la Bas\u00edlica Catedral, ubicada en calle 24 entre 27 y avenida 29.<\/p>\n\n\n\n<figure class=\"wp-block-image size-large is-resized\"><img loading=\"lazy\" decoding=\"async\" data-attachment-id=\"161989\" data-permalink=\"https:\/\/www.hoymercedes.com.ar\/principal\/2023\/05\/10\/presentan-revista-por-los-100-anos-de-catedral\/fb_img_1683720453014\/#main\" data-orig-file=\"https:\/\/www.hoymercedes.com.ar\/principal\/wp-content\/uploads\/2023\/05\/FB_IMG_1683720453014.jpg\" data-orig-size=\"1080,1349\" data-comments-opened=\"0\" data-image-meta=\"{&quot;aperture&quot;:&quot;0&quot;,&quot;credit&quot;:&quot;&quot;,&quot;camera&quot;:&quot;&quot;,&quot;caption&quot;:&quot;&quot;,&quot;created_timestamp&quot;:&quot;0&quot;,&quot;copyright&quot;:&quot;&quot;,&quot;focal_length&quot;:&quot;0&quot;,&quot;iso&quot;:&quot;0&quot;,&quot;shutter_speed&quot;:&quot;0&quot;,&quot;title&quot;:&quot;&quot;,&quot;orientation&quot;:&quot;0&quot;}\" data-image-title=\"FB_IMG_1683720453014\" data-image-description=\"\" data-image-caption=\"\" data-large-file=\"https:\/\/www.hoymercedes.com.ar\/principal\/wp-content\/uploads\/2023\/05\/FB_IMG_1683720453014-820x1024.jpg\" src=\"https:\/\/www.hoymercedes.com.ar\/principal\/wp-content\/uploads\/2023\/05\/FB_IMG_1683720453014-820x1024.jpg\" alt=\"\" class=\"wp-image-161989\" width=\"395\" height=\"493\" srcset=\"https:\/\/www.hoymercedes.com.ar\/principal\/wp-content\/uploads\/2023\/05\/FB_IMG_1683720453014-820x1024.jpg 820w, https:\/\/www.hoymercedes.com.ar\/principal\/wp-content\/uploads\/2023\/05\/FB_IMG_1683720453014-496x620.jpg 496w, https:\/\/www.hoymercedes.com.ar\/principal\/wp-content\/uploads\/2023\/05\/FB_IMG_1683720453014-120x150.jpg 120w, https:\/\/www.hoymercedes.com.ar\/principal\/wp-content\/uploads\/2023\/05\/FB_IMG_1683720453014.jpg 1080w\" sizes=\"auto, (max-width: 395px) 100vw, 395px\" \/><\/figure>\n","protected":false},"excerpt":{"rendered":"<p>La Comisi\u00f3n de Patrimonio CUNA junto a la Bas\u00edlica Catedral estar\u00e1n presentando este viernes 12 de mayo, a las 19:30, &#8230; <a title=\"Presentan revista por los 100 a\u00f1os de Catedral\" class=\"read-more\" href=\"https:\/\/www.hoymercedes.com.ar\/principal\/2023\/05\/10\/presentan-revista-por-los-100-anos-de-catedral\/\" aria-label=\"Leer m\u00e1s sobre Presentan revista por los 100 a\u00f1os de Catedral\">Leer m\u00e1s<\/a><\/p>\n","protected":false},"author":1,"featured_media":161989,"comment_status":"closed","ping_status":"open","sticky":false,"template":"","format":"standard","meta":{"_monsterinsights_skip_tracking":false,"_monsterinsights_sitenote_active":false,"_monsterinsights_sitenote_note":"","_monsterinsights_sitenote_category":0,"jetpack_post_was_ever_published":false,"_jetpack_newsletter_access":"","_jetpack_dont_email_post_to_subs":false,"_jetpack_newsletter_tier_id":0,"_jetpack_memberships_contains_paywalled_content":false,"_jetpack_memberships_contains_paid_content":false,"footnotes":"","jetpack_publicize_message":"","jetpack_publicize_feature_enabled":true,"jetpack_social_post_already_shared":true,"jetpack_social_options":{"image_generator_settings":{"template":"highway","default_image_id":0,"font":"","enabled":false},"version":2},"_wpas_customize_per_network":false},"categories":[8],"tags":[],"class_list":["post-161988","post","type-post","status-publish","format-standard","has-post-thumbnail","hentry","category-sociedad","generate-columns","tablet-grid-50","mobile-grid-100","grid-parent","grid-50"],"jetpack_publicize_connections":[],"jetpack_featured_media_url":"https:\/\/www.hoymercedes.com.ar\/principal\/wp-content\/uploads\/2023\/05\/FB_IMG_1683720453014.jpg","wps_subtitle":"","jetpack_sharing_enabled":true,"_links":{"self":[{"href":"https:\/\/www.hoymercedes.com.ar\/principal\/wp-json\/wp\/v2\/posts\/161988","targetHints":{"allow":["GET"]}}],"collection":[{"href":"https:\/\/www.hoymercedes.com.ar\/principal\/wp-json\/wp\/v2\/posts"}],"about":[{"href":"https:\/\/www.hoymercedes.com.ar\/principal\/wp-json\/wp\/v2\/types\/post"}],"author":[{"embeddable":true,"href":"https:\/\/www.hoymercedes.com.ar\/principal\/wp-json\/wp\/v2\/users\/1"}],"replies":[{"embeddable":true,"href":"https:\/\/www.hoymercedes.com.ar\/principal\/wp-json\/wp\/v2\/comments?post=161988"}],"version-history":[{"count":0,"href":"https:\/\/www.hoymercedes.com.ar\/principal\/wp-json\/wp\/v2\/posts\/161988\/revisions"}],"wp:featuredmedia":[{"embeddable":true,"href":"https:\/\/www.hoymercedes.com.ar\/principal\/wp-json\/wp\/v2\/media\/161989"}],"wp:attachment":[{"href":"https:\/\/www.hoymercedes.com.ar\/principal\/wp-json\/wp\/v2\/media?parent=161988"}],"wp:term":[{"taxonomy":"category","embeddable":true,"href":"https:\/\/www.hoymercedes.com.ar\/principal\/wp-json\/wp\/v2\/categories?post=161988"},{"taxonomy":"post_tag","embeddable":true,"href":"https:\/\/www.hoymercedes.com.ar\/principal\/wp-json\/wp\/v2\/tags?post=161988"}],"curies":[{"name":"wp","href":"https:\/\/api.w.org\/{rel}","templated":true}]}}