{"id":161994,"date":"2023-05-10T10:35:45","date_gmt":"2023-05-10T13:35:45","guid":{"rendered":"https:\/\/www.hoymercedes.com.ar\/principal\/?p=161994"},"modified":"2023-05-10T10:35:47","modified_gmt":"2023-05-10T13:35:47","slug":"carta-abierta-no-mas-agresiones-a-los-bomberos-por-graciela-medina","status":"publish","type":"post","link":"https:\/\/www.hoymercedes.com.ar\/principal\/2023\/05\/10\/carta-abierta-no-mas-agresiones-a-los-bomberos-por-graciela-medina\/","title":{"rendered":"Carta Abierta: No m\u00e1s agresiones a los Bomberos (por Graciela Medina)"},"content":{"rendered":"\n<p>Por Graciela Medina &#8211; \u00a1Parece incre\u00edble pero sucedi\u00f3 otra vez! Los Bomberos volvieron a ser agredidos cuando llegaron a un incendio a prestar ayuda.<\/p>\n\n\n\n<p>Los Bomberos Voluntarios son, sin duda, parte de la escasa reserva moral que le queda a la sociedad en nuestros d\u00edas. Personas que desinteresadamente, sin recibir nada a cambio, salvo riesgos, son capaces de dejar de lado su familia, su trabajo, momentos irrepetibles de su vida para correr en <a><\/a>auxilio de quien los necesite, poniendo su propia existencia en juego, con el \u00fanico cometido de ayudar.<\/p>\n\n\n\n<p>Ellos no conocen de horarios o razones clim\u00e1ticas, de feriados o d\u00edas h\u00e1biles; si alguien pide auxilio ponen su vida en pausa y no vuelven a retomarla hasta que no culmine la emergencia, regresen al cuartel, dejen todo listo para el pr\u00f3ximo servicio (que nadie sabe cu\u00e1ndo ser\u00e1) y reci\u00e9n all\u00ed regresan a su casa, sin importar la hora.<\/p>\n\n\n\n<p>Su trabajo no termina ah\u00ed, durante la semana, deben concurrir al cuartel para cumplir con obligaciones diversas, su capacitaci\u00f3n es de por vida y, adem\u00e1s, de forma GRATUITA, con el solo objeto de ayudar a su comunidad.<\/p>\n\n\n\n<p>Convengamos que la mayor\u00eda de los vecinos los reconocen y admiran pero jam\u00e1s, ni por asomo, pensar\u00edan en hacer su tarea, arriesgada, comprometida, peligrosa \u201cad honorem\u201d. Ellos suelen continuar con la meta que se proponen muchos ni\u00f1os cuando alguien les pregunta: \u00bfqu\u00e9 querr\u00edas ser cuando seas grande? La respuesta en esos casos es: \u201cser un bombero\u201d. Con el paso del tiempo, cuando crecemos, al conocer la responsabilidad y esfuerzo que significa esa decisi\u00f3n, la mayor\u00eda lo descartamos.<\/p>\n\n\n\n<p>Actualmente existen muchos s\u00faper h\u00e9roes que tienen capas multicolores, armaduras y s\u00faper poderes, muchos de ellos vuelan, se sumergen en el agua sin equipos de buceo y al terminar la aventura, aparecen como si no hubiese pasado nada. Pero estos otros H\u00e9roes, los diarios, los del estructural amarillo con sus cascos, botas, y mangueras, no tienen capas ni armaduras. A todo lo que hacen le ponen el cuerpo, el coraz\u00f3n y lo hacen durante tanto tiempo, que a veces los enferma, y llegan a pagar con su vida las vidas que ayudaron a salvar.<\/p>\n\n\n\n<p>Ellos no son s\u00faper h\u00e9roes, son gente com\u00fan, haciendo muchas veces cosas fuera de lo com\u00fan. Se capacitan toda su vida, para salvar personas y bienes de la comunidad; qui\u00e9n podr\u00eda pensar, entonces, que cuando se produce una emergencia no pondr\u00edan todo su esfuerzo para responder en el menor tiempo posible. Yo lo s\u00e9, los he visto, los veo cada d\u00eda correr ante la emergencia, dejar sus veh\u00edculos alguna vez con su ventanilla baja, las luces prendidas en el af\u00e1n de llegar m\u00e1s r\u00e1pido para dar respuesta. Han llegado acomod\u00e1ndose a\u00fan su ropa, montados en una bicicleta, en chinelas o medio dormidos, los he observado al l\u00edmite de sus fuerzas, a las 19:00, en pleno verano, con 40\u00b0 de t\u00e9rmica, partiendo a sofocar despu\u00e9s de ocho salidas anteriores, un nuevo incendio y, sin un lamento, volver a zambullirse en el infierno. S\u00e9 de muchos las cosas que dejan, la familia en casa, los amigos, el cumplea\u00f1os de un hijo, el brindis en las fiestas, y no puedo entender c\u00f3mo entregando tanto puedan ser agredidos por alguna gente. Cuando una emergencia se produce los minutos parecen horas, sobre todo cuando hay v\u00edctimas de por medio, ya sea en un accidente, una inundaci\u00f3n o un incendio.<\/p>\n\n\n\n<p>Los tel\u00e9fonos de emergencia de Bomberos son: 100 y 422222, est\u00e1n las 24 hs. todos los d\u00edas del a\u00f1o de guardia permanente. Existe un protocolo que se activa de inmediato cuando hay emergencias, convocando a los Bomberos. El pedido de ayuda, a los n\u00fameros directos 100 o 422222, hace que el tiempo se optimice y en una emergencia eso puede hacer una diferencia.<\/p>\n\n\n\n<p>Cabe recordar que los Bomberos hacen su trabajo de forma voluntaria y gratuita, a diferencia de lo que sucede en otros pa\u00edses donde su tarea se realiza como trabajo formal, su remuneraci\u00f3n es acorde al riesgo que corren por su actividad y sus equipos de protecci\u00f3n personal, equipamiento y m\u00f3viles son suministrados por el estado.<\/p>\n\n\n\n<p>Aqu\u00ed, cuando un Bombero llega en tu socorro, recuerda que lo hace porque eligi\u00f3 estar ah\u00ed para ayudar, nada lo obliga m\u00e1s que tratar de mitigar el dolor, no tienes derecho a exigirle nada que \u00e9l, o ella, ya no se haya exigido a s\u00ed mismo. Si piensas que puedes criticarlos o ser mejor que ellos\/as para hacer su tarea prueba hacerla una vez y demu\u00e9strales que la segunda no saldr\u00e1s corriendo.<\/p>\n\n\n\n<p>Antes de agredir a uno de esos hombres o mujeres que eligen ese estructural con olor a humo antes que el m\u00e1s exquisito perfume; con \u00e9l se han zambullido en nubes de humo, calcinado bajo el t\u00f3rrido sol del verano, empapado bajo la lluvia o rescatado v\u00edctimas en una inundaci\u00f3n, sumando barbijo, guantes y un aislamiento interminable durante la pandemia, recorriendo calles de una ciudad fantasma para cuidarnos y a pesar de eso ser nombrados \u00abno esenciales\u00bb.<\/p>\n\n\n\n<p>Por todas las cosas que enumer\u00e9 me gustar\u00eda que sepan que somos muchos los que decimos: \u00a1\u00a1\u00a1CON LOS BOMBEROS NO!!!<\/p>\n\n\n\n<p>Ellos merecen el respeto de todos por miles de razones pero, por sobre todas las cosas, porque est\u00e1n dispuestos a arriesgar su vida por otro sin pedir nada a cambio, se merecen ese respeto. Si esto no sucede, como sociedad habremos perdido el rumbo sin remedio.<\/p>\n\n\n\n<p>BOMBEROS EMERGENCIAS. 100 o 422222 AGENDALO, POD\u00c9S HACER LA DIFERENCIA.<\/p>\n\n\n\n<p>Graciela L. Medina. 9\/5\/23.<\/p>\n\n\n\n<figure class=\"wp-block-image size-large\"><img loading=\"lazy\" decoding=\"async\" width=\"1024\" height=\"889\" data-attachment-id=\"161995\" data-permalink=\"https:\/\/www.hoymercedes.com.ar\/principal\/2023\/05\/10\/carta-abierta-no-mas-agresiones-a-los-bomberos-por-graciela-medina\/image-15-4\/#main\" data-orig-file=\"https:\/\/www.hoymercedes.com.ar\/principal\/wp-content\/uploads\/2023\/05\/image-15.png\" data-orig-size=\"2048,1777\" data-comments-opened=\"0\" data-image-meta=\"{&quot;aperture&quot;:&quot;0&quot;,&quot;credit&quot;:&quot;&quot;,&quot;camera&quot;:&quot;&quot;,&quot;caption&quot;:&quot;&quot;,&quot;created_timestamp&quot;:&quot;0&quot;,&quot;copyright&quot;:&quot;&quot;,&quot;focal_length&quot;:&quot;0&quot;,&quot;iso&quot;:&quot;0&quot;,&quot;shutter_speed&quot;:&quot;0&quot;,&quot;title&quot;:&quot;&quot;,&quot;orientation&quot;:&quot;0&quot;}\" data-image-title=\"image-15\" data-image-description=\"\" data-image-caption=\"\" data-large-file=\"https:\/\/www.hoymercedes.com.ar\/principal\/wp-content\/uploads\/2023\/05\/image-15-1024x889.png\" src=\"https:\/\/www.hoymercedes.com.ar\/principal\/wp-content\/uploads\/2023\/05\/image-15-1024x889.png\" alt=\"\" class=\"wp-image-161995\" srcset=\"https:\/\/www.hoymercedes.com.ar\/principal\/wp-content\/uploads\/2023\/05\/image-15-1024x889.png 1024w, https:\/\/www.hoymercedes.com.ar\/principal\/wp-content\/uploads\/2023\/05\/image-15-630x547.png 630w, https:\/\/www.hoymercedes.com.ar\/principal\/wp-content\/uploads\/2023\/05\/image-15-150x130.png 150w, https:\/\/www.hoymercedes.com.ar\/principal\/wp-content\/uploads\/2023\/05\/image-15-1536x1333.png 1536w, https:\/\/www.hoymercedes.com.ar\/principal\/wp-content\/uploads\/2023\/05\/image-15.png 2048w\" sizes=\"auto, (max-width: 1024px) 100vw, 1024px\" \/><\/figure>\n","protected":false},"excerpt":{"rendered":"<p>Por Graciela Medina &#8211; \u00a1Parece incre\u00edble pero sucedi\u00f3 otra vez! Los Bomberos volvieron a ser agredidos cuando llegaron a un &#8230; <a title=\"Carta Abierta: No m\u00e1s agresiones a los Bomberos (por Graciela Medina)\" class=\"read-more\" href=\"https:\/\/www.hoymercedes.com.ar\/principal\/2023\/05\/10\/carta-abierta-no-mas-agresiones-a-los-bomberos-por-graciela-medina\/\" aria-label=\"Leer m\u00e1s sobre Carta Abierta: No m\u00e1s agresiones a los Bomberos (por Graciela Medina)\">Leer m\u00e1s<\/a><\/p>\n","protected":false},"author":1,"featured_media":161995,"comment_status":"closed","ping_status":"open","sticky":false,"template":"","format":"standard","meta":{"_monsterinsights_skip_tracking":false,"_monsterinsights_sitenote_active":false,"_monsterinsights_sitenote_note":"","_monsterinsights_sitenote_category":0,"jetpack_post_was_ever_published":false,"_jetpack_newsletter_access":"","_jetpack_dont_email_post_to_subs":false,"_jetpack_newsletter_tier_id":0,"_jetpack_memberships_contains_paywalled_content":false,"_jetpack_memberships_contains_paid_content":false,"footnotes":"","jetpack_publicize_message":"","jetpack_publicize_feature_enabled":true,"jetpack_social_post_already_shared":true,"jetpack_social_options":{"image_generator_settings":{"template":"highway","default_image_id":0,"font":"","enabled":false},"version":2},"_wpas_customize_per_network":false},"categories":[8],"tags":[],"class_list":["post-161994","post","type-post","status-publish","format-standard","has-post-thumbnail","hentry","category-sociedad","generate-columns","tablet-grid-50","mobile-grid-100","grid-parent","grid-50"],"jetpack_publicize_connections":[],"jetpack_featured_media_url":"https:\/\/www.hoymercedes.com.ar\/principal\/wp-content\/uploads\/2023\/05\/image-15.png","wps_subtitle":"","jetpack_sharing_enabled":true,"_links":{"self":[{"href":"https:\/\/www.hoymercedes.com.ar\/principal\/wp-json\/wp\/v2\/posts\/161994","targetHints":{"allow":["GET"]}}],"collection":[{"href":"https:\/\/www.hoymercedes.com.ar\/principal\/wp-json\/wp\/v2\/posts"}],"about":[{"href":"https:\/\/www.hoymercedes.com.ar\/principal\/wp-json\/wp\/v2\/types\/post"}],"author":[{"embeddable":true,"href":"https:\/\/www.hoymercedes.com.ar\/principal\/wp-json\/wp\/v2\/users\/1"}],"replies":[{"embeddable":true,"href":"https:\/\/www.hoymercedes.com.ar\/principal\/wp-json\/wp\/v2\/comments?post=161994"}],"version-history":[{"count":0,"href":"https:\/\/www.hoymercedes.com.ar\/principal\/wp-json\/wp\/v2\/posts\/161994\/revisions"}],"wp:featuredmedia":[{"embeddable":true,"href":"https:\/\/www.hoymercedes.com.ar\/principal\/wp-json\/wp\/v2\/media\/161995"}],"wp:attachment":[{"href":"https:\/\/www.hoymercedes.com.ar\/principal\/wp-json\/wp\/v2\/media?parent=161994"}],"wp:term":[{"taxonomy":"category","embeddable":true,"href":"https:\/\/www.hoymercedes.com.ar\/principal\/wp-json\/wp\/v2\/categories?post=161994"},{"taxonomy":"post_tag","embeddable":true,"href":"https:\/\/www.hoymercedes.com.ar\/principal\/wp-json\/wp\/v2\/tags?post=161994"}],"curies":[{"name":"wp","href":"https:\/\/api.w.org\/{rel}","templated":true}]}}