{"id":16200,"date":"2012-09-17T12:06:25","date_gmt":"2012-09-17T12:06:25","guid":{"rendered":"http:\/\/www.hoymercedes.com.ar\/principal\/?p=16200"},"modified":"2012-09-17T12:06:36","modified_gmt":"2012-09-17T12:06:36","slug":"uom-nunez-buscara-un-nuevo-mandato-en-la-conduccion-gremial","status":"publish","type":"post","link":"https:\/\/www.hoymercedes.com.ar\/principal\/2012\/09\/17\/uom-nunez-buscara-un-nuevo-mandato-en-la-conduccion-gremial\/","title":{"rendered":"UOM: Nu\u00f1ez buscar\u00e1 un nuevo mandato en la conducci\u00f3n gremial"},"content":{"rendered":"<p>El conocido Julio Nu\u00f1ez volver\u00e1 a buscar sostener la conducci\u00f3n del gremio de metal\u00fargicos en las elecciones que se desarrollan en el d\u00eda de hoy.<\/p>\n<p>Los afiliados de la Uni\u00f3n Obrera Metal\u00fargica tendr\u00e1n la oportunidad de ratificar la conducci\u00f3n de Julio Ni\u00f1ez como Secretario General del gremio quien desde hace a\u00f1os ostenta. Seg\u00fan Nu\u00f1ez este ser\u00e1 el \u00faltimo mandato que encare y lo hace a partir del pedido de compa\u00f1eros.<\/p>\n<p>En las elecciones habr\u00e1 lista \u00fanica que algunos consideran de unidad dentro de los representantes gremiales. Se pens\u00f3 podr\u00edan tener un espacio en frente luego de\u00a0insinuaciones\u00a0meses atr\u00e1s, pero, a la hora de las urnas, todo queda para Nu\u00f1ez, al menos, en esta ocasi\u00f3n, siendo la \u00fanica boleta que tendr\u00e1n los afiliados que dar\u00e1n la chance de ratificar a la actual conducci\u00f3n.<\/p>\n","protected":false},"excerpt":{"rendered":"<p>El conocido Julio Nu\u00f1ez volver\u00e1 a buscar sostener la conducci\u00f3n del gremio de metal\u00fargicos en las elecciones que se desarrollan &#8230; <a title=\"UOM: Nu\u00f1ez buscar\u00e1 un nuevo mandato en la conducci\u00f3n gremial\" class=\"read-more\" href=\"https:\/\/www.hoymercedes.com.ar\/principal\/2012\/09\/17\/uom-nunez-buscara-un-nuevo-mandato-en-la-conduccion-gremial\/\" aria-label=\"Leer m\u00e1s sobre UOM: Nu\u00f1ez buscar\u00e1 un nuevo mandato en la conducci\u00f3n gremial\">Leer m\u00e1s<\/a><\/p>\n","protected":false},"author":1,"featured_media":0,"comment_status":"open","ping_status":"open","sticky":false,"template":"","format":"standard","meta":{"_monsterinsights_skip_tracking":false,"_monsterinsights_sitenote_active":false,"_monsterinsights_sitenote_note":"","_monsterinsights_sitenote_category":0,"jetpack_post_was_ever_published":false,"_jetpack_newsletter_access":"","_jetpack_dont_email_post_to_subs":false,"_jetpack_newsletter_tier_id":0,"_jetpack_memberships_contains_paywalled_content":false,"_jetpack_memberships_contains_paid_content":false,"footnotes":"","jetpack_publicize_message":"","jetpack_publicize_feature_enabled":true,"jetpack_social_post_already_shared":false,"jetpack_social_options":{"image_generator_settings":{"template":"highway","default_image_id":0,"font":"","enabled":false},"version":2},"_wpas_customize_per_network":false},"categories":[5],"tags":[2747,2746,1259],"class_list":["post-16200","post","type-post","status-publish","format-standard","hentry","category-politica","tag-julio-nunez","tag-union-obrera-metalurgica","tag-uom","generate-columns","tablet-grid-50","mobile-grid-100","grid-parent","grid-50"],"jetpack_publicize_connections":[],"jetpack_featured_media_url":"","wps_subtitle":"","jetpack_sharing_enabled":true,"_links":{"self":[{"href":"https:\/\/www.hoymercedes.com.ar\/principal\/wp-json\/wp\/v2\/posts\/16200","targetHints":{"allow":["GET"]}}],"collection":[{"href":"https:\/\/www.hoymercedes.com.ar\/principal\/wp-json\/wp\/v2\/posts"}],"about":[{"href":"https:\/\/www.hoymercedes.com.ar\/principal\/wp-json\/wp\/v2\/types\/post"}],"author":[{"embeddable":true,"href":"https:\/\/www.hoymercedes.com.ar\/principal\/wp-json\/wp\/v2\/users\/1"}],"replies":[{"embeddable":true,"href":"https:\/\/www.hoymercedes.com.ar\/principal\/wp-json\/wp\/v2\/comments?post=16200"}],"version-history":[{"count":0,"href":"https:\/\/www.hoymercedes.com.ar\/principal\/wp-json\/wp\/v2\/posts\/16200\/revisions"}],"wp:attachment":[{"href":"https:\/\/www.hoymercedes.com.ar\/principal\/wp-json\/wp\/v2\/media?parent=16200"}],"wp:term":[{"taxonomy":"category","embeddable":true,"href":"https:\/\/www.hoymercedes.com.ar\/principal\/wp-json\/wp\/v2\/categories?post=16200"},{"taxonomy":"post_tag","embeddable":true,"href":"https:\/\/www.hoymercedes.com.ar\/principal\/wp-json\/wp\/v2\/tags?post=16200"}],"curies":[{"name":"wp","href":"https:\/\/api.w.org\/{rel}","templated":true}]}}