{"id":162007,"date":"2023-05-10T21:06:39","date_gmt":"2023-05-11T00:06:39","guid":{"rendered":"https:\/\/www.hoymercedes.com.ar\/principal\/?p=162007"},"modified":"2023-05-10T21:06:41","modified_gmt":"2023-05-11T00:06:41","slug":"ustarroz-y-maggiotti-entregaron-vivienda-a-otras-7-familias-mercedinas","status":"publish","type":"post","link":"https:\/\/www.hoymercedes.com.ar\/principal\/2023\/05\/10\/ustarroz-y-maggiotti-entregaron-vivienda-a-otras-7-familias-mercedinas\/","title":{"rendered":"Ustarroz y Maggiotti entregaron vivienda a otras 7 familias mercedinas"},"content":{"rendered":"\n<figure class=\"wp-block-image size-large\"><img loading=\"lazy\" decoding=\"async\" width=\"1024\" height=\"683\" data-attachment-id=\"162008\" data-permalink=\"https:\/\/www.hoymercedes.com.ar\/principal\/2023\/05\/10\/ustarroz-y-maggiotti-entregaron-vivienda-a-otras-7-familias-mercedinas\/2023-05-10_mercedes_grupal\/#main\" data-orig-file=\"https:\/\/www.hoymercedes.com.ar\/principal\/wp-content\/uploads\/2023\/05\/2023-05-10_mercedes_grupal.jpeg\" data-orig-size=\"1600,1067\" data-comments-opened=\"0\" data-image-meta=\"{&quot;aperture&quot;:&quot;0&quot;,&quot;credit&quot;:&quot;&quot;,&quot;camera&quot;:&quot;&quot;,&quot;caption&quot;:&quot;&quot;,&quot;created_timestamp&quot;:&quot;0&quot;,&quot;copyright&quot;:&quot;&quot;,&quot;focal_length&quot;:&quot;0&quot;,&quot;iso&quot;:&quot;0&quot;,&quot;shutter_speed&quot;:&quot;0&quot;,&quot;title&quot;:&quot;&quot;,&quot;orientation&quot;:&quot;0&quot;}\" data-image-title=\"2023-05-10_mercedes_grupal\" data-image-description=\"\" data-image-caption=\"\" data-large-file=\"https:\/\/www.hoymercedes.com.ar\/principal\/wp-content\/uploads\/2023\/05\/2023-05-10_mercedes_grupal-1024x683.jpeg\" src=\"https:\/\/www.hoymercedes.com.ar\/principal\/wp-content\/uploads\/2023\/05\/2023-05-10_mercedes_grupal-1024x683.jpeg\" alt=\"\" class=\"wp-image-162008\" srcset=\"https:\/\/www.hoymercedes.com.ar\/principal\/wp-content\/uploads\/2023\/05\/2023-05-10_mercedes_grupal-1024x683.jpeg 1024w, https:\/\/www.hoymercedes.com.ar\/principal\/wp-content\/uploads\/2023\/05\/2023-05-10_mercedes_grupal-630x420.jpeg 630w, https:\/\/www.hoymercedes.com.ar\/principal\/wp-content\/uploads\/2023\/05\/2023-05-10_mercedes_grupal-150x100.jpeg 150w, https:\/\/www.hoymercedes.com.ar\/principal\/wp-content\/uploads\/2023\/05\/2023-05-10_mercedes_grupal-1536x1024.jpeg 1536w, https:\/\/www.hoymercedes.com.ar\/principal\/wp-content\/uploads\/2023\/05\/2023-05-10_mercedes_grupal.jpeg 1600w\" sizes=\"auto, (max-width: 1024px) 100vw, 1024px\" \/><\/figure>\n\n\n\n<p>En un emotivo e hist\u00f3rico encuentro en barrio Favaloro II el intendente Ustarroz encabez\u00f3 junto al ministro de Desarrollo Territorial y H\u00e1bitat, Santiago Maggiotti, la entrega de 7 viviendas a familias mercedinas. La felicidad fue total. Participaron las familias beneficiarias y las y los trabajadores mercedinos que fueron quienes realizaron la obra.<\/p>\n\n\n\n<p><strong>Obra<\/strong><\/p>\n\n\n\n<p>Estas casas fueron construidas en el Barrio Favaloro II, con una inversi\u00f3n por parte del Estado Nacional de $49 millones.<\/p>\n\n\n\n<p>\u201cPara nosotros, construir y entregar una vivienda, es cambiar la vida de la gente\u201d, expres\u00f3 el ministro Maggiotti, ya que con las mismas \u201ccumplimos con tres objetivos b\u00e1sicos: primero que haya una familia que tenga un techo, despu\u00e9s que haya trabajadores que consigan su empleo, y como m\u00e1s del 90% de los insumos de la construcci\u00f3n son de producci\u00f3n nacional, se genera reactivaci\u00f3n econ\u00f3mica\u201d dijo el ministro vecino de la localidad de Navarro.<\/p>\n\n\n\n<figure class=\"wp-block-image size-large\"><img loading=\"lazy\" decoding=\"async\" width=\"1024\" height=\"576\" data-attachment-id=\"162009\" data-permalink=\"https:\/\/www.hoymercedes.com.ar\/principal\/2023\/05\/10\/ustarroz-y-maggiotti-entregaron-vivienda-a-otras-7-familias-mercedinas\/2023-05-10_mercedes_entrega_6\/#main\" data-orig-file=\"https:\/\/www.hoymercedes.com.ar\/principal\/wp-content\/uploads\/2023\/05\/2023-05-10_mercedes_entrega_6.jpeg\" data-orig-size=\"1920,1080\" data-comments-opened=\"0\" data-image-meta=\"{&quot;aperture&quot;:&quot;0&quot;,&quot;credit&quot;:&quot;&quot;,&quot;camera&quot;:&quot;&quot;,&quot;caption&quot;:&quot;&quot;,&quot;created_timestamp&quot;:&quot;0&quot;,&quot;copyright&quot;:&quot;&quot;,&quot;focal_length&quot;:&quot;0&quot;,&quot;iso&quot;:&quot;0&quot;,&quot;shutter_speed&quot;:&quot;0&quot;,&quot;title&quot;:&quot;&quot;,&quot;orientation&quot;:&quot;0&quot;}\" data-image-title=\"2023-05-10_mercedes_entrega_6\" data-image-description=\"\" data-image-caption=\"\" data-large-file=\"https:\/\/www.hoymercedes.com.ar\/principal\/wp-content\/uploads\/2023\/05\/2023-05-10_mercedes_entrega_6-1024x576.jpeg\" src=\"https:\/\/www.hoymercedes.com.ar\/principal\/wp-content\/uploads\/2023\/05\/2023-05-10_mercedes_entrega_6-1024x576.jpeg\" alt=\"\" class=\"wp-image-162009\" srcset=\"https:\/\/www.hoymercedes.com.ar\/principal\/wp-content\/uploads\/2023\/05\/2023-05-10_mercedes_entrega_6-1024x576.jpeg 1024w, https:\/\/www.hoymercedes.com.ar\/principal\/wp-content\/uploads\/2023\/05\/2023-05-10_mercedes_entrega_6-630x354.jpeg 630w, https:\/\/www.hoymercedes.com.ar\/principal\/wp-content\/uploads\/2023\/05\/2023-05-10_mercedes_entrega_6-150x84.jpeg 150w, https:\/\/www.hoymercedes.com.ar\/principal\/wp-content\/uploads\/2023\/05\/2023-05-10_mercedes_entrega_6-1536x864.jpeg 1536w, https:\/\/www.hoymercedes.com.ar\/principal\/wp-content\/uploads\/2023\/05\/2023-05-10_mercedes_entrega_6.jpeg 1920w\" sizes=\"auto, (max-width: 1024px) 100vw, 1024px\" \/><\/figure>\n\n\n\n<p><strong>Viviendas<\/strong><\/p>\n\n\n\n<p>El jefe comunal destac\u00f3 que \u201chacer una vivienda en estos contextos econ\u00f3micos es muy dif\u00edcil, y si el Estado no interviene, la mayor\u00eda de los trabajadores y trabajadoras de nuestra ciudad no podr\u00edan acceder al sue\u00f1o de la vivienda propia\u201d expres\u00f3 Ustarroz, y destac\u00f3 que \u201ccon el financiamiento de Naci\u00f3n, m\u00e1s de 500 viviendas se est\u00e1n construyendo en la ciudad de Mercedes y eso es hacer realidad el sue\u00f1o de much\u00edsimas familias\u201d.<\/p>\n\n\n\n<figure class=\"wp-block-image size-large\"><img loading=\"lazy\" decoding=\"async\" width=\"1024\" height=\"682\" data-attachment-id=\"162012\" data-permalink=\"https:\/\/www.hoymercedes.com.ar\/principal\/2023\/05\/10\/ustarroz-y-maggiotti-entregaron-vivienda-a-otras-7-familias-mercedinas\/dsc07029\/#main\" data-orig-file=\"https:\/\/www.hoymercedes.com.ar\/principal\/wp-content\/uploads\/2023\/05\/DSC07029.jpg\" data-orig-size=\"1319,879\" data-comments-opened=\"0\" data-image-meta=\"{&quot;aperture&quot;:&quot;0&quot;,&quot;credit&quot;:&quot;seba_avila_1&quot;,&quot;camera&quot;:&quot;&quot;,&quot;caption&quot;:&quot;&quot;,&quot;created_timestamp&quot;:&quot;0&quot;,&quot;copyright&quot;:&quot;&quot;,&quot;focal_length&quot;:&quot;0&quot;,&quot;iso&quot;:&quot;0&quot;,&quot;shutter_speed&quot;:&quot;0&quot;,&quot;title&quot;:&quot;&quot;,&quot;orientation&quot;:&quot;0&quot;}\" data-image-title=\"DSC07029\" data-image-description=\"\" data-image-caption=\"\" data-large-file=\"https:\/\/www.hoymercedes.com.ar\/principal\/wp-content\/uploads\/2023\/05\/DSC07029-1024x682.jpg\" src=\"https:\/\/www.hoymercedes.com.ar\/principal\/wp-content\/uploads\/2023\/05\/DSC07029-1024x682.jpg\" alt=\"\" class=\"wp-image-162012\" srcset=\"https:\/\/www.hoymercedes.com.ar\/principal\/wp-content\/uploads\/2023\/05\/DSC07029-1024x682.jpg 1024w, https:\/\/www.hoymercedes.com.ar\/principal\/wp-content\/uploads\/2023\/05\/DSC07029-630x420.jpg 630w, https:\/\/www.hoymercedes.com.ar\/principal\/wp-content\/uploads\/2023\/05\/DSC07029-150x100.jpg 150w, https:\/\/www.hoymercedes.com.ar\/principal\/wp-content\/uploads\/2023\/05\/DSC07029-700x465.jpg 700w, https:\/\/www.hoymercedes.com.ar\/principal\/wp-content\/uploads\/2023\/05\/DSC07029.jpg 1319w\" sizes=\"auto, (max-width: 1024px) 100vw, 1024px\" \/><\/figure>\n\n\n\n<p><strong>Alegr\u00eda<\/strong><\/p>\n\n\n\n<p>Las familias vivieron una jornada de plena alegr\u00eda. Sin duda es una acci\u00f3n que les cambia la calidad de vida para siempre. El techo propio es un sue\u00f1o de todas y todos que se ha hecho realidad en el marco de una ciudad, como Mercedes, que ha sido premiada por sus pol\u00edticas de acceso a la tierra y vivienda.<\/p>\n\n\n\n<figure class=\"wp-block-image size-large\"><img loading=\"lazy\" decoding=\"async\" width=\"1024\" height=\"682\" data-attachment-id=\"162010\" data-permalink=\"https:\/\/www.hoymercedes.com.ar\/principal\/2023\/05\/10\/ustarroz-y-maggiotti-entregaron-vivienda-a-otras-7-familias-mercedinas\/dsc07203\/#main\" data-orig-file=\"https:\/\/www.hoymercedes.com.ar\/principal\/wp-content\/uploads\/2023\/05\/DSC07203.jpg\" data-orig-size=\"1319,879\" data-comments-opened=\"0\" data-image-meta=\"{&quot;aperture&quot;:&quot;0&quot;,&quot;credit&quot;:&quot;seba_avila_1&quot;,&quot;camera&quot;:&quot;&quot;,&quot;caption&quot;:&quot;&quot;,&quot;created_timestamp&quot;:&quot;0&quot;,&quot;copyright&quot;:&quot;&quot;,&quot;focal_length&quot;:&quot;0&quot;,&quot;iso&quot;:&quot;0&quot;,&quot;shutter_speed&quot;:&quot;0&quot;,&quot;title&quot;:&quot;&quot;,&quot;orientation&quot;:&quot;0&quot;}\" data-image-title=\"DSC07203\" data-image-description=\"\" data-image-caption=\"\" data-large-file=\"https:\/\/www.hoymercedes.com.ar\/principal\/wp-content\/uploads\/2023\/05\/DSC07203-1024x682.jpg\" src=\"https:\/\/www.hoymercedes.com.ar\/principal\/wp-content\/uploads\/2023\/05\/DSC07203-1024x682.jpg\" alt=\"\" class=\"wp-image-162010\" srcset=\"https:\/\/www.hoymercedes.com.ar\/principal\/wp-content\/uploads\/2023\/05\/DSC07203-1024x682.jpg 1024w, https:\/\/www.hoymercedes.com.ar\/principal\/wp-content\/uploads\/2023\/05\/DSC07203-630x420.jpg 630w, https:\/\/www.hoymercedes.com.ar\/principal\/wp-content\/uploads\/2023\/05\/DSC07203-150x100.jpg 150w, https:\/\/www.hoymercedes.com.ar\/principal\/wp-content\/uploads\/2023\/05\/DSC07203-700x465.jpg 700w, https:\/\/www.hoymercedes.com.ar\/principal\/wp-content\/uploads\/2023\/05\/DSC07203.jpg 1319w\" sizes=\"auto, (max-width: 1024px) 100vw, 1024px\" \/><\/figure>\n\n\n\n<p>\u201cEs un d\u00eda muy emocionante\u201d dijo la arquitecta Marina Amarillo, directora de vivienda, y manifest\u00f3 que \u201chan sido muchos meses de trabajo en equipo que ac\u00e1 est\u00e1 el resultado, con los siete beneficiarios muy activamente trabajando unidos para lograr este momento hist\u00f3rico, siendo ellos y ellas protagonistas de c\u00f3mo quer\u00edan la casa\u201d, narr\u00f3.<\/p>\n\n\n\n<p><strong>Regalitos<\/strong><\/p>\n\n\n\n<p>Adem\u00e1s de la vivienda cada familia recibi\u00f3 bibliotecas de Libros y Casas del Ministerio de Cultura de la Naci\u00f3n, que tiene el objetivo garantizar y fomentar la promoci\u00f3n de la lectura en todo el pa\u00eds. Por parte de la Direcci\u00f3n de Ambiente composteras de reciclaje del Plan de Gesti\u00f3n de Residuos S\u00f3lidos Urbanos, para preservar la calidad ambiental y garantizar un h\u00e1bitat digno y justo.<\/p>\n\n\n\n<p><strong>Continuidad<\/strong><\/p>\n\n\n\n<p>En Mercedes, a trav\u00e9s de las diversas l\u00edneas de financiamiento de este Ministerio, se est\u00e1n ejecutando m\u00e1s de 600 soluciones habitacionales, por una inversi\u00f3n superior a $4.088 millones.<\/p>\n\n\n\n<figure class=\"wp-block-image size-large\"><img loading=\"lazy\" decoding=\"async\" width=\"1024\" height=\"682\" data-attachment-id=\"162011\" data-permalink=\"https:\/\/www.hoymercedes.com.ar\/principal\/2023\/05\/10\/ustarroz-y-maggiotti-entregaron-vivienda-a-otras-7-familias-mercedinas\/dsc06795\/#main\" data-orig-file=\"https:\/\/www.hoymercedes.com.ar\/principal\/wp-content\/uploads\/2023\/05\/DSC06795.jpg\" data-orig-size=\"1319,879\" data-comments-opened=\"0\" data-image-meta=\"{&quot;aperture&quot;:&quot;0&quot;,&quot;credit&quot;:&quot;seba_avila_1&quot;,&quot;camera&quot;:&quot;&quot;,&quot;caption&quot;:&quot;&quot;,&quot;created_timestamp&quot;:&quot;0&quot;,&quot;copyright&quot;:&quot;&quot;,&quot;focal_length&quot;:&quot;0&quot;,&quot;iso&quot;:&quot;0&quot;,&quot;shutter_speed&quot;:&quot;0&quot;,&quot;title&quot;:&quot;&quot;,&quot;orientation&quot;:&quot;0&quot;}\" data-image-title=\"DSC06795\" data-image-description=\"\" data-image-caption=\"\" data-large-file=\"https:\/\/www.hoymercedes.com.ar\/principal\/wp-content\/uploads\/2023\/05\/DSC06795-1024x682.jpg\" src=\"https:\/\/www.hoymercedes.com.ar\/principal\/wp-content\/uploads\/2023\/05\/DSC06795-1024x682.jpg\" alt=\"\" class=\"wp-image-162011\" srcset=\"https:\/\/www.hoymercedes.com.ar\/principal\/wp-content\/uploads\/2023\/05\/DSC06795-1024x682.jpg 1024w, https:\/\/www.hoymercedes.com.ar\/principal\/wp-content\/uploads\/2023\/05\/DSC06795-630x420.jpg 630w, https:\/\/www.hoymercedes.com.ar\/principal\/wp-content\/uploads\/2023\/05\/DSC06795-150x100.jpg 150w, https:\/\/www.hoymercedes.com.ar\/principal\/wp-content\/uploads\/2023\/05\/DSC06795-700x465.jpg 700w, https:\/\/www.hoymercedes.com.ar\/principal\/wp-content\/uploads\/2023\/05\/DSC06795.jpg 1319w\" sizes=\"auto, (max-width: 1024px) 100vw, 1024px\" \/><\/figure>\n\n\n\n<p><strong>Participaci\u00f3n<\/strong><\/p>\n\n\n\n<p>Participaron del acto la directora de vivienda, Marina Amarillo, Clara Zunino, secretaria de gobierno, secretario de obras, Emanuel P\u00e9rez Carrera, secretario de econom\u00eda, Gast\u00f3n Boido, el secretario de Coordinaci\u00f3n de este Ministerio, Marcos Aguilar; el subsecretario de Asuntos Municipales de la Provincia de Buenos Aires, Santiago \u201cLalo\u201d Revora; y especialmente las y los trabajadores municipales, del MTE y la cooperativa La Esperanza, quienes efectuaron la mano de obra de las construcci\u00f3n hoy ya habitables.<\/p>\n\n\n\n<p>Fuente: Ministerio\/HM\/Redes<\/p>\n","protected":false},"excerpt":{"rendered":"<p>Ustarroz y Maggiotti entregaron vivienda a otras 7 familias mercedinas<\/p>\n","protected":false},"author":1,"featured_media":162010,"comment_status":"closed","ping_status":"open","sticky":false,"template":"","format":"standard","meta":{"_monsterinsights_skip_tracking":false,"_monsterinsights_sitenote_active":false,"_monsterinsights_sitenote_note":"","_monsterinsights_sitenote_category":0,"jetpack_post_was_ever_published":false,"_jetpack_newsletter_access":"","_jetpack_dont_email_post_to_subs":false,"_jetpack_newsletter_tier_id":0,"_jetpack_memberships_contains_paywalled_content":false,"_jetpack_memberships_contains_paid_content":false,"footnotes":"","jetpack_publicize_message":"","jetpack_publicize_feature_enabled":true,"jetpack_social_post_already_shared":true,"jetpack_social_options":{"image_generator_settings":{"template":"highway","default_image_id":0,"font":"","enabled":false},"version":2},"_wpas_customize_per_network":false},"categories":[8],"tags":[8311,2228,424,9920,18753],"class_list":["post-162007","post","type-post","status-publish","format-standard","has-post-thumbnail","hentry","category-sociedad","tag-maggiotti","tag-obras-en-mercedes","tag-ustarroz","tag-vivienda","tag-viviendas-en-mercedes","generate-columns","tablet-grid-50","mobile-grid-100","grid-parent","grid-50"],"jetpack_publicize_connections":[],"jetpack_featured_media_url":"https:\/\/www.hoymercedes.com.ar\/principal\/wp-content\/uploads\/2023\/05\/DSC07203.jpg","wps_subtitle":"Plan de vivienda","jetpack_sharing_enabled":true,"_links":{"self":[{"href":"https:\/\/www.hoymercedes.com.ar\/principal\/wp-json\/wp\/v2\/posts\/162007","targetHints":{"allow":["GET"]}}],"collection":[{"href":"https:\/\/www.hoymercedes.com.ar\/principal\/wp-json\/wp\/v2\/posts"}],"about":[{"href":"https:\/\/www.hoymercedes.com.ar\/principal\/wp-json\/wp\/v2\/types\/post"}],"author":[{"embeddable":true,"href":"https:\/\/www.hoymercedes.com.ar\/principal\/wp-json\/wp\/v2\/users\/1"}],"replies":[{"embeddable":true,"href":"https:\/\/www.hoymercedes.com.ar\/principal\/wp-json\/wp\/v2\/comments?post=162007"}],"version-history":[{"count":0,"href":"https:\/\/www.hoymercedes.com.ar\/principal\/wp-json\/wp\/v2\/posts\/162007\/revisions"}],"wp:featuredmedia":[{"embeddable":true,"href":"https:\/\/www.hoymercedes.com.ar\/principal\/wp-json\/wp\/v2\/media\/162010"}],"wp:attachment":[{"href":"https:\/\/www.hoymercedes.com.ar\/principal\/wp-json\/wp\/v2\/media?parent=162007"}],"wp:term":[{"taxonomy":"category","embeddable":true,"href":"https:\/\/www.hoymercedes.com.ar\/principal\/wp-json\/wp\/v2\/categories?post=162007"},{"taxonomy":"post_tag","embeddable":true,"href":"https:\/\/www.hoymercedes.com.ar\/principal\/wp-json\/wp\/v2\/tags?post=162007"}],"curies":[{"name":"wp","href":"https:\/\/api.w.org\/{rel}","templated":true}]}}