{"id":162020,"date":"2023-05-11T07:12:00","date_gmt":"2023-05-11T10:12:00","guid":{"rendered":"https:\/\/www.hoymercedes.com.ar\/principal\/?p=162020"},"modified":"2023-05-10T23:23:24","modified_gmt":"2023-05-11T02:23:24","slug":"la-educacion-ambiental-en-argentina-viene-atrasada","status":"publish","type":"post","link":"https:\/\/www.hoymercedes.com.ar\/principal\/2023\/05\/11\/la-educacion-ambiental-en-argentina-viene-atrasada\/","title":{"rendered":"La educaci\u00f3n ambiental en Argentina viene atrasada\u00a0"},"content":{"rendered":"\n<p>Por Cristi\u00e1n Frers* &#8211; La educaci\u00f3n ambiental es un campo\u202fpedag\u00f3gico, interdisciplinario y heterog\u00e9neo\u200b que busca generar procesos para la construcci\u00f3n de saberes, valores y pr\u00e1cticas ambientales en espacios de la\u202feducaci\u00f3n formal,\u202fno formal\u202fe informal, con el objetivo de promover la conciencia ecol\u00f3gica y el cuidado del ambiente en la ciudadan\u00eda. Conceptos con los que estoy de acuerdo en general, pero hacen 50 a\u00f1os que se viene hablando de la educaci\u00f3n ambiental\u2026 \u00bfQue vamos a hacer? \u00bfHablar otros 50 a\u00f1os para comenzar a generar hechos concretos?\u00a0\u00a0<\/p>\n\n\n\n<p>Este tipo de educaci\u00f3n es un proceso que les permite a las personas investigar sobre tem\u00e1ticas ambientales, involucrarse en la resoluci\u00f3n de problemas y tomar medidas para mejorar el ambiente. Como resultado, los individuos alcanzan un entendimiento m\u00e1s profundo de las tem\u00e1ticas ambientales y tienen las herramientas para tomar decisiones informadas y responsables. El tema es, que, por el momento, en Argentina, esto no sucede. La educaci\u00f3n ambiental en este pa\u00eds, est\u00e1 poco m\u00e1s que en pa\u00f1ales, pese a los esfuerzos y los planes oficiales que se est\u00e1n tratando de implementar.&nbsp;<\/p>\n\n\n\n<p>Ha transcurrido casi dos a\u00f1os, en el pa\u00eds, desde la promulgaci\u00f3n de la Ley de Educaci\u00f3n Ambiental Integral. En el pasado, diversos proyectos de ley hab\u00edan perdido estado parlamentario. Esta propuesta cont\u00f3 con apoyo del Poder Ejecutivo nacional.\u202fLa norma propone incentivar procesos educativos que aborden contenidos espec\u00edficos y transversales tendientes a la concientizaci\u00f3n ambiental<strong>.<\/strong> Se trata de un proceso que defiende la sustentabilidad como proyecto social, el desarrollo con justicia social, la distribuci\u00f3n de la riqueza, preservaci\u00f3n de la naturaleza, igualdad de g\u00e9nero, protecci\u00f3n de la salud, democracia participativa y respeto por la diversidad cultural. Sin embargo<strong>,\u202f<\/strong>la aplicaci\u00f3n muestra una distancia entre sus objetivos, la pregnancia social del proyecto y el rol del Estado nacional para ponerla en marcha<strong>.\u202f\u202f\u202f<\/strong>El\u202fcontexto de pandemia\u202ftendr\u00eda que haber servido como una excusa para impulsar much\u00edsimos debates ligados a la agenda ambiental y considero que el Gobierno se conform\u00f3 con tener una Ley.&nbsp;<\/p>\n\n\n\n<p>Esta ley tiene el objetivo de\u202festablecer el derecho a la educaci\u00f3n ambiental integral como una pol\u00edtica p\u00fablica nacional en consonancia con leyes vinculadas al ambiente y la educaci\u00f3n. De alg\u00fan modo, llama a poner en pr\u00e1ctica lo establecido en tres normativas preexistentes: la Constituci\u00f3n Nacional, la Ley de Educaci\u00f3n Nacional y la Ley General del Ambiente, que contemplan a la educaci\u00f3n ambiental como un proceso fundamental para el ejercicio pleno de la ciudadan\u00eda.&nbsp;<\/p>\n\n\n\n<p>Muchas veces la falta de coordinaci\u00f3n y de planificaci\u00f3n de las acciones de los gobiernos han derivado en una total ineficacia de sus pol\u00edticas, y han significado, en las cuestiones de ambiente y de infraestructura, la necesidad de volver al principio, a cero. Por ejemplo, las muy pocas veces que se han establecido medidas anticontaminaci\u00f3n de los cursos de agua, se acciona contra diversas empresas, pero no se tienen en cuenta los basureros a cielo abierto, que siempre se encuentran a la vera de los r\u00edos, o se vierten l\u00edquidos cloacales sin tratamiento alguno, o simplemente se fugan efluentes con la complicidad de ciertos funcionarios que hacen la vista gorda. Las pol\u00edticas ambientales, sobre todo aquellas dirigidas a frenar el da\u00f1o que causa la contaminaci\u00f3n deben ser a todo o nada, es decir que si se emprende una campa\u00f1a no se pueden dejar fisuras o empezar por peque\u00f1eces. No sirve llevar a los jardines de infantes a juntar papelitos, mientras se deja que una poderosa industria desv\u00ede su efluente contaminante de la planta de tratamiento.&nbsp;&nbsp;<\/p>\n\n\n\n<p>La aplicaci\u00f3n de\u202fla educaci\u00f3n ambiental no consiste, entonces, en una mera aplicaci\u00f3n de ajustes y complementos a los programas tradicionales de la educaci\u00f3n,<strong>\u202f<\/strong>se trata, m\u00e1s bien, de convocar a nuevos enfoques, nuevos contenidos y nuevos m\u00e9todos, haciendo m\u00e1s flexibles las tradicionales estructuras de los sistemas educativos.&nbsp;<\/p>\n\n\n\n<p>Esta\u202feducaci\u00f3n es fundamental para proteger el ambiente, la vida silvestre y los recursos\u202fpara las generaciones actuales y futuras. Es importante educar sobre el medio ambiente para que se pueda comprender la importancia de cuidar el planeta. Esos conocimientos sobre su entorno son tan importantes como educar sobre el mundo. Y es que las personas deben aprender a cuidar y mantener la tierra para que pueda sustentar la vida en el futuro.&nbsp;<\/p>\n\n\n\n<p>*Cristi\u00e1n Frers \u2013 T\u00e9cnico Superior en Gesti\u00f3n Ambiental y T\u00e9cnico Superior en Comunicaci\u00f3n Social (Periodista).\u00a0<\/p>\n","protected":false},"excerpt":{"rendered":"<p>Por Cristi\u00e1n Frers* &#8211; La educaci\u00f3n ambiental es un campo\u202fpedag\u00f3gico, interdisciplinario y heterog\u00e9neo\u200b que busca generar procesos para la construcci\u00f3n &#8230; <a title=\"La educaci\u00f3n ambiental en Argentina viene atrasada\u00a0\" class=\"read-more\" href=\"https:\/\/www.hoymercedes.com.ar\/principal\/2023\/05\/11\/la-educacion-ambiental-en-argentina-viene-atrasada\/\" aria-label=\"Leer m\u00e1s sobre La educaci\u00f3n ambiental en Argentina viene atrasada\u00a0\">Leer m\u00e1s<\/a><\/p>\n","protected":false},"author":1,"featured_media":162021,"comment_status":"closed","ping_status":"open","sticky":false,"template":"","format":"standard","meta":{"_monsterinsights_skip_tracking":false,"_monsterinsights_sitenote_active":false,"_monsterinsights_sitenote_note":"","_monsterinsights_sitenote_category":0,"jetpack_post_was_ever_published":false,"_jetpack_newsletter_access":"","_jetpack_dont_email_post_to_subs":false,"_jetpack_newsletter_tier_id":0,"_jetpack_memberships_contains_paywalled_content":false,"_jetpack_memberships_contains_paid_content":false,"footnotes":"","jetpack_publicize_message":"","jetpack_publicize_feature_enabled":true,"jetpack_social_post_already_shared":true,"jetpack_social_options":{"image_generator_settings":{"template":"highway","default_image_id":0,"font":"","enabled":false},"version":2},"_wpas_customize_per_network":false},"categories":[8],"tags":[],"class_list":["post-162020","post","type-post","status-publish","format-standard","has-post-thumbnail","hentry","category-sociedad","generate-columns","tablet-grid-50","mobile-grid-100","grid-parent","grid-50"],"jetpack_publicize_connections":[],"jetpack_featured_media_url":"https:\/\/www.hoymercedes.com.ar\/principal\/wp-content\/uploads\/2023\/05\/educacion-ambiental-2.jpeg","wps_subtitle":"","jetpack_sharing_enabled":true,"_links":{"self":[{"href":"https:\/\/www.hoymercedes.com.ar\/principal\/wp-json\/wp\/v2\/posts\/162020","targetHints":{"allow":["GET"]}}],"collection":[{"href":"https:\/\/www.hoymercedes.com.ar\/principal\/wp-json\/wp\/v2\/posts"}],"about":[{"href":"https:\/\/www.hoymercedes.com.ar\/principal\/wp-json\/wp\/v2\/types\/post"}],"author":[{"embeddable":true,"href":"https:\/\/www.hoymercedes.com.ar\/principal\/wp-json\/wp\/v2\/users\/1"}],"replies":[{"embeddable":true,"href":"https:\/\/www.hoymercedes.com.ar\/principal\/wp-json\/wp\/v2\/comments?post=162020"}],"version-history":[{"count":0,"href":"https:\/\/www.hoymercedes.com.ar\/principal\/wp-json\/wp\/v2\/posts\/162020\/revisions"}],"wp:featuredmedia":[{"embeddable":true,"href":"https:\/\/www.hoymercedes.com.ar\/principal\/wp-json\/wp\/v2\/media\/162021"}],"wp:attachment":[{"href":"https:\/\/www.hoymercedes.com.ar\/principal\/wp-json\/wp\/v2\/media?parent=162020"}],"wp:term":[{"taxonomy":"category","embeddable":true,"href":"https:\/\/www.hoymercedes.com.ar\/principal\/wp-json\/wp\/v2\/categories?post=162020"},{"taxonomy":"post_tag","embeddable":true,"href":"https:\/\/www.hoymercedes.com.ar\/principal\/wp-json\/wp\/v2\/tags?post=162020"}],"curies":[{"name":"wp","href":"https:\/\/api.w.org\/{rel}","templated":true}]}}