{"id":162069,"date":"2023-05-11T16:44:50","date_gmt":"2023-05-11T19:44:50","guid":{"rendered":"https:\/\/www.hoymercedes.com.ar\/principal\/?p=162069"},"modified":"2023-05-11T16:44:53","modified_gmt":"2023-05-11T19:44:53","slug":"el-colegio-de-abogados-decreta-dia-de-duelo-por-el-fallecimiento-del-dr-quagliariello","status":"publish","type":"post","link":"https:\/\/www.hoymercedes.com.ar\/principal\/2023\/05\/11\/el-colegio-de-abogados-decreta-dia-de-duelo-por-el-fallecimiento-del-dr-quagliariello\/","title":{"rendered":"El Colegio de Abogados decreta d\u00eda de duelo por el fallecimiento del Dr. Quagliariello"},"content":{"rendered":"\n<p>El <a href=\"https:\/\/www.facebook.com\/hashtag\/cadjme?__eep__=6&amp;__cft__[0]=AZXhlyuwJ-1CTD_aZeww55XsW9yqQvIbTtYT5ymJyxfKbw38wmKQHEYbzpUh7O-ilo91OIRHuiEp2YdOQ0vlILzTsSjiJSOIZD2C_mNvyH7ovZWTYr-reXu3y7STIBRpyM1rR6JeqDKTwQ8xCr5b4I1BwEko1EC5JGyQWMzrJ_8tQfDHy_JoYhXH_xXrsgEnmPM&amp;__tn__=*NK-R\" target=\"_blank\" rel=\"noopener\">#CADJMe<\/a> decreta d\u00eda de duelo por el fallecimiento del Dr. Agust\u00edn Quagliariello.<\/p>\n\n\n<div class=\"wp-block-image\">\n<figure class=\"aligncenter size-full\"><img loading=\"lazy\" decoding=\"async\" width=\"526\" height=\"526\" data-attachment-id=\"162070\" data-permalink=\"https:\/\/www.hoymercedes.com.ar\/principal\/2023\/05\/11\/el-colegio-de-abogados-decreta-dia-de-duelo-por-el-fallecimiento-del-dr-quagliariello\/image-18-4\/#main\" data-orig-file=\"https:\/\/www.hoymercedes.com.ar\/principal\/wp-content\/uploads\/2023\/05\/image-18.png\" data-orig-size=\"526,526\" data-comments-opened=\"0\" data-image-meta=\"{&quot;aperture&quot;:&quot;0&quot;,&quot;credit&quot;:&quot;&quot;,&quot;camera&quot;:&quot;&quot;,&quot;caption&quot;:&quot;&quot;,&quot;created_timestamp&quot;:&quot;0&quot;,&quot;copyright&quot;:&quot;&quot;,&quot;focal_length&quot;:&quot;0&quot;,&quot;iso&quot;:&quot;0&quot;,&quot;shutter_speed&quot;:&quot;0&quot;,&quot;title&quot;:&quot;&quot;,&quot;orientation&quot;:&quot;0&quot;}\" data-image-title=\"image-18\" data-image-description=\"\" data-image-caption=\"\" data-large-file=\"https:\/\/www.hoymercedes.com.ar\/principal\/wp-content\/uploads\/2023\/05\/image-18.png\" src=\"https:\/\/www.hoymercedes.com.ar\/principal\/wp-content\/uploads\/2023\/05\/image-18.png\" alt=\"\" class=\"wp-image-162070\" srcset=\"https:\/\/www.hoymercedes.com.ar\/principal\/wp-content\/uploads\/2023\/05\/image-18.png 526w, https:\/\/www.hoymercedes.com.ar\/principal\/wp-content\/uploads\/2023\/05\/image-18-150x150.png 150w\" sizes=\"auto, (max-width: 526px) 100vw, 526px\" \/><\/figure>\n<\/div>\n\n\n<p>Compartimos la resoluci\u00f3n para el conocimiento de ustedes:<\/p>\n\n\n\n<p>VISTO:<br>El fallecimiento del Dr. Agust\u00edn Quagliariello, acaecido el 10 de mayo de 2023;<\/p>\n\n\n\n<p>Y CONSIDERANDO:<br>Que el Dr. Agust\u00edn Quagliariello ha sido gran colaborador de este Colegio, habi\u00e9ndose brindado en innumerables oportunidades para la capacitaci\u00f3n de sus matriculados y matriculadas, siendo de destacar la Charla brindada a las internas de la Unidad 5 por el D\u00eda Internacional de la Mujer (2015); y las doce charlas brindadas sobre Derecho a la Salud, Discapacidad y derechos, Amparos contra obras sociales, y tantas otras que tuvieran lugar entre 2016 y 2021 en las ciudades de Mercedes, Alberti, Salto, y Navarro.<\/p>\n\n\n\n<p>Que m\u00e1s all\u00e1 de lo profesional, gracias a su don de gentes, bonhom\u00eda y su esp\u00edritu siempre alegre forj\u00f3 lazos de amistad con enorme cantidad de colegas, especialmente a trav\u00e9s del deporte, donde conform\u00f3 los equipos de futbol del Colegio, habi\u00e9ndose consagrado -entre muchos otros campeonatos imposibles de enumerar- campe\u00f3n en el \u201cXXIV Campeonato Argentino de F\u00fatbol para Abogados y Procuradores\u201d, organizado por la Federaci\u00f3n Argentina de Colegios de Abogados (FACA) y por el Colegio de Abogados y el Club de Abogados de Santiago del Estero, en 2011; campe\u00f3n en Futbol Juvenil en las \u201cXXXVII Jornadas Deportivas para Abogados de la Provincia de Buenos Aires\u201d desarrolladas en la ciudad de Mar del Plata, a\u00f1o 2012; subcampe\u00f3n en el \u201cCampeonato Argentino de Abogados\u201d que se realiz\u00f3 en la ciudad de Resistencia, Provincia de Chaco, en 2013; y campe\u00f3n nacional en el \u201c29 Campeonato Nacional de Futbol de Abogados\u201d, realizado en Corrientes en 2016.<\/p>\n\n\n\n<p>Que en la faz social siempre se destac\u00f3 por su compromiso para con el pr\u00f3jimo, brillando por su humanidad en el trato a los que sufren, siendo su decir que lo fundamental era promover a la persona humana en todas sus facetas, y que el abogado deb\u00eda asistir al patrocinado hasta en los m\u00ednimos detalles, pero sobre todo en la defensa de sus intereses y derechos, sin retacear tiempo, esfuerzo, y hasta dinero propio si era necesario.<\/p>\n\n\n\n<p>Que en ese rol desempe\u00f1\u00f3 una tit\u00e1nica tarea a trav\u00e9s del trabajo de asistencia social y jur\u00eddica gratuita en la capilla Monte de Novi, perteneciente C\u00e1ritas Parroquial de San Andr\u00e9s de Giles y de Caridad Nuestra Se\u00f1ora de Luj\u00e1n, cumpliendo a rajatabla el juramente dado al matricularse y lo normado por la ley 5177, de asistir gratuitamente a los pobres, reflejando con su actuaci\u00f3n el haber sido fiel int\u00e9rprete y celoso defensor de la Ley 5177 y sus instituciones, y de la Justicia y la Paz Social.<\/p>\n\n\n\n<p>El Consejo Directivo de este Colegio de Abogados del Departamento Judicial de Mercedes:<\/p>\n\n\n\n<p>Que sin dudas esa necesidad de ayuda al pr\u00f3jimo lo llev\u00f3 a ocupar un cargo en el Defensor\u00eda General del Departamento Judicial de Mercedes en el a\u00f1o 2016, sin que ello fuese \u00f3bice para apartarse de la colaboraci\u00f3n con el Colegio y con su matriculados\/as, ya que la mayor\u00eda de sus intervenciones de tipo acad\u00e9micas las realiz\u00f3 siendo funcionario.<\/p>\n\n\n\n<p>RESUELVE:<br>1.- Decretar el d\u00eda de la fecha como d\u00eda de duelo en el Colegio de Abogados del Departamento Judicial de Mercedes;<br>2.- Hacer llegar una colaboraci\u00f3n a la entidad de bien p\u00fablico que la familia del Dr. Quagliariello indique;<br>3.- Comunicar el fallecimiento a todos los matriculados;<br>4.- Hacer llegar nota de p\u00e9same a sus familiares, con copia de esta Resoluci\u00f3n;<br><a href=\"https:\/\/www.facebook.com\/CADJMercedes\/photos\/a.1593904130891788\/3474596939489155\/?__cft__[0]=AZXhlyuwJ-1CTD_aZeww55XsW9yqQvIbTtYT5ymJyxfKbw38wmKQHEYbzpUh7O-ilo91OIRHuiEp2YdOQ0vlILzTsSjiJSOIZD2C_mNvyH7ovZWTYr-reXu3y7STIBRpyM1rR6JeqDKTwQ8xCr5b4I1BwEko1EC5JGyQWMzrJ_8tQfDHy_JoYhXH_xXrsgEnmPM&amp;__tn__=EH-R\" target=\"_blank\" rel=\"noopener\"><\/a><\/p>\n","protected":false},"excerpt":{"rendered":"<p>El #CADJMe decreta d\u00eda de duelo por el fallecimiento del Dr. Agust\u00edn Quagliariello. Compartimos la resoluci\u00f3n para el conocimiento de &#8230; <a title=\"El Colegio de Abogados decreta d\u00eda de duelo por el fallecimiento del Dr. Quagliariello\" class=\"read-more\" href=\"https:\/\/www.hoymercedes.com.ar\/principal\/2023\/05\/11\/el-colegio-de-abogados-decreta-dia-de-duelo-por-el-fallecimiento-del-dr-quagliariello\/\" aria-label=\"Leer m\u00e1s sobre El Colegio de Abogados decreta d\u00eda de duelo por el fallecimiento del Dr. Quagliariello\">Leer m\u00e1s<\/a><\/p>\n","protected":false},"author":1,"featured_media":162071,"comment_status":"closed","ping_status":"open","sticky":false,"template":"","format":"standard","meta":{"_monsterinsights_skip_tracking":false,"_monsterinsights_sitenote_active":false,"_monsterinsights_sitenote_note":"","_monsterinsights_sitenote_category":0,"jetpack_post_was_ever_published":false,"_jetpack_newsletter_access":"","_jetpack_dont_email_post_to_subs":false,"_jetpack_newsletter_tier_id":0,"_jetpack_memberships_contains_paywalled_content":false,"_jetpack_memberships_contains_paid_content":false,"footnotes":"","jetpack_publicize_message":"","jetpack_publicize_feature_enabled":true,"jetpack_social_post_already_shared":true,"jetpack_social_options":{"image_generator_settings":{"template":"highway","default_image_id":0,"font":"","enabled":false},"version":2},"_wpas_customize_per_network":false},"categories":[8],"tags":[],"class_list":["post-162069","post","type-post","status-publish","format-standard","has-post-thumbnail","hentry","category-sociedad","generate-columns","tablet-grid-50","mobile-grid-100","grid-parent","grid-50"],"jetpack_publicize_connections":[],"jetpack_featured_media_url":"https:\/\/www.hoymercedes.com.ar\/principal\/wp-content\/uploads\/2023\/05\/345578096_778546923848541_8823359973663922574_n.jpg","wps_subtitle":"","jetpack_sharing_enabled":true,"_links":{"self":[{"href":"https:\/\/www.hoymercedes.com.ar\/principal\/wp-json\/wp\/v2\/posts\/162069","targetHints":{"allow":["GET"]}}],"collection":[{"href":"https:\/\/www.hoymercedes.com.ar\/principal\/wp-json\/wp\/v2\/posts"}],"about":[{"href":"https:\/\/www.hoymercedes.com.ar\/principal\/wp-json\/wp\/v2\/types\/post"}],"author":[{"embeddable":true,"href":"https:\/\/www.hoymercedes.com.ar\/principal\/wp-json\/wp\/v2\/users\/1"}],"replies":[{"embeddable":true,"href":"https:\/\/www.hoymercedes.com.ar\/principal\/wp-json\/wp\/v2\/comments?post=162069"}],"version-history":[{"count":0,"href":"https:\/\/www.hoymercedes.com.ar\/principal\/wp-json\/wp\/v2\/posts\/162069\/revisions"}],"wp:featuredmedia":[{"embeddable":true,"href":"https:\/\/www.hoymercedes.com.ar\/principal\/wp-json\/wp\/v2\/media\/162071"}],"wp:attachment":[{"href":"https:\/\/www.hoymercedes.com.ar\/principal\/wp-json\/wp\/v2\/media?parent=162069"}],"wp:term":[{"taxonomy":"category","embeddable":true,"href":"https:\/\/www.hoymercedes.com.ar\/principal\/wp-json\/wp\/v2\/categories?post=162069"},{"taxonomy":"post_tag","embeddable":true,"href":"https:\/\/www.hoymercedes.com.ar\/principal\/wp-json\/wp\/v2\/tags?post=162069"}],"curies":[{"name":"wp","href":"https:\/\/api.w.org\/{rel}","templated":true}]}}