{"id":162099,"date":"2023-05-12T19:28:53","date_gmt":"2023-05-12T22:28:53","guid":{"rendered":"https:\/\/www.hoymercedes.com.ar\/principal\/?p=162099"},"modified":"2023-05-12T19:28:56","modified_gmt":"2023-05-12T22:28:56","slug":"bibiana-andreucci-disertara-sobre-la-lucha-por-los-derechos-posesorios","status":"publish","type":"post","link":"https:\/\/www.hoymercedes.com.ar\/principal\/2023\/05\/12\/bibiana-andreucci-disertara-sobre-la-lucha-por-los-derechos-posesorios\/","title":{"rendered":"Bibiana Andreucci disertar\u00e1 sobre la lucha por los derechos posesorios"},"content":{"rendered":"\n<p>El Colegio de Abogados del Departamento Judicial de Mercedes, a trav\u00e9s de su Comisi\u00f3n de Extensi\u00f3n Sociocultural, anuncia para el pr\u00f3ximo viernes 19 de mayo a la hora 19 la presentaci\u00f3n de la investigadora en Historia Bibiana Andreucci, quien disertar\u00e1 sobre \u201cLa lucha por los derechos posesorios en la Guardia de Luj\u00e1n a fines del siglo XVIII\u201d. <\/p>\n\n\n\n<p>El tema reviste adem\u00e1s de su inter\u00e9s hist\u00f3rico una aproximaci\u00f3n a la forma en que se fueron concretando los derechos sobre las tierras del entorno de lo que ser\u00eda nuestra ciudad de Mercedes y zonas aleda\u00f1as.\u00a0<\/p>\n\n\n\n<p>Bibiana Andreucci es licenciada en Historia, investigadora del CONICET, y autora de varios trabajos vinculados a las migraciones que a trav\u00e9s del Oc\u00e9ano Atl\u00e1ntico fueron configurando un espacio euroamericano en los siglos XIX y XX, y sobre las redes familiares y relaciones de poder en lo que fuera la Guardia de Luj\u00e1n. Ha publicado \u201cLabradores de frontera\u201d, un estudio tambi\u00e9n vinculado a la Guardia de Luj\u00e1n entre 1789 y 1860.&nbsp;<\/p>\n","protected":false},"excerpt":{"rendered":"<p>El Colegio de Abogados del Departamento Judicial de Mercedes, a trav\u00e9s de su Comisi\u00f3n de Extensi\u00f3n Sociocultural, anuncia para el &#8230; <a title=\"Bibiana Andreucci disertar\u00e1 sobre la lucha por los derechos posesorios\" class=\"read-more\" href=\"https:\/\/www.hoymercedes.com.ar\/principal\/2023\/05\/12\/bibiana-andreucci-disertara-sobre-la-lucha-por-los-derechos-posesorios\/\" aria-label=\"Leer m\u00e1s sobre Bibiana Andreucci disertar\u00e1 sobre la lucha por los derechos posesorios\">Leer m\u00e1s<\/a><\/p>\n","protected":false},"author":1,"featured_media":162100,"comment_status":"closed","ping_status":"open","sticky":false,"template":"","format":"standard","meta":{"_monsterinsights_skip_tracking":false,"_monsterinsights_sitenote_active":false,"_monsterinsights_sitenote_note":"","_monsterinsights_sitenote_category":0,"jetpack_post_was_ever_published":false,"_jetpack_newsletter_access":"","_jetpack_dont_email_post_to_subs":false,"_jetpack_newsletter_tier_id":0,"_jetpack_memberships_contains_paywalled_content":false,"_jetpack_memberships_contains_paid_content":false,"footnotes":"","jetpack_publicize_message":"","jetpack_publicize_feature_enabled":true,"jetpack_social_post_already_shared":true,"jetpack_social_options":{"image_generator_settings":{"template":"highway","default_image_id":0,"font":"","enabled":false},"version":2},"_wpas_customize_per_network":false},"categories":[8],"tags":[],"class_list":["post-162099","post","type-post","status-publish","format-standard","has-post-thumbnail","hentry","category-sociedad","generate-columns","tablet-grid-50","mobile-grid-100","grid-parent","grid-50"],"jetpack_publicize_connections":[],"jetpack_featured_media_url":"https:\/\/www.hoymercedes.com.ar\/principal\/wp-content\/uploads\/2023\/05\/andreucci.jpg","wps_subtitle":"","jetpack_sharing_enabled":true,"_links":{"self":[{"href":"https:\/\/www.hoymercedes.com.ar\/principal\/wp-json\/wp\/v2\/posts\/162099","targetHints":{"allow":["GET"]}}],"collection":[{"href":"https:\/\/www.hoymercedes.com.ar\/principal\/wp-json\/wp\/v2\/posts"}],"about":[{"href":"https:\/\/www.hoymercedes.com.ar\/principal\/wp-json\/wp\/v2\/types\/post"}],"author":[{"embeddable":true,"href":"https:\/\/www.hoymercedes.com.ar\/principal\/wp-json\/wp\/v2\/users\/1"}],"replies":[{"embeddable":true,"href":"https:\/\/www.hoymercedes.com.ar\/principal\/wp-json\/wp\/v2\/comments?post=162099"}],"version-history":[{"count":0,"href":"https:\/\/www.hoymercedes.com.ar\/principal\/wp-json\/wp\/v2\/posts\/162099\/revisions"}],"wp:featuredmedia":[{"embeddable":true,"href":"https:\/\/www.hoymercedes.com.ar\/principal\/wp-json\/wp\/v2\/media\/162100"}],"wp:attachment":[{"href":"https:\/\/www.hoymercedes.com.ar\/principal\/wp-json\/wp\/v2\/media?parent=162099"}],"wp:term":[{"taxonomy":"category","embeddable":true,"href":"https:\/\/www.hoymercedes.com.ar\/principal\/wp-json\/wp\/v2\/categories?post=162099"},{"taxonomy":"post_tag","embeddable":true,"href":"https:\/\/www.hoymercedes.com.ar\/principal\/wp-json\/wp\/v2\/tags?post=162099"}],"curies":[{"name":"wp","href":"https:\/\/api.w.org\/{rel}","templated":true}]}}