{"id":162109,"date":"2023-05-13T08:56:00","date_gmt":"2023-05-13T11:56:00","guid":{"rendered":"https:\/\/www.hoymercedes.com.ar\/principal\/?p=162109"},"modified":"2023-05-13T08:21:57","modified_gmt":"2023-05-13T11:21:57","slug":"sabado-coros-en-la-parroquia-san-patricio","status":"publish","type":"post","link":"https:\/\/www.hoymercedes.com.ar\/principal\/2023\/05\/13\/sabado-coros-en-la-parroquia-san-patricio\/","title":{"rendered":"S\u00e1bado: Coros en la Parroquia San Patricio"},"content":{"rendered":"\n<p>Este s\u00e1bado 13 de mayo a las 20:00 horas se llevar\u00e1 adelante el gran Concierto Coral que se realizar\u00e1 en la Iglesia San Patricio. El mismo contar\u00e1 con las actuaciones del Coro Provisorio a cargo del Director Sergio Feferovich y del Coro municipal de C\u00e1mara Ars Pulchra dirigido por Marianela Schenone, es con entrada libre y gratuita.<\/p>\n\n\n\n<p>Amalia Guarania una de las encargadas de difusi\u00f3n de este evento, se\u00f1al\u00f3 \u201ceste es un concierto que est\u00e1 impulsado por la Direcci\u00f3n de Cultura de la Municipalidad de Mercedes y que tendr\u00e1 lugar en la iglesia San Patricio\u201d y a\u00f1adi\u00f3 \u201cser\u00e1 un encuentro de dos coros, el Coro Provisorio a cargo del Director Sergio Feferovich y el Coro municipal de C\u00e1mara Ars Pulchra dirigido por Marianela Schenone\u201d.<\/p>\n\n\n\n<p>\u201cAmbos coros ofrecer\u00e1n un concierto por separado con la idea de realizar una colaboraci\u00f3n entre ambas sobre el final\u201d indic\u00f3 Guarania y agreg\u00f3 \u201cel concierto ser\u00e1 variado, habr\u00e1 m\u00fasica popular y acad\u00e9mica, donde el Director Sergio Feferovich es reconocido en el ambiente por lo que se espera un muy lindo espect\u00e1culo\u201d. \u00a0<\/p>\n\n\n\n<p>Previamente, se dictar\u00e1 un Taller Coral en el recinto del HCD, a partir de la hora 14:30. <\/p>\n\n\n<div class=\"wp-block-image\">\n<figure class=\"aligncenter size-large\"><img loading=\"lazy\" decoding=\"async\" width=\"1024\" height=\"1024\" data-attachment-id=\"162110\" data-permalink=\"https:\/\/www.hoymercedes.com.ar\/principal\/2023\/05\/13\/sabado-coros-en-la-parroquia-san-patricio\/fb_img_1683976672465\/#main\" data-orig-file=\"https:\/\/www.hoymercedes.com.ar\/principal\/wp-content\/uploads\/2023\/05\/FB_IMG_1683976672465.jpg\" data-orig-size=\"1080,1080\" data-comments-opened=\"0\" data-image-meta=\"{&quot;aperture&quot;:&quot;0&quot;,&quot;credit&quot;:&quot;&quot;,&quot;camera&quot;:&quot;&quot;,&quot;caption&quot;:&quot;&quot;,&quot;created_timestamp&quot;:&quot;0&quot;,&quot;copyright&quot;:&quot;&quot;,&quot;focal_length&quot;:&quot;0&quot;,&quot;iso&quot;:&quot;0&quot;,&quot;shutter_speed&quot;:&quot;0&quot;,&quot;title&quot;:&quot;&quot;,&quot;orientation&quot;:&quot;0&quot;}\" data-image-title=\"FB_IMG_1683976672465\" data-image-description=\"\" data-image-caption=\"\" data-large-file=\"https:\/\/www.hoymercedes.com.ar\/principal\/wp-content\/uploads\/2023\/05\/FB_IMG_1683976672465-1024x1024.jpg\" src=\"https:\/\/www.hoymercedes.com.ar\/principal\/wp-content\/uploads\/2023\/05\/FB_IMG_1683976672465-1024x1024.jpg\" alt=\"\" class=\"wp-image-162110\" srcset=\"https:\/\/www.hoymercedes.com.ar\/principal\/wp-content\/uploads\/2023\/05\/FB_IMG_1683976672465-1024x1024.jpg 1024w, https:\/\/www.hoymercedes.com.ar\/principal\/wp-content\/uploads\/2023\/05\/FB_IMG_1683976672465-620x620.jpg 620w, https:\/\/www.hoymercedes.com.ar\/principal\/wp-content\/uploads\/2023\/05\/FB_IMG_1683976672465-150x150.jpg 150w, https:\/\/www.hoymercedes.com.ar\/principal\/wp-content\/uploads\/2023\/05\/FB_IMG_1683976672465.jpg 1080w\" sizes=\"auto, (max-width: 1024px) 100vw, 1024px\" \/><\/figure>\n<\/div>","protected":false},"excerpt":{"rendered":"<p>Este s\u00e1bado 13 de mayo a las 20:00 horas se llevar\u00e1 adelante el gran Concierto Coral que se realizar\u00e1 en &#8230; <a title=\"S\u00e1bado: Coros en la Parroquia San Patricio\" class=\"read-more\" href=\"https:\/\/www.hoymercedes.com.ar\/principal\/2023\/05\/13\/sabado-coros-en-la-parroquia-san-patricio\/\" aria-label=\"Leer m\u00e1s sobre S\u00e1bado: Coros en la Parroquia San Patricio\">Leer m\u00e1s<\/a><\/p>\n","protected":false},"author":1,"featured_media":162111,"comment_status":"closed","ping_status":"open","sticky":false,"template":"","format":"standard","meta":{"_monsterinsights_skip_tracking":false,"_monsterinsights_sitenote_active":false,"_monsterinsights_sitenote_note":"","_monsterinsights_sitenote_category":0,"jetpack_post_was_ever_published":false,"_jetpack_newsletter_access":"","_jetpack_dont_email_post_to_subs":false,"_jetpack_newsletter_tier_id":0,"_jetpack_memberships_contains_paywalled_content":false,"_jetpack_memberships_contains_paid_content":false,"footnotes":"","jetpack_publicize_message":"","jetpack_publicize_feature_enabled":true,"jetpack_social_post_already_shared":true,"jetpack_social_options":{"image_generator_settings":{"template":"highway","default_image_id":0,"font":"","enabled":false},"version":2},"_wpas_customize_per_network":false},"categories":[104],"tags":[7805],"class_list":["post-162109","post","type-post","status-publish","format-standard","has-post-thumbnail","hentry","category-cultura","tag-cultura","generate-columns","tablet-grid-50","mobile-grid-100","grid-parent","grid-50"],"jetpack_publicize_connections":[],"jetpack_featured_media_url":"https:\/\/www.hoymercedes.com.ar\/principal\/wp-content\/uploads\/2023\/05\/FB_IMG_1683976661644.jpg","wps_subtitle":"","jetpack_sharing_enabled":true,"_links":{"self":[{"href":"https:\/\/www.hoymercedes.com.ar\/principal\/wp-json\/wp\/v2\/posts\/162109","targetHints":{"allow":["GET"]}}],"collection":[{"href":"https:\/\/www.hoymercedes.com.ar\/principal\/wp-json\/wp\/v2\/posts"}],"about":[{"href":"https:\/\/www.hoymercedes.com.ar\/principal\/wp-json\/wp\/v2\/types\/post"}],"author":[{"embeddable":true,"href":"https:\/\/www.hoymercedes.com.ar\/principal\/wp-json\/wp\/v2\/users\/1"}],"replies":[{"embeddable":true,"href":"https:\/\/www.hoymercedes.com.ar\/principal\/wp-json\/wp\/v2\/comments?post=162109"}],"version-history":[{"count":0,"href":"https:\/\/www.hoymercedes.com.ar\/principal\/wp-json\/wp\/v2\/posts\/162109\/revisions"}],"wp:featuredmedia":[{"embeddable":true,"href":"https:\/\/www.hoymercedes.com.ar\/principal\/wp-json\/wp\/v2\/media\/162111"}],"wp:attachment":[{"href":"https:\/\/www.hoymercedes.com.ar\/principal\/wp-json\/wp\/v2\/media?parent=162109"}],"wp:term":[{"taxonomy":"category","embeddable":true,"href":"https:\/\/www.hoymercedes.com.ar\/principal\/wp-json\/wp\/v2\/categories?post=162109"},{"taxonomy":"post_tag","embeddable":true,"href":"https:\/\/www.hoymercedes.com.ar\/principal\/wp-json\/wp\/v2\/tags?post=162109"}],"curies":[{"name":"wp","href":"https:\/\/api.w.org\/{rel}","templated":true}]}}