{"id":162141,"date":"2023-05-13T21:08:00","date_gmt":"2023-05-14T00:08:00","guid":{"rendered":"https:\/\/www.hoymercedes.com.ar\/principal\/?p=162141"},"modified":"2023-05-13T19:10:40","modified_gmt":"2023-05-13T22:10:40","slug":"presencia-mercedina-en-congreso-del-partido-justicialista","status":"publish","type":"post","link":"https:\/\/www.hoymercedes.com.ar\/principal\/2023\/05\/13\/presencia-mercedina-en-congreso-del-partido-justicialista\/","title":{"rendered":"Presencia mercedina en Congreso del Partido Justicialista"},"content":{"rendered":"\n<figure class=\"wp-block-image size-full\"><img loading=\"lazy\" decoding=\"async\" width=\"1024\" height=\"768\" data-attachment-id=\"162142\" data-permalink=\"https:\/\/www.hoymercedes.com.ar\/principal\/2023\/05\/13\/presencia-mercedina-en-congreso-del-partido-justicialista\/congresopj-2\/#main\" data-orig-file=\"https:\/\/www.hoymercedes.com.ar\/principal\/wp-content\/uploads\/2023\/05\/CongresoPJ-2.jpeg\" data-orig-size=\"1024,768\" data-comments-opened=\"0\" data-image-meta=\"{&quot;aperture&quot;:&quot;0&quot;,&quot;credit&quot;:&quot;&quot;,&quot;camera&quot;:&quot;&quot;,&quot;caption&quot;:&quot;&quot;,&quot;created_timestamp&quot;:&quot;0&quot;,&quot;copyright&quot;:&quot;&quot;,&quot;focal_length&quot;:&quot;0&quot;,&quot;iso&quot;:&quot;0&quot;,&quot;shutter_speed&quot;:&quot;0&quot;,&quot;title&quot;:&quot;&quot;,&quot;orientation&quot;:&quot;0&quot;}\" data-image-title=\"CongresoPJ-2\" data-image-description=\"\" data-image-caption=\"\" data-large-file=\"https:\/\/www.hoymercedes.com.ar\/principal\/wp-content\/uploads\/2023\/05\/CongresoPJ-2.jpeg\" src=\"https:\/\/www.hoymercedes.com.ar\/principal\/wp-content\/uploads\/2023\/05\/CongresoPJ-2.jpeg\" alt=\"\" class=\"wp-image-162142\" srcset=\"https:\/\/www.hoymercedes.com.ar\/principal\/wp-content\/uploads\/2023\/05\/CongresoPJ-2.jpeg 1024w, https:\/\/www.hoymercedes.com.ar\/principal\/wp-content\/uploads\/2023\/05\/CongresoPJ-2-630x473.jpeg 630w, https:\/\/www.hoymercedes.com.ar\/principal\/wp-content\/uploads\/2023\/05\/CongresoPJ-2-150x113.jpeg 150w\" sizes=\"auto, (max-width: 1024px) 100vw, 1024px\" \/><\/figure>\n\n\n\n<p>Se llev\u00f3 adelante un concurrido Congreso partidario del PJ bonaerense en La Matanza. All\u00ed hubo presencia mercedina. Debate, reflexi\u00f3n y acciones program\u00e1ticas. Mensaje de esperanza y mucha motivaci\u00f3n a seguir trabajando \u201cpor la gente, por el pueblo\u201d.<\/p>\n\n\n\n<p>En La Matanza se realiz\u00f3 el Congreso del Partido Justicialista. Algunos mercedinos llegaron muy temprano para participar del debate, incluso en el rol de congresales, como Clara Zunino y Lu\u00eds Ponce. Tambi\u00e9n el actual presidente del PJ local, Juan Pablo L\u00f3pez Baggio, Carlos Selva, el edil Carlos Garro y Santiago \u201cLalo\u201d R\u00e9vora.<\/p>\n\n\n\n<p>A su vez, Juani Ustarroz y \u201cWado\u201d de Pedro viajaron tras dejar inaugurada una escuela de educaci\u00f3n de adultos en Mercedes, llegando a participar de los debates y luego siendo invitados a acompa\u00f1ar a M\u00e1ximo Kirchner, orador principal, desde el escenario.<\/p>\n\n\n\n<figure class=\"wp-block-image size-full\"><img loading=\"lazy\" decoding=\"async\" width=\"1024\" height=\"768\" data-attachment-id=\"162143\" data-permalink=\"https:\/\/www.hoymercedes.com.ar\/principal\/2023\/05\/13\/presencia-mercedina-en-congreso-del-partido-justicialista\/congresopj-3\/#main\" data-orig-file=\"https:\/\/www.hoymercedes.com.ar\/principal\/wp-content\/uploads\/2023\/05\/CongresoPJ-3.jpeg\" data-orig-size=\"1024,768\" data-comments-opened=\"0\" data-image-meta=\"{&quot;aperture&quot;:&quot;0&quot;,&quot;credit&quot;:&quot;&quot;,&quot;camera&quot;:&quot;&quot;,&quot;caption&quot;:&quot;&quot;,&quot;created_timestamp&quot;:&quot;0&quot;,&quot;copyright&quot;:&quot;&quot;,&quot;focal_length&quot;:&quot;0&quot;,&quot;iso&quot;:&quot;0&quot;,&quot;shutter_speed&quot;:&quot;0&quot;,&quot;title&quot;:&quot;&quot;,&quot;orientation&quot;:&quot;0&quot;}\" data-image-title=\"CongresoPJ-3\" data-image-description=\"\" data-image-caption=\"\" data-large-file=\"https:\/\/www.hoymercedes.com.ar\/principal\/wp-content\/uploads\/2023\/05\/CongresoPJ-3.jpeg\" src=\"https:\/\/www.hoymercedes.com.ar\/principal\/wp-content\/uploads\/2023\/05\/CongresoPJ-3.jpeg\" alt=\"\" class=\"wp-image-162143\" srcset=\"https:\/\/www.hoymercedes.com.ar\/principal\/wp-content\/uploads\/2023\/05\/CongresoPJ-3.jpeg 1024w, https:\/\/www.hoymercedes.com.ar\/principal\/wp-content\/uploads\/2023\/05\/CongresoPJ-3-630x473.jpeg 630w, https:\/\/www.hoymercedes.com.ar\/principal\/wp-content\/uploads\/2023\/05\/CongresoPJ-3-150x113.jpeg 150w\" sizes=\"auto, (max-width: 1024px) 100vw, 1024px\" \/><\/figure>\n\n\n\n<p>\u201cPara nosotros antes que las elecciones est\u00e1n las y los vecinos. Est\u00e1n las acciones program\u00e1ticas. Las intervenciones del Estado en mejorar la calidad de del pueblo\u201d destacaron dirigentes locales y ratificaron \u201ctenemos un compromiso irrenunciable con nuestro pueblo, con Per\u00f3n, N\u00e9stor y Cristina y la construcci\u00f3n de un futuro mejor para todas y todos\u201d, comentaron entre otros conceptos.<\/p>\n\n\n\n<figure class=\"wp-block-image size-full\"><img loading=\"lazy\" decoding=\"async\" width=\"1024\" height=\"683\" data-attachment-id=\"162144\" data-permalink=\"https:\/\/www.hoymercedes.com.ar\/principal\/2023\/05\/13\/presencia-mercedina-en-congreso-del-partido-justicialista\/congresopj-1\/#main\" data-orig-file=\"https:\/\/www.hoymercedes.com.ar\/principal\/wp-content\/uploads\/2023\/05\/CongresoPJ-1.jpeg\" data-orig-size=\"1024,683\" data-comments-opened=\"0\" data-image-meta=\"{&quot;aperture&quot;:&quot;0&quot;,&quot;credit&quot;:&quot;&quot;,&quot;camera&quot;:&quot;&quot;,&quot;caption&quot;:&quot;&quot;,&quot;created_timestamp&quot;:&quot;0&quot;,&quot;copyright&quot;:&quot;&quot;,&quot;focal_length&quot;:&quot;0&quot;,&quot;iso&quot;:&quot;0&quot;,&quot;shutter_speed&quot;:&quot;0&quot;,&quot;title&quot;:&quot;&quot;,&quot;orientation&quot;:&quot;0&quot;}\" data-image-title=\"CongresoPJ-1\" data-image-description=\"\" data-image-caption=\"\" data-large-file=\"https:\/\/www.hoymercedes.com.ar\/principal\/wp-content\/uploads\/2023\/05\/CongresoPJ-1.jpeg\" src=\"https:\/\/www.hoymercedes.com.ar\/principal\/wp-content\/uploads\/2023\/05\/CongresoPJ-1.jpeg\" alt=\"\" class=\"wp-image-162144\" srcset=\"https:\/\/www.hoymercedes.com.ar\/principal\/wp-content\/uploads\/2023\/05\/CongresoPJ-1.jpeg 1024w, https:\/\/www.hoymercedes.com.ar\/principal\/wp-content\/uploads\/2023\/05\/CongresoPJ-1-630x420.jpeg 630w, https:\/\/www.hoymercedes.com.ar\/principal\/wp-content\/uploads\/2023\/05\/CongresoPJ-1-150x100.jpeg 150w\" sizes=\"auto, (max-width: 1024px) 100vw, 1024px\" \/><\/figure>\n\n\n\n<p><\/p>\n\n\n\n<p>En la exposici\u00f3n central no se dej\u00f3 de tocar ninguno de los temas que interesan a la poblaci\u00f3n. El precio de los alimentos, el trabajo, la econom\u00eda, la seguridad, el actual rol de la justicia y tambi\u00e9n el proceso electoral que se viene.<\/p>\n\n\n\n<figure class=\"wp-block-embed aligncenter is-type-rich is-provider-twitter wp-block-embed-twitter\"><div class=\"wp-block-embed__wrapper\">\n<blockquote class=\"twitter-tweet\" data-width=\"550\" data-dnt=\"true\"><p lang=\"es\" dir=\"ltr\">Es hora de ponernos en marcha y ampliar el frente. <br>Sabemos cu\u00e1l es el modelo de pa\u00eds que defendemos y sabemos el da\u00f1o que Macri, Larreta, Bullrich y Milei le pueden hacer a nuestra patria. <br>Salgamos a militar, a dar todas las discusiones, con compromiso y esperanza en el futuro. <a href=\"https:\/\/t.co\/0FddQhddks\">pic.twitter.com\/0FddQhddks<\/a><\/p>&mdash; Wado de Pedro \ud83c\udde6\ud83c\uddf7 (@wadodecorrido) <a href=\"https:\/\/twitter.com\/wadodecorrido\/status\/1657460745926328321?ref_src=twsrc%5Etfw\" target=\"_blank\" rel=\"noopener\">May 13, 2023<\/a><\/blockquote><script async src=\"https:\/\/platform.twitter.com\/widgets.js\" charset=\"utf-8\"><\/script>\n<\/div><\/figure>\n","protected":false},"excerpt":{"rendered":"<p>Se llev\u00f3 adelante un concurrido Congreso partidario del PJ bonaerense en La Matanza. All\u00ed hubo presencia mercedina. Debate, reflexi\u00f3n y &#8230; <a title=\"Presencia mercedina en Congreso del Partido Justicialista\" class=\"read-more\" href=\"https:\/\/www.hoymercedes.com.ar\/principal\/2023\/05\/13\/presencia-mercedina-en-congreso-del-partido-justicialista\/\" aria-label=\"Leer m\u00e1s sobre Presencia mercedina en Congreso del Partido Justicialista\">Leer m\u00e1s<\/a><\/p>\n","protected":false},"author":1,"featured_media":162144,"comment_status":"closed","ping_status":"open","sticky":false,"template":"","format":"standard","meta":{"_monsterinsights_skip_tracking":false,"_monsterinsights_sitenote_active":false,"_monsterinsights_sitenote_note":"","_monsterinsights_sitenote_category":0,"jetpack_post_was_ever_published":false,"_jetpack_newsletter_access":"","_jetpack_dont_email_post_to_subs":false,"_jetpack_newsletter_tier_id":0,"_jetpack_memberships_contains_paywalled_content":false,"_jetpack_memberships_contains_paid_content":false,"footnotes":"","jetpack_publicize_message":"","jetpack_publicize_feature_enabled":true,"jetpack_social_post_already_shared":true,"jetpack_social_options":{"image_generator_settings":{"template":"highway","default_image_id":0,"font":"","enabled":false},"version":2},"_wpas_customize_per_network":false},"categories":[5],"tags":[11910,585,15585,281],"class_list":["post-162141","post","type-post","status-publish","format-standard","has-post-thumbnail","hentry","category-politica","tag-clara-zunino","tag-juan-ustarroz","tag-lalo-revora-2","tag-wado-de-pedro","generate-columns","tablet-grid-50","mobile-grid-100","grid-parent","grid-50"],"jetpack_publicize_connections":[],"jetpack_featured_media_url":"https:\/\/www.hoymercedes.com.ar\/principal\/wp-content\/uploads\/2023\/05\/CongresoPJ-1.jpeg","wps_subtitle":"Acci\u00f3n partidaria","jetpack_sharing_enabled":true,"_links":{"self":[{"href":"https:\/\/www.hoymercedes.com.ar\/principal\/wp-json\/wp\/v2\/posts\/162141","targetHints":{"allow":["GET"]}}],"collection":[{"href":"https:\/\/www.hoymercedes.com.ar\/principal\/wp-json\/wp\/v2\/posts"}],"about":[{"href":"https:\/\/www.hoymercedes.com.ar\/principal\/wp-json\/wp\/v2\/types\/post"}],"author":[{"embeddable":true,"href":"https:\/\/www.hoymercedes.com.ar\/principal\/wp-json\/wp\/v2\/users\/1"}],"replies":[{"embeddable":true,"href":"https:\/\/www.hoymercedes.com.ar\/principal\/wp-json\/wp\/v2\/comments?post=162141"}],"version-history":[{"count":0,"href":"https:\/\/www.hoymercedes.com.ar\/principal\/wp-json\/wp\/v2\/posts\/162141\/revisions"}],"wp:featuredmedia":[{"embeddable":true,"href":"https:\/\/www.hoymercedes.com.ar\/principal\/wp-json\/wp\/v2\/media\/162144"}],"wp:attachment":[{"href":"https:\/\/www.hoymercedes.com.ar\/principal\/wp-json\/wp\/v2\/media?parent=162141"}],"wp:term":[{"taxonomy":"category","embeddable":true,"href":"https:\/\/www.hoymercedes.com.ar\/principal\/wp-json\/wp\/v2\/categories?post=162141"},{"taxonomy":"post_tag","embeddable":true,"href":"https:\/\/www.hoymercedes.com.ar\/principal\/wp-json\/wp\/v2\/tags?post=162141"}],"curies":[{"name":"wp","href":"https:\/\/api.w.org\/{rel}","templated":true}]}}