{"id":162157,"date":"2023-05-14T10:53:03","date_gmt":"2023-05-14T13:53:03","guid":{"rendered":"https:\/\/www.hoymercedes.com.ar\/principal\/?p=162157"},"modified":"2023-05-14T10:53:05","modified_gmt":"2023-05-14T13:53:05","slug":"realizaron-un-encuentro-con-las-aves-el-arte-y-el-rio","status":"publish","type":"post","link":"https:\/\/www.hoymercedes.com.ar\/principal\/2023\/05\/14\/realizaron-un-encuentro-con-las-aves-el-arte-y-el-rio\/","title":{"rendered":"Realizaron un encuentro con las aves, el arte y el r\u00edo"},"content":{"rendered":"\n<p>En la jornada del d\u00eda s\u00e1bado dos actividades organizaron desde la Asociaci\u00f3n Civil SOS Habitat. Ambas tuvieron en com\u00fan caminatas con visitas al r\u00edo Luj\u00e1n tanto por el Parque Municipal como por el Arroyo Balta. <\/p>\n\n\n<div class=\"wp-block-image\">\n<figure class=\"aligncenter size-full\"><img loading=\"lazy\" decoding=\"async\" width=\"714\" height=\"519\" data-attachment-id=\"162159\" data-permalink=\"https:\/\/www.hoymercedes.com.ar\/principal\/2023\/05\/14\/realizaron-un-encuentro-con-las-aves-el-arte-y-el-rio\/sos-hab-mayo-2\/#main\" data-orig-file=\"https:\/\/www.hoymercedes.com.ar\/principal\/wp-content\/uploads\/2023\/05\/sos-hab-mayo-2.jpg\" data-orig-size=\"714,519\" data-comments-opened=\"0\" data-image-meta=\"{&quot;aperture&quot;:&quot;0&quot;,&quot;credit&quot;:&quot;&quot;,&quot;camera&quot;:&quot;&quot;,&quot;caption&quot;:&quot;&quot;,&quot;created_timestamp&quot;:&quot;1684059851&quot;,&quot;copyright&quot;:&quot;&quot;,&quot;focal_length&quot;:&quot;0&quot;,&quot;iso&quot;:&quot;0&quot;,&quot;shutter_speed&quot;:&quot;0&quot;,&quot;title&quot;:&quot;&quot;,&quot;orientation&quot;:&quot;1&quot;}\" data-image-title=\"sos hab mayo 2\" data-image-description=\"\" data-image-caption=\"\" data-large-file=\"https:\/\/www.hoymercedes.com.ar\/principal\/wp-content\/uploads\/2023\/05\/sos-hab-mayo-2.jpg\" src=\"https:\/\/www.hoymercedes.com.ar\/principal\/wp-content\/uploads\/2023\/05\/sos-hab-mayo-2.jpg\" alt=\"\" class=\"wp-image-162159\" srcset=\"https:\/\/www.hoymercedes.com.ar\/principal\/wp-content\/uploads\/2023\/05\/sos-hab-mayo-2.jpg 714w, https:\/\/www.hoymercedes.com.ar\/principal\/wp-content\/uploads\/2023\/05\/sos-hab-mayo-2-630x458.jpg 630w, https:\/\/www.hoymercedes.com.ar\/principal\/wp-content\/uploads\/2023\/05\/sos-hab-mayo-2-150x109.jpg 150w\" sizes=\"auto, (max-width: 714px) 100vw, 714px\" \/><\/figure>\n<\/div>\n\n\n<p>En las primeras horas de ma\u00f1ana, el sector nuevo del Parque Municipal fue el escenario para un encuentro que permiti\u00f3 realizar una caminata interpretativa por la zona para luego concretar un taller con las artistas pl\u00e1sticas Paula Figoli y Marcela Cueto. Durante la recorrida los integrantes de SOS H\u00e1bitat explicaron las caracter\u00edsticas de los \u00e1rboles nativos y ex\u00f3ticos, la condici\u00f3n del r\u00edo de llanura, la importante de los humedales, la problem\u00e1tica de los residuos urbanos entre otros temas.<\/p>\n\n\n<div class=\"wp-block-image\">\n<figure class=\"aligncenter size-full\"><img loading=\"lazy\" decoding=\"async\" width=\"720\" height=\"542\" data-attachment-id=\"162158\" data-permalink=\"https:\/\/www.hoymercedes.com.ar\/principal\/2023\/05\/14\/realizaron-un-encuentro-con-las-aves-el-arte-y-el-rio\/sos-hab-mayo-1\/#main\" data-orig-file=\"https:\/\/www.hoymercedes.com.ar\/principal\/wp-content\/uploads\/2023\/05\/sos-hab-mayo-1.jpg\" data-orig-size=\"720,542\" data-comments-opened=\"0\" data-image-meta=\"{&quot;aperture&quot;:&quot;0&quot;,&quot;credit&quot;:&quot;&quot;,&quot;camera&quot;:&quot;&quot;,&quot;caption&quot;:&quot;&quot;,&quot;created_timestamp&quot;:&quot;1684059850&quot;,&quot;copyright&quot;:&quot;&quot;,&quot;focal_length&quot;:&quot;0&quot;,&quot;iso&quot;:&quot;0&quot;,&quot;shutter_speed&quot;:&quot;0&quot;,&quot;title&quot;:&quot;&quot;,&quot;orientation&quot;:&quot;1&quot;}\" data-image-title=\"sos hab mayo 1\" data-image-description=\"\" data-image-caption=\"\" data-large-file=\"https:\/\/www.hoymercedes.com.ar\/principal\/wp-content\/uploads\/2023\/05\/sos-hab-mayo-1.jpg\" src=\"https:\/\/www.hoymercedes.com.ar\/principal\/wp-content\/uploads\/2023\/05\/sos-hab-mayo-1.jpg\" alt=\"\" class=\"wp-image-162158\" srcset=\"https:\/\/www.hoymercedes.com.ar\/principal\/wp-content\/uploads\/2023\/05\/sos-hab-mayo-1.jpg 720w, https:\/\/www.hoymercedes.com.ar\/principal\/wp-content\/uploads\/2023\/05\/sos-hab-mayo-1-630x474.jpg 630w, https:\/\/www.hoymercedes.com.ar\/principal\/wp-content\/uploads\/2023\/05\/sos-hab-mayo-1-150x113.jpg 150w\" sizes=\"auto, (max-width: 720px) 100vw, 720px\" \/><\/figure>\n<\/div>\n\n\n<p>Por su parte, las artistas pl\u00e1sticas propusieron una actividad con art\u00edstica con la premisa \u00abEl entorno como material. Una mirada desde Mercedes\u00bb. <\/p>\n\n\n\n<p>Por la tarde, la actividad propuesta por SOS H\u00e1bitat se traslad\u00f3 a la reserva del Arroyo Balta, acompa\u00f1ando a la Direcci\u00f3n de Ambiente y al Club de Observadores de Aves de Luj\u00e1n. El recorrido se enmarc\u00f3 en el d\u00eda de las aves. Se realiz\u00f3 una plantaci\u00f3n de nativas.<\/p>\n\n\n<div class=\"wp-block-image\">\n<figure class=\"aligncenter size-full\"><img loading=\"lazy\" decoding=\"async\" width=\"707\" height=\"522\" data-attachment-id=\"162160\" data-permalink=\"https:\/\/www.hoymercedes.com.ar\/principal\/2023\/05\/14\/realizaron-un-encuentro-con-las-aves-el-arte-y-el-rio\/sos-hab-mayo-3\/#main\" data-orig-file=\"https:\/\/www.hoymercedes.com.ar\/principal\/wp-content\/uploads\/2023\/05\/sos-hab-mayo-3.jpg\" data-orig-size=\"707,522\" data-comments-opened=\"0\" data-image-meta=\"{&quot;aperture&quot;:&quot;0&quot;,&quot;credit&quot;:&quot;&quot;,&quot;camera&quot;:&quot;&quot;,&quot;caption&quot;:&quot;&quot;,&quot;created_timestamp&quot;:&quot;1684059851&quot;,&quot;copyright&quot;:&quot;&quot;,&quot;focal_length&quot;:&quot;0&quot;,&quot;iso&quot;:&quot;0&quot;,&quot;shutter_speed&quot;:&quot;0&quot;,&quot;title&quot;:&quot;&quot;,&quot;orientation&quot;:&quot;1&quot;}\" data-image-title=\"sos hab mayo 3\" data-image-description=\"\" data-image-caption=\"\" data-large-file=\"https:\/\/www.hoymercedes.com.ar\/principal\/wp-content\/uploads\/2023\/05\/sos-hab-mayo-3.jpg\" src=\"https:\/\/www.hoymercedes.com.ar\/principal\/wp-content\/uploads\/2023\/05\/sos-hab-mayo-3.jpg\" alt=\"\" class=\"wp-image-162160\" srcset=\"https:\/\/www.hoymercedes.com.ar\/principal\/wp-content\/uploads\/2023\/05\/sos-hab-mayo-3.jpg 707w, https:\/\/www.hoymercedes.com.ar\/principal\/wp-content\/uploads\/2023\/05\/sos-hab-mayo-3-630x465.jpg 630w, https:\/\/www.hoymercedes.com.ar\/principal\/wp-content\/uploads\/2023\/05\/sos-hab-mayo-3-150x111.jpg 150w\" sizes=\"auto, (max-width: 707px) 100vw, 707px\" \/><\/figure>\n<\/div>","protected":false},"excerpt":{"rendered":"<p>En la jornada del d\u00eda s\u00e1bado dos actividades organizaron desde la Asociaci\u00f3n Civil SOS Habitat. Ambas tuvieron en com\u00fan caminatas &#8230; <a title=\"Realizaron un encuentro con las aves, el arte y el r\u00edo\" class=\"read-more\" href=\"https:\/\/www.hoymercedes.com.ar\/principal\/2023\/05\/14\/realizaron-un-encuentro-con-las-aves-el-arte-y-el-rio\/\" aria-label=\"Leer m\u00e1s sobre Realizaron un encuentro con las aves, el arte y el r\u00edo\">Leer m\u00e1s<\/a><\/p>\n","protected":false},"author":1,"featured_media":162158,"comment_status":"closed","ping_status":"open","sticky":false,"template":"","format":"standard","meta":{"_monsterinsights_skip_tracking":false,"_monsterinsights_sitenote_active":false,"_monsterinsights_sitenote_note":"","_monsterinsights_sitenote_category":0,"jetpack_post_was_ever_published":false,"_jetpack_newsletter_access":"","_jetpack_dont_email_post_to_subs":false,"_jetpack_newsletter_tier_id":0,"_jetpack_memberships_contains_paywalled_content":false,"_jetpack_memberships_contains_paid_content":false,"footnotes":"","jetpack_publicize_message":"","jetpack_publicize_feature_enabled":true,"jetpack_social_post_already_shared":true,"jetpack_social_options":{"image_generator_settings":{"template":"highway","default_image_id":0,"font":"","enabled":false},"version":2},"_wpas_customize_per_network":false},"categories":[8],"tags":[],"class_list":["post-162157","post","type-post","status-publish","format-standard","has-post-thumbnail","hentry","category-sociedad","generate-columns","tablet-grid-50","mobile-grid-100","grid-parent","grid-50"],"jetpack_publicize_connections":[],"jetpack_featured_media_url":"https:\/\/www.hoymercedes.com.ar\/principal\/wp-content\/uploads\/2023\/05\/sos-hab-mayo-1.jpg","wps_subtitle":"","jetpack_sharing_enabled":true,"_links":{"self":[{"href":"https:\/\/www.hoymercedes.com.ar\/principal\/wp-json\/wp\/v2\/posts\/162157","targetHints":{"allow":["GET"]}}],"collection":[{"href":"https:\/\/www.hoymercedes.com.ar\/principal\/wp-json\/wp\/v2\/posts"}],"about":[{"href":"https:\/\/www.hoymercedes.com.ar\/principal\/wp-json\/wp\/v2\/types\/post"}],"author":[{"embeddable":true,"href":"https:\/\/www.hoymercedes.com.ar\/principal\/wp-json\/wp\/v2\/users\/1"}],"replies":[{"embeddable":true,"href":"https:\/\/www.hoymercedes.com.ar\/principal\/wp-json\/wp\/v2\/comments?post=162157"}],"version-history":[{"count":0,"href":"https:\/\/www.hoymercedes.com.ar\/principal\/wp-json\/wp\/v2\/posts\/162157\/revisions"}],"wp:featuredmedia":[{"embeddable":true,"href":"https:\/\/www.hoymercedes.com.ar\/principal\/wp-json\/wp\/v2\/media\/162158"}],"wp:attachment":[{"href":"https:\/\/www.hoymercedes.com.ar\/principal\/wp-json\/wp\/v2\/media?parent=162157"}],"wp:term":[{"taxonomy":"category","embeddable":true,"href":"https:\/\/www.hoymercedes.com.ar\/principal\/wp-json\/wp\/v2\/categories?post=162157"},{"taxonomy":"post_tag","embeddable":true,"href":"https:\/\/www.hoymercedes.com.ar\/principal\/wp-json\/wp\/v2\/tags?post=162157"}],"curies":[{"name":"wp","href":"https:\/\/api.w.org\/{rel}","templated":true}]}}