{"id":162166,"date":"2023-05-14T18:00:00","date_gmt":"2023-05-14T21:00:00","guid":{"rendered":"https:\/\/www.hoymercedes.com.ar\/principal\/?p=162166"},"modified":"2023-05-14T18:12:02","modified_gmt":"2023-05-14T21:12:02","slug":"presentaron-revista-por-el-centenario-de-la-basilica-catedral","status":"publish","type":"post","link":"https:\/\/www.hoymercedes.com.ar\/principal\/2023\/05\/14\/presentaron-revista-por-el-centenario-de-la-basilica-catedral\/","title":{"rendered":"Presentaron revista por el Centenario de la Bas\u00edlica Catedral"},"content":{"rendered":"\n<p>En el a\u00f1o 2021, la Iglesia Catedral Metropolitana Bas\u00edlica Nuestra Se\u00f1ora de las Mercedes cumpli\u00f3 100 a\u00f1os. El \u00faltimo viernes se present\u00f3 la revista que recuerda la historia del templo. Participaron del evento el abogado Carlos Gonz\u00e1lez que coordin\u00f3 el proyecto; el fot\u00f3grafo Mariano F\u00faaz, autor de las im\u00e1genes elegidas para la revista; el historia Alejandro Molle, autor de uno de los textos hist\u00f3ricos plasmados en el material gr\u00e1fico; y el Arquitecto Miguel Brady, titular de la Comisi\u00f3n de Patrimonio CUNA. <\/p>\n\n\n<div class=\"wp-block-image\">\n<figure class=\"aligncenter size-full\"><img loading=\"lazy\" decoding=\"async\" width=\"800\" height=\"533\" data-attachment-id=\"162167\" data-permalink=\"https:\/\/www.hoymercedes.com.ar\/principal\/2023\/05\/14\/presentaron-revista-por-el-centenario-de-la-basilica-catedral\/catedral-revista-5\/#main\" data-orig-file=\"https:\/\/www.hoymercedes.com.ar\/principal\/wp-content\/uploads\/2023\/05\/catedral-revista-5.jpg\" data-orig-size=\"800,533\" data-comments-opened=\"0\" data-image-meta=\"{&quot;aperture&quot;:&quot;0&quot;,&quot;credit&quot;:&quot;&quot;,&quot;camera&quot;:&quot;&quot;,&quot;caption&quot;:&quot;&quot;,&quot;created_timestamp&quot;:&quot;1683920732&quot;,&quot;copyright&quot;:&quot;&quot;,&quot;focal_length&quot;:&quot;0&quot;,&quot;iso&quot;:&quot;0&quot;,&quot;shutter_speed&quot;:&quot;0&quot;,&quot;title&quot;:&quot;&quot;,&quot;orientation&quot;:&quot;1&quot;}\" data-image-title=\"catedral revista (5)\" data-image-description=\"\" data-image-caption=\"\" data-large-file=\"https:\/\/www.hoymercedes.com.ar\/principal\/wp-content\/uploads\/2023\/05\/catedral-revista-5.jpg\" src=\"https:\/\/www.hoymercedes.com.ar\/principal\/wp-content\/uploads\/2023\/05\/catedral-revista-5.jpg\" alt=\"\" class=\"wp-image-162167\" srcset=\"https:\/\/www.hoymercedes.com.ar\/principal\/wp-content\/uploads\/2023\/05\/catedral-revista-5.jpg 800w, https:\/\/www.hoymercedes.com.ar\/principal\/wp-content\/uploads\/2023\/05\/catedral-revista-5-630x420.jpg 630w, https:\/\/www.hoymercedes.com.ar\/principal\/wp-content\/uploads\/2023\/05\/catedral-revista-5-150x100.jpg 150w, https:\/\/www.hoymercedes.com.ar\/principal\/wp-content\/uploads\/2023\/05\/catedral-revista-5-700x465.jpg 700w\" sizes=\"auto, (max-width: 800px) 100vw, 800px\" \/><\/figure>\n<\/div>\n\n\n<p>Desde ese 16 de abril de 1921, son inumerables los mercedinos y visitantes que pasaron por el templo construido bajo la direcci\u00f3n de los arquitectos Duvanti, primero, y Tronquoy, despu\u00e9s, con el trabajo de cientos de inmigrantes llegados entre los \u00faltimos a\u00f1os del siglo XIX y primeros del XX. Construida en estilo neog\u00f3tico, la Catedral de Mercedes es una obra maestra arquitect\u00f3nica que atrae a turistas y visitantes de todo el mundo.<\/p>\n\n\n\n<p>La Comisi\u00f3n Municipal del Patrimonio Cultural y Natural (CUNA) de la Ciudad de Mercedes edit\u00f3 el trabajo grafico a modo de revista. La publicaci\u00f3n recopila una gran cantidad de informaci\u00f3n sobre la catedral y su importancia hist\u00f3rica y cultural. Incluye fotograf\u00edas, reproducci\u00f3n de los planos y descripciones detalladas de la arquitectura de la iglesia. <\/p>\n\n\n<div class=\"wp-block-image\">\n<figure class=\"aligncenter size-full\"><img loading=\"lazy\" decoding=\"async\" width=\"800\" height=\"534\" data-attachment-id=\"162170\" data-permalink=\"https:\/\/www.hoymercedes.com.ar\/principal\/2023\/05\/14\/presentaron-revista-por-el-centenario-de-la-basilica-catedral\/catedral-revista-2\/#main\" data-orig-file=\"https:\/\/www.hoymercedes.com.ar\/principal\/wp-content\/uploads\/2023\/05\/catedral-revista-2.jpg\" data-orig-size=\"800,534\" data-comments-opened=\"0\" data-image-meta=\"{&quot;aperture&quot;:&quot;0&quot;,&quot;credit&quot;:&quot;&quot;,&quot;camera&quot;:&quot;&quot;,&quot;caption&quot;:&quot;&quot;,&quot;created_timestamp&quot;:&quot;1683921838&quot;,&quot;copyright&quot;:&quot;&quot;,&quot;focal_length&quot;:&quot;0&quot;,&quot;iso&quot;:&quot;0&quot;,&quot;shutter_speed&quot;:&quot;0&quot;,&quot;title&quot;:&quot;&quot;,&quot;orientation&quot;:&quot;1&quot;}\" data-image-title=\"catedral revista (2)\" data-image-description=\"\" data-image-caption=\"\" data-large-file=\"https:\/\/www.hoymercedes.com.ar\/principal\/wp-content\/uploads\/2023\/05\/catedral-revista-2.jpg\" src=\"https:\/\/www.hoymercedes.com.ar\/principal\/wp-content\/uploads\/2023\/05\/catedral-revista-2.jpg\" alt=\"\" class=\"wp-image-162170\" srcset=\"https:\/\/www.hoymercedes.com.ar\/principal\/wp-content\/uploads\/2023\/05\/catedral-revista-2.jpg 800w, https:\/\/www.hoymercedes.com.ar\/principal\/wp-content\/uploads\/2023\/05\/catedral-revista-2-630x421.jpg 630w, https:\/\/www.hoymercedes.com.ar\/principal\/wp-content\/uploads\/2023\/05\/catedral-revista-2-150x100.jpg 150w\" sizes=\"auto, (max-width: 800px) 100vw, 800px\" \/><\/figure>\n<\/div>\n\n\n<p>El responsable de explicar c\u00f3mo se desarroll\u00f3 el proyecto fue el abogado Carlos Gonz\u00e1lez. La propuesta se inici\u00f3 en pandemia. Es as\u00ed como el fot\u00f3grafo Mariano Fuaz pudo obtener im\u00e1genes de una Catedral vac\u00eda y unos primeros planos de las esculturas del templo. Fotograf\u00edas que Mar\u00eda In\u00e9s Gonz\u00e1lez eligi\u00f3 para hacer el dise\u00f1o gr\u00e1fico de la revista. <\/p>\n\n\n\n<p>En la publicaci\u00f3n tambi\u00e9n se encuentran un cronograma hist\u00f3rico con hechos que marcaron la relevancia del templo en Mercedes. Hechos resaltados por el fallecido historiador y profesor Ricardo Tabossi. Tambi\u00e9n se destaca el texto de investigaci\u00f3n que hicieron Luis Alberto Urpianello (fallecido) y Alejandro Francisco Molle, presente en el lugar de la presentaci\u00f3n. <\/p>\n\n\n<div class=\"wp-block-image\">\n<figure class=\"aligncenter size-full\"><img loading=\"lazy\" decoding=\"async\" width=\"800\" height=\"534\" data-attachment-id=\"162171\" data-permalink=\"https:\/\/www.hoymercedes.com.ar\/principal\/2023\/05\/14\/presentaron-revista-por-el-centenario-de-la-basilica-catedral\/catedral-revista-1\/#main\" data-orig-file=\"https:\/\/www.hoymercedes.com.ar\/principal\/wp-content\/uploads\/2023\/05\/catedral-revista-1.jpg\" data-orig-size=\"800,534\" data-comments-opened=\"0\" data-image-meta=\"{&quot;aperture&quot;:&quot;0&quot;,&quot;credit&quot;:&quot;&quot;,&quot;camera&quot;:&quot;&quot;,&quot;caption&quot;:&quot;&quot;,&quot;created_timestamp&quot;:&quot;1683923253&quot;,&quot;copyright&quot;:&quot;&quot;,&quot;focal_length&quot;:&quot;0&quot;,&quot;iso&quot;:&quot;0&quot;,&quot;shutter_speed&quot;:&quot;0&quot;,&quot;title&quot;:&quot;&quot;,&quot;orientation&quot;:&quot;1&quot;}\" data-image-title=\"catedral revista (1)\" data-image-description=\"\" data-image-caption=\"\" data-large-file=\"https:\/\/www.hoymercedes.com.ar\/principal\/wp-content\/uploads\/2023\/05\/catedral-revista-1.jpg\" src=\"https:\/\/www.hoymercedes.com.ar\/principal\/wp-content\/uploads\/2023\/05\/catedral-revista-1.jpg\" alt=\"\" class=\"wp-image-162171\" srcset=\"https:\/\/www.hoymercedes.com.ar\/principal\/wp-content\/uploads\/2023\/05\/catedral-revista-1.jpg 800w, https:\/\/www.hoymercedes.com.ar\/principal\/wp-content\/uploads\/2023\/05\/catedral-revista-1-630x421.jpg 630w, https:\/\/www.hoymercedes.com.ar\/principal\/wp-content\/uploads\/2023\/05\/catedral-revista-1-150x100.jpg 150w\" sizes=\"auto, (max-width: 800px) 100vw, 800px\" \/><\/figure>\n<\/div>\n\n\n<p>As\u00edmismo, cuenta con informaci\u00f3n de la Arquidi\u00f3cesis Mercedes-Luj\u00e1n, de la cual la Bas\u00edlica Catedral de Mercedes es cabecera y tres cartas: del Cura P\u00e1rroco Juan Carlos Bouzou, del Intendente Municipal Juan Ignacio Ustarroz y del Arzobispo Metropolitano de Mercedes-Luj\u00e1n Jorge Eduardo Scheinig, qui\u00e9n en la presentaci\u00f3n habl\u00f3 ante los presentes y destac\u00f3 los esfuerzos econ\u00f3micos a realizar para arreglar el templo, principalmente las filtraciones en los techos. <\/p>\n\n\n\n<p>Previo a una oraci\u00f3n en agradecimiento y bendici\u00f3n, el Arzobispo destac\u00f3 la necesidad de una nueva \u00abOcurrencia\u00bb que corra y gane carreras de caballos para arreglar el templo con el dinero obtenido de sus premios. (NdR: Ocurrencia es el nombre de la yegua de Saturnino Unzu\u00e9 que compiti\u00f3 en el Hip\u00f3dromo de Palermo y gan\u00f3 el premio que permiti\u00f3 la finalizaci\u00f3n de la construcci\u00f3n del templo que hoy conocemos)<\/p>\n\n\n\n<p>La voz de Amalia Guaragna y los teclados de Manuel Maturo fueron escenciales en el cierre del evento que concluy\u00f3 con una visita a la cripta donde descansas los restos de Saturnino Unzu\u00e9 y su se\u00f1ora. <\/p>\n\n\n<div class=\"wp-block-image\">\n<figure class=\"aligncenter size-full\"><img loading=\"lazy\" decoding=\"async\" width=\"800\" height=\"533\" data-attachment-id=\"162169\" data-permalink=\"https:\/\/www.hoymercedes.com.ar\/principal\/2023\/05\/14\/presentaron-revista-por-el-centenario-de-la-basilica-catedral\/catedral-revista-3\/#main\" data-orig-file=\"https:\/\/www.hoymercedes.com.ar\/principal\/wp-content\/uploads\/2023\/05\/catedral-revista-3.jpg\" data-orig-size=\"800,533\" data-comments-opened=\"0\" data-image-meta=\"{&quot;aperture&quot;:&quot;0&quot;,&quot;credit&quot;:&quot;&quot;,&quot;camera&quot;:&quot;&quot;,&quot;caption&quot;:&quot;&quot;,&quot;created_timestamp&quot;:&quot;1683921512&quot;,&quot;copyright&quot;:&quot;&quot;,&quot;focal_length&quot;:&quot;0&quot;,&quot;iso&quot;:&quot;0&quot;,&quot;shutter_speed&quot;:&quot;0&quot;,&quot;title&quot;:&quot;&quot;,&quot;orientation&quot;:&quot;1&quot;}\" data-image-title=\"catedral revista (3)\" data-image-description=\"\" data-image-caption=\"\" data-large-file=\"https:\/\/www.hoymercedes.com.ar\/principal\/wp-content\/uploads\/2023\/05\/catedral-revista-3.jpg\" src=\"https:\/\/www.hoymercedes.com.ar\/principal\/wp-content\/uploads\/2023\/05\/catedral-revista-3.jpg\" alt=\"\" class=\"wp-image-162169\" srcset=\"https:\/\/www.hoymercedes.com.ar\/principal\/wp-content\/uploads\/2023\/05\/catedral-revista-3.jpg 800w, https:\/\/www.hoymercedes.com.ar\/principal\/wp-content\/uploads\/2023\/05\/catedral-revista-3-630x420.jpg 630w, https:\/\/www.hoymercedes.com.ar\/principal\/wp-content\/uploads\/2023\/05\/catedral-revista-3-150x100.jpg 150w, https:\/\/www.hoymercedes.com.ar\/principal\/wp-content\/uploads\/2023\/05\/catedral-revista-3-700x465.jpg 700w\" sizes=\"auto, (max-width: 800px) 100vw, 800px\" \/><\/figure>\n<\/div>","protected":false},"excerpt":{"rendered":"<p>En el a\u00f1o 2021, la Iglesia Catedral Metropolitana Bas\u00edlica Nuestra Se\u00f1ora de las Mercedes cumpli\u00f3 100 a\u00f1os. El \u00faltimo viernes &#8230; <a title=\"Presentaron revista por el Centenario de la Bas\u00edlica Catedral\" class=\"read-more\" href=\"https:\/\/www.hoymercedes.com.ar\/principal\/2023\/05\/14\/presentaron-revista-por-el-centenario-de-la-basilica-catedral\/\" aria-label=\"Leer m\u00e1s sobre Presentaron revista por el Centenario de la Bas\u00edlica Catedral\">Leer m\u00e1s<\/a><\/p>\n","protected":false},"author":1,"featured_media":162168,"comment_status":"closed","ping_status":"open","sticky":false,"template":"","format":"standard","meta":{"_monsterinsights_skip_tracking":false,"_monsterinsights_sitenote_active":false,"_monsterinsights_sitenote_note":"","_monsterinsights_sitenote_category":0,"jetpack_post_was_ever_published":false,"_jetpack_newsletter_access":"","_jetpack_dont_email_post_to_subs":false,"_jetpack_newsletter_tier_id":0,"_jetpack_memberships_contains_paywalled_content":false,"_jetpack_memberships_contains_paid_content":false,"footnotes":"","jetpack_publicize_message":"","jetpack_publicize_feature_enabled":true,"jetpack_social_post_already_shared":true,"jetpack_social_options":{"image_generator_settings":{"template":"highway","default_image_id":0,"font":"","enabled":false},"version":2},"_wpas_customize_per_network":false},"categories":[104],"tags":[7805],"class_list":["post-162166","post","type-post","status-publish","format-standard","has-post-thumbnail","hentry","category-cultura","tag-cultura","generate-columns","tablet-grid-50","mobile-grid-100","grid-parent","grid-50"],"jetpack_publicize_connections":[],"jetpack_featured_media_url":"https:\/\/www.hoymercedes.com.ar\/principal\/wp-content\/uploads\/2023\/05\/catedral-revista-4.jpg","wps_subtitle":"","jetpack_sharing_enabled":true,"_links":{"self":[{"href":"https:\/\/www.hoymercedes.com.ar\/principal\/wp-json\/wp\/v2\/posts\/162166","targetHints":{"allow":["GET"]}}],"collection":[{"href":"https:\/\/www.hoymercedes.com.ar\/principal\/wp-json\/wp\/v2\/posts"}],"about":[{"href":"https:\/\/www.hoymercedes.com.ar\/principal\/wp-json\/wp\/v2\/types\/post"}],"author":[{"embeddable":true,"href":"https:\/\/www.hoymercedes.com.ar\/principal\/wp-json\/wp\/v2\/users\/1"}],"replies":[{"embeddable":true,"href":"https:\/\/www.hoymercedes.com.ar\/principal\/wp-json\/wp\/v2\/comments?post=162166"}],"version-history":[{"count":0,"href":"https:\/\/www.hoymercedes.com.ar\/principal\/wp-json\/wp\/v2\/posts\/162166\/revisions"}],"wp:featuredmedia":[{"embeddable":true,"href":"https:\/\/www.hoymercedes.com.ar\/principal\/wp-json\/wp\/v2\/media\/162168"}],"wp:attachment":[{"href":"https:\/\/www.hoymercedes.com.ar\/principal\/wp-json\/wp\/v2\/media?parent=162166"}],"wp:term":[{"taxonomy":"category","embeddable":true,"href":"https:\/\/www.hoymercedes.com.ar\/principal\/wp-json\/wp\/v2\/categories?post=162166"},{"taxonomy":"post_tag","embeddable":true,"href":"https:\/\/www.hoymercedes.com.ar\/principal\/wp-json\/wp\/v2\/tags?post=162166"}],"curies":[{"name":"wp","href":"https:\/\/api.w.org\/{rel}","templated":true}]}}