{"id":162203,"date":"2023-05-15T09:05:00","date_gmt":"2023-05-15T12:05:00","guid":{"rendered":"https:\/\/www.hoymercedes.com.ar\/principal\/?p=162203"},"modified":"2023-05-15T09:09:35","modified_gmt":"2023-05-15T12:09:35","slug":"camara-economica-mercedina-invita-a-charla-sobre-inteligencia-emocional","status":"publish","type":"post","link":"https:\/\/www.hoymercedes.com.ar\/principal\/2023\/05\/15\/camara-economica-mercedina-invita-a-charla-sobre-inteligencia-emocional\/","title":{"rendered":"C\u00e1mara Econ\u00f3mica Mercedina invita a charla sobre Inteligencia Emocional"},"content":{"rendered":"\n<p><br>La C\u00e1mara Econ\u00f3mica Mercedina (CEM) invita a la comunidad en general a una charla sobre Inteligencia Emocional. El evento tendr\u00e1 lugar el pr\u00f3ximo s\u00e1bado 27 de mayo, a las 14:30 horas, en las instalaciones de la CEM (Av. 29 entre 26 y 28). <\/p>\n\n\n<div class=\"wp-block-image\">\n<figure class=\"aligncenter size-full\"><img loading=\"lazy\" decoding=\"async\" width=\"800\" height=\"799\" data-attachment-id=\"162204\" data-permalink=\"https:\/\/www.hoymercedes.com.ar\/principal\/2023\/05\/15\/camara-economica-mercedina-invita-a-charla-sobre-inteligencia-emocional\/imagen-de-whatsapp-2023-05-14-a-las-17-44-43\/#main\" data-orig-file=\"https:\/\/www.hoymercedes.com.ar\/principal\/wp-content\/uploads\/2023\/05\/Imagen-de-WhatsApp-2023-05-14-a-las-17.44.43.jpg\" data-orig-size=\"800,799\" data-comments-opened=\"0\" data-image-meta=\"{&quot;aperture&quot;:&quot;0&quot;,&quot;credit&quot;:&quot;&quot;,&quot;camera&quot;:&quot;&quot;,&quot;caption&quot;:&quot;&quot;,&quot;created_timestamp&quot;:&quot;0&quot;,&quot;copyright&quot;:&quot;&quot;,&quot;focal_length&quot;:&quot;0&quot;,&quot;iso&quot;:&quot;0&quot;,&quot;shutter_speed&quot;:&quot;0&quot;,&quot;title&quot;:&quot;&quot;,&quot;orientation&quot;:&quot;0&quot;}\" data-image-title=\"Imagen de WhatsApp 2023-05-14 a las 17.44.43\" data-image-description=\"\" data-image-caption=\"\" data-large-file=\"https:\/\/www.hoymercedes.com.ar\/principal\/wp-content\/uploads\/2023\/05\/Imagen-de-WhatsApp-2023-05-14-a-las-17.44.43.jpg\" src=\"https:\/\/www.hoymercedes.com.ar\/principal\/wp-content\/uploads\/2023\/05\/Imagen-de-WhatsApp-2023-05-14-a-las-17.44.43.jpg\" alt=\"\" class=\"wp-image-162204\" srcset=\"https:\/\/www.hoymercedes.com.ar\/principal\/wp-content\/uploads\/2023\/05\/Imagen-de-WhatsApp-2023-05-14-a-las-17.44.43.jpg 800w, https:\/\/www.hoymercedes.com.ar\/principal\/wp-content\/uploads\/2023\/05\/Imagen-de-WhatsApp-2023-05-14-a-las-17.44.43-621x620.jpg 621w, https:\/\/www.hoymercedes.com.ar\/principal\/wp-content\/uploads\/2023\/05\/Imagen-de-WhatsApp-2023-05-14-a-las-17.44.43-150x150.jpg 150w\" sizes=\"auto, (max-width: 800px) 100vw, 800px\" \/><\/figure>\n<\/div>\n\n\n<p>La charla ser\u00e1 impartida por expertos en el campo de la Inteligencia Emocional, quien compartir\u00e1 sus conocimientos y estrategias pr\u00e1cticas para mejorar la capacidad de las personas para manejar sus emociones y las de los dem\u00e1s. Los asistentes aprender\u00e1n c\u00f3mo la Inteligencia Emocional puede mejorar su desempe\u00f1o en el trabajo, sus relaciones personales y su calidad de vida en general.<\/p>\n\n\n\n<p>Esta es una oportunidad para descubrir qu\u00e9 es la Inteligencia Emocional y c\u00f3mo incorporarla en tu vida diaria para mejorar tus relaciones personales, tu bienestar y tu salud mental. Durante la charla, se abordar\u00e1n temas fundamentales como la relaci\u00f3n de pareja, la crianza de los hijos, el trato con los padres, el manejo del dinero y el \u00e1mbito laboral. Adem\u00e1s, se brindar\u00e1n herramientas pr\u00e1cticas para fortalecerse emocionalmente y alcanzar la tan ansiada paz mental.<\/p>\n\n\n\n<p>La entrada a esta charla tiene un valor muy especial: un alimento no perecedero que ser\u00e1 donado al Comedor del Barrio Malvinas. Los cupos para la charla son limitados, por lo que se recomienda a los interesados en asistir que se comuniquen con la CEM con anticipaci\u00f3n al n\u00famero de whatsapp 11 60293806 para reservar su lugar. Se espera una gran asistencia, por lo que se recomienda a los interesados que reserven su lugar con la mayor brevedad posible.<\/p>\n\n\n\n<p>Adem\u00e1s, para aquellos que deseen profundizar a\u00fan m\u00e1s en el tema, a partir de junio se dar\u00e1 inicio al taller \u00abCambia tu vida con Inteligencia Emocional\u00bb. Este taller se llevar\u00e1 a cabo todos los s\u00e1bados a partir del 10 de junio, a las 14:30 horas, durante un per\u00edodo de 3 meses. Ser\u00e1n en total 12 encuentros presenciales donde se brindar\u00e1n herramientas y estrategias para transformar tu vida a trav\u00e9s de la Inteligencia Emocional.<\/p>\n","protected":false},"excerpt":{"rendered":"<p>La C\u00e1mara Econ\u00f3mica Mercedina (CEM) invita a la comunidad en general a una charla sobre Inteligencia Emocional. El evento tendr\u00e1 &#8230; <a title=\"C\u00e1mara Econ\u00f3mica Mercedina invita a charla sobre Inteligencia Emocional\" class=\"read-more\" href=\"https:\/\/www.hoymercedes.com.ar\/principal\/2023\/05\/15\/camara-economica-mercedina-invita-a-charla-sobre-inteligencia-emocional\/\" aria-label=\"Leer m\u00e1s sobre C\u00e1mara Econ\u00f3mica Mercedina invita a charla sobre Inteligencia Emocional\">Leer m\u00e1s<\/a><\/p>\n","protected":false},"author":1,"featured_media":162204,"comment_status":"closed","ping_status":"open","sticky":false,"template":"","format":"standard","meta":{"_monsterinsights_skip_tracking":false,"_monsterinsights_sitenote_active":false,"_monsterinsights_sitenote_note":"","_monsterinsights_sitenote_category":0,"jetpack_post_was_ever_published":false,"_jetpack_newsletter_access":"","_jetpack_dont_email_post_to_subs":false,"_jetpack_newsletter_tier_id":0,"_jetpack_memberships_contains_paywalled_content":false,"_jetpack_memberships_contains_paid_content":false,"footnotes":"","jetpack_publicize_message":"","jetpack_publicize_feature_enabled":true,"jetpack_social_post_already_shared":true,"jetpack_social_options":{"image_generator_settings":{"template":"highway","default_image_id":0,"font":"","enabled":false},"version":2},"_wpas_customize_per_network":false},"categories":[8],"tags":[],"class_list":["post-162203","post","type-post","status-publish","format-standard","has-post-thumbnail","hentry","category-sociedad","generate-columns","tablet-grid-50","mobile-grid-100","grid-parent","grid-50"],"jetpack_publicize_connections":[],"jetpack_featured_media_url":"https:\/\/www.hoymercedes.com.ar\/principal\/wp-content\/uploads\/2023\/05\/Imagen-de-WhatsApp-2023-05-14-a-las-17.44.43.jpg","wps_subtitle":"","jetpack_sharing_enabled":true,"_links":{"self":[{"href":"https:\/\/www.hoymercedes.com.ar\/principal\/wp-json\/wp\/v2\/posts\/162203","targetHints":{"allow":["GET"]}}],"collection":[{"href":"https:\/\/www.hoymercedes.com.ar\/principal\/wp-json\/wp\/v2\/posts"}],"about":[{"href":"https:\/\/www.hoymercedes.com.ar\/principal\/wp-json\/wp\/v2\/types\/post"}],"author":[{"embeddable":true,"href":"https:\/\/www.hoymercedes.com.ar\/principal\/wp-json\/wp\/v2\/users\/1"}],"replies":[{"embeddable":true,"href":"https:\/\/www.hoymercedes.com.ar\/principal\/wp-json\/wp\/v2\/comments?post=162203"}],"version-history":[{"count":0,"href":"https:\/\/www.hoymercedes.com.ar\/principal\/wp-json\/wp\/v2\/posts\/162203\/revisions"}],"wp:featuredmedia":[{"embeddable":true,"href":"https:\/\/www.hoymercedes.com.ar\/principal\/wp-json\/wp\/v2\/media\/162204"}],"wp:attachment":[{"href":"https:\/\/www.hoymercedes.com.ar\/principal\/wp-json\/wp\/v2\/media?parent=162203"}],"wp:term":[{"taxonomy":"category","embeddable":true,"href":"https:\/\/www.hoymercedes.com.ar\/principal\/wp-json\/wp\/v2\/categories?post=162203"},{"taxonomy":"post_tag","embeddable":true,"href":"https:\/\/www.hoymercedes.com.ar\/principal\/wp-json\/wp\/v2\/tags?post=162203"}],"curies":[{"name":"wp","href":"https:\/\/api.w.org\/{rel}","templated":true}]}}