{"id":162275,"date":"2023-05-16T19:08:41","date_gmt":"2023-05-16T22:08:41","guid":{"rendered":"https:\/\/www.hoymercedes.com.ar\/principal\/?p=162275"},"modified":"2023-05-16T19:08:43","modified_gmt":"2023-05-16T22:08:43","slug":"transparencia-mercedes-nuevamente-elegida-como-sede-de-encuentro-provincial","status":"publish","type":"post","link":"https:\/\/www.hoymercedes.com.ar\/principal\/2023\/05\/16\/transparencia-mercedes-nuevamente-elegida-como-sede-de-encuentro-provincial\/","title":{"rendered":"Transparencia: Mercedes nuevamente elegida como sede de encuentro provincial"},"content":{"rendered":"\n<figure class=\"wp-block-image size-large\"><img loading=\"lazy\" decoding=\"async\" width=\"1024\" height=\"681\" data-attachment-id=\"162276\" data-permalink=\"https:\/\/www.hoymercedes.com.ar\/principal\/2023\/05\/16\/transparencia-mercedes-nuevamente-elegida-como-sede-de-encuentro-provincial\/346842136_2213271418845244_3280084353379618690_n\/#main\" data-orig-file=\"https:\/\/www.hoymercedes.com.ar\/principal\/wp-content\/uploads\/2023\/05\/346842136_2213271418845244_3280084353379618690_n.jpg\" data-orig-size=\"1321,879\" data-comments-opened=\"0\" data-image-meta=\"{&quot;aperture&quot;:&quot;0&quot;,&quot;credit&quot;:&quot;&quot;,&quot;camera&quot;:&quot;&quot;,&quot;caption&quot;:&quot;&quot;,&quot;created_timestamp&quot;:&quot;0&quot;,&quot;copyright&quot;:&quot;&quot;,&quot;focal_length&quot;:&quot;0&quot;,&quot;iso&quot;:&quot;0&quot;,&quot;shutter_speed&quot;:&quot;0&quot;,&quot;title&quot;:&quot;&quot;,&quot;orientation&quot;:&quot;0&quot;}\" data-image-title=\"346842136_2213271418845244_3280084353379618690_n\" data-image-description=\"\" data-image-caption=\"\" data-large-file=\"https:\/\/www.hoymercedes.com.ar\/principal\/wp-content\/uploads\/2023\/05\/346842136_2213271418845244_3280084353379618690_n-1024x681.jpg\" src=\"https:\/\/www.hoymercedes.com.ar\/principal\/wp-content\/uploads\/2023\/05\/346842136_2213271418845244_3280084353379618690_n-1024x681.jpg\" alt=\"\" class=\"wp-image-162276\" srcset=\"https:\/\/www.hoymercedes.com.ar\/principal\/wp-content\/uploads\/2023\/05\/346842136_2213271418845244_3280084353379618690_n-1024x681.jpg 1024w, https:\/\/www.hoymercedes.com.ar\/principal\/wp-content\/uploads\/2023\/05\/346842136_2213271418845244_3280084353379618690_n-630x419.jpg 630w, https:\/\/www.hoymercedes.com.ar\/principal\/wp-content\/uploads\/2023\/05\/346842136_2213271418845244_3280084353379618690_n-150x100.jpg 150w, https:\/\/www.hoymercedes.com.ar\/principal\/wp-content\/uploads\/2023\/05\/346842136_2213271418845244_3280084353379618690_n-700x465.jpg 700w, https:\/\/www.hoymercedes.com.ar\/principal\/wp-content\/uploads\/2023\/05\/346842136_2213271418845244_3280084353379618690_n.jpg 1321w\" sizes=\"auto, (max-width: 1024px) 100vw, 1024px\" \/><\/figure>\n\n\n\n<p>Nuestra ciudad fue sede de un nuevo encuentro provincial de transparencia, datos abiertos y pol\u00edticas anti corrupci\u00f3n. Participaron c\u00e1maras de comercio, empresariales e industria. Ong\u00b4s, referentes institucionales, espacios de gesti\u00f3n. Particip\u00f3 el intendente Ustarroz en la apertura y luego hubo varios paneles y espacios de trabajo.<\/p>\n\n\n\n<p><strong>Reconocimiento<\/strong><\/p>\n\n\n\n<p>Mercedes ha sido reconocida en varias ocasiones como ciudad con pol\u00edticas de innovaci\u00f3n en transparencia, datos abiertos y anticorrupci\u00f3n, como as\u00ed tambi\u00e9n fue pionera en medidas como declaraciones juradas AFIP y colaboraci\u00f3n en la conformaci\u00f3n de la ley de \u00e9tica p\u00fablica. Estos, entre otros motivos, hacen que constantemente sea escenario de intervenciones de esta magnitud institucional.<\/p>\n\n\n\n<p><strong>Presentaci\u00f3n<\/strong><\/p>\n\n\n\n<p>La actividad fue organizada por la secretar\u00eda de gobierno a cargo de Clara Zunino, impulsora constante de estas intervenciones, junto a la secretar\u00eda de Transparencia Institucional de la provincia de Buenos Aires, la secretar\u00eda de Planificaci\u00f3n de Pol\u00edticas y Transparencia, Oficina Anticorrupci\u00f3n y la Red de Estudios Multidisciplinarios en Integridad y Corrupci\u00f3n, llevaron adelante la presentaci\u00f3n del Proyecto de Ley de \u00c9tica P\u00fablica. El mismo, fue presentado por el Gobierno de la Provincia de Buenos Aires, luego de 23 a\u00f1os sin tener una ley provincial, lo cual involucra tambi\u00e9n al sector privado en la construcci\u00f3n de relaciones y \u00e1mbitos m\u00e1s transparentes y abiertos a la comunidad.<\/p>\n\n\n\n<p>Asimismo, nuestra ciudad viene siendo una de las pioneras en la implementaci\u00f3n de diferentes pol\u00edticas a nivel provincial y nacional referentes a esta tem\u00e1tica tan importantes en las bases de cualquier sociedad.<\/p>\n\n\n\n<figure class=\"wp-block-image size-large\"><img loading=\"lazy\" decoding=\"async\" width=\"1024\" height=\"682\" data-attachment-id=\"162277\" data-permalink=\"https:\/\/www.hoymercedes.com.ar\/principal\/2023\/05\/16\/transparencia-mercedes-nuevamente-elegida-como-sede-de-encuentro-provincial\/346880688_955676152235081_1419111311761417876_n\/#main\" data-orig-file=\"https:\/\/www.hoymercedes.com.ar\/principal\/wp-content\/uploads\/2023\/05\/346880688_955676152235081_1419111311761417876_n.jpg\" data-orig-size=\"1319,879\" data-comments-opened=\"0\" data-image-meta=\"{&quot;aperture&quot;:&quot;0&quot;,&quot;credit&quot;:&quot;&quot;,&quot;camera&quot;:&quot;&quot;,&quot;caption&quot;:&quot;&quot;,&quot;created_timestamp&quot;:&quot;0&quot;,&quot;copyright&quot;:&quot;&quot;,&quot;focal_length&quot;:&quot;0&quot;,&quot;iso&quot;:&quot;0&quot;,&quot;shutter_speed&quot;:&quot;0&quot;,&quot;title&quot;:&quot;&quot;,&quot;orientation&quot;:&quot;0&quot;}\" data-image-title=\"346880688_955676152235081_1419111311761417876_n\" data-image-description=\"\" data-image-caption=\"\" data-large-file=\"https:\/\/www.hoymercedes.com.ar\/principal\/wp-content\/uploads\/2023\/05\/346880688_955676152235081_1419111311761417876_n-1024x682.jpg\" src=\"https:\/\/www.hoymercedes.com.ar\/principal\/wp-content\/uploads\/2023\/05\/346880688_955676152235081_1419111311761417876_n-1024x682.jpg\" alt=\"\" class=\"wp-image-162277\" srcset=\"https:\/\/www.hoymercedes.com.ar\/principal\/wp-content\/uploads\/2023\/05\/346880688_955676152235081_1419111311761417876_n-1024x682.jpg 1024w, https:\/\/www.hoymercedes.com.ar\/principal\/wp-content\/uploads\/2023\/05\/346880688_955676152235081_1419111311761417876_n-630x420.jpg 630w, https:\/\/www.hoymercedes.com.ar\/principal\/wp-content\/uploads\/2023\/05\/346880688_955676152235081_1419111311761417876_n-150x100.jpg 150w, https:\/\/www.hoymercedes.com.ar\/principal\/wp-content\/uploads\/2023\/05\/346880688_955676152235081_1419111311761417876_n-700x465.jpg 700w, https:\/\/www.hoymercedes.com.ar\/principal\/wp-content\/uploads\/2023\/05\/346880688_955676152235081_1419111311761417876_n.jpg 1319w\" sizes=\"auto, (max-width: 1024px) 100vw, 1024px\" \/><\/figure>\n\n\n\n<p><strong>Agradecimiento<\/strong><\/p>\n\n\n\n<p>El intendente Juan Ignacio Ustarroz, en primer lugar, agradeci\u00f3 la participaci\u00f3n de todos los presentes y a la C\u00e1mara Econ\u00f3mica por brindar el espacio, y expres\u00f3 \u201cpara nosotros es un honor y un orgullo que est\u00e9n en nuestra ciudad realizando esta jornada en la cual se lleva adelante la presentaci\u00f3n de este proyecto de ley\u201d.<\/p>\n\n\n\n<figure class=\"wp-block-image size-large\"><img loading=\"lazy\" decoding=\"async\" width=\"1024\" height=\"682\" data-attachment-id=\"162278\" data-permalink=\"https:\/\/www.hoymercedes.com.ar\/principal\/2023\/05\/16\/transparencia-mercedes-nuevamente-elegida-como-sede-de-encuentro-provincial\/347034561_1287965075139204_1391410232006097294_n\/#main\" data-orig-file=\"https:\/\/www.hoymercedes.com.ar\/principal\/wp-content\/uploads\/2023\/05\/347034561_1287965075139204_1391410232006097294_n.jpg\" data-orig-size=\"1319,879\" data-comments-opened=\"0\" data-image-meta=\"{&quot;aperture&quot;:&quot;0&quot;,&quot;credit&quot;:&quot;&quot;,&quot;camera&quot;:&quot;&quot;,&quot;caption&quot;:&quot;&quot;,&quot;created_timestamp&quot;:&quot;0&quot;,&quot;copyright&quot;:&quot;&quot;,&quot;focal_length&quot;:&quot;0&quot;,&quot;iso&quot;:&quot;0&quot;,&quot;shutter_speed&quot;:&quot;0&quot;,&quot;title&quot;:&quot;&quot;,&quot;orientation&quot;:&quot;0&quot;}\" data-image-title=\"347034561_1287965075139204_1391410232006097294_n\" data-image-description=\"\" data-image-caption=\"\" data-large-file=\"https:\/\/www.hoymercedes.com.ar\/principal\/wp-content\/uploads\/2023\/05\/347034561_1287965075139204_1391410232006097294_n-1024x682.jpg\" src=\"https:\/\/www.hoymercedes.com.ar\/principal\/wp-content\/uploads\/2023\/05\/347034561_1287965075139204_1391410232006097294_n-1024x682.jpg\" alt=\"\" class=\"wp-image-162278\" srcset=\"https:\/\/www.hoymercedes.com.ar\/principal\/wp-content\/uploads\/2023\/05\/347034561_1287965075139204_1391410232006097294_n-1024x682.jpg 1024w, https:\/\/www.hoymercedes.com.ar\/principal\/wp-content\/uploads\/2023\/05\/347034561_1287965075139204_1391410232006097294_n-630x420.jpg 630w, https:\/\/www.hoymercedes.com.ar\/principal\/wp-content\/uploads\/2023\/05\/347034561_1287965075139204_1391410232006097294_n-150x100.jpg 150w, https:\/\/www.hoymercedes.com.ar\/principal\/wp-content\/uploads\/2023\/05\/347034561_1287965075139204_1391410232006097294_n-700x465.jpg 700w, https:\/\/www.hoymercedes.com.ar\/principal\/wp-content\/uploads\/2023\/05\/347034561_1287965075139204_1391410232006097294_n.jpg 1319w\" sizes=\"auto, (max-width: 1024px) 100vw, 1024px\" \/><\/figure>\n\n\n\n<p><strong>Logros<\/strong><\/p>\n\n\n\n<p>Por otro lado, el intendente Ustarroz se\u00f1al\u00f3 \u201cel Municipio de Mercedes mediante el trabajo en equipo ha conseguido diferentes logros y humildemente creo que tiene que ver con la filosof\u00eda de poder abordar los temas que son de agenda para nuestro pueblo, poder generar espacios de apertura, escucha, entendimiento, intercambio, con diferentes instituciones, tanto del Estado nacional, Provincial, otros municipios y el sector privado\u201d.<\/p>\n\n\n\n<p><strong>Acciones<\/strong><\/p>\n\n\n\n<p>Asimismo, el intendente Ustarroz remarc\u00f3 \u201cpara construir confianza hay que hacerlo sobre la base de acciones ciertas, concretas y reales, y este proyecto de ley, sin lugar a dudas, recepta estos valores y acciones que se vienen realizando en diferentes municipios y \u00e1reas del Estado, por lo que no tengo dudas, que ser\u00e1 una herramienta m\u00e1s para poder trabajar en la construcci\u00f3n de un Estado y una comunidad solidaria, transparente que d\u00e9 respuesta real a los problemas que tiene nuestro pueblo\u201d y a\u00f1adi\u00f3 \u201ccreo que a 40 a\u00f1os de la recuperaci\u00f3n de la democracia, poder fomentar la participaci\u00f3n, y promover las acciones que realmente transformen la realidad, es muy importante, en un proceso donde participan diferentes actores de nuestra sociedad\u201d.&nbsp; &nbsp;<\/p>\n\n\n\n<p><strong>Pioneros<\/strong><\/p>\n\n\n\n<p>Ana Laura Ramos, Subsecretaria de Transparencia Institucional, Gobierno de la Provincia de Buenos Aires, manifest\u00f3 \u201ces un placer estar siempre en Mercedes, porque esta ciudad, para lo que es transparencia a nivel de la provincia de Buenos Aires es un Municipio que es pionero, fueron los primeros en firmar el convenio PBA-AFIP para la presentaci\u00f3n de las declaraciones juradas patrimoniales, y esto no s\u00f3lo fue a nivel provincial, sino, que tambi\u00e9n, a nivel nacional\u201d y agreg\u00f3 \u201ctambi\u00e9n han sido pioneros en trabajar en el proyecto de Ley de \u00c9tica p\u00fablica y Transparencia -que hoy vamos a contar brevemente de qu\u00e9 se trata- como as\u00ed tambi\u00e9n en el Foro Provincial Integridad, Transparencia y \u00c9tica P\u00fablica que lo pensamos en un formato itinerante por los municipios y el primero en organizarlo fue el de Mercedes\u201d.&nbsp;&nbsp;<\/p>\n\n\n\n<p><strong><em>\u201cSi hay un lugar y un Municipio para hablar de transparencia y \u00e9tica p\u00fablica, y para presentar el proyecto de Ley ese es Mercedes\u201d<\/em><\/strong> destac\u00f3 la Subsecretaria de Transparencia Institucional, Gobierno de la Provincia de Buenos Aires.<\/p>\n\n\n\n<p><strong>Organismos<\/strong><\/p>\n\n\n\n<p>Mart\u00edn Astarita, investigador de INAP e integrante de la Red de Estudios Multidisciplinarios en Integridad y Corrupci\u00f3n, se\u00f1al\u00f3 \u201cnosotros nos propusimos, a la hora de aplicar medidas de integridad y transparencia, tratar de comprender las realidades locales de cada uno de los lugares en donde \u00edbamos a trabajar, y estar ac\u00e1, en el Municipio de Mercedes, hace tambi\u00e9n, a tener en cuenta la dimensi\u00f3n federal en nuestro pa\u00eds, para pensar las pol\u00edticas de transparencia e integridad\u201d.&nbsp;<\/p>\n\n\n\n<p>Por su parte, Luis Villanueva, Subsecretario de Planificaci\u00f3n de Pol\u00edticas e Transparencia, Oficina Anticorrupci\u00f3n dijo \u201ccreo que Mercedes es pionera en pol\u00edticas de integridad y transparencia, donde el intendente Ustarroz viene marcando una l\u00ednea de trabajo que vale la pena destacar\u201d.<\/p>\n\n\n\n<p><strong>Paneles<\/strong><\/p>\n\n\n\n<p>Participaron, adem\u00e1s de las y los mencionados, Mart\u00edn Astarita, investigador de INAP e integrante de la Red de Estudios Multidisciplinarios en Integridad y Corrupci\u00f3n, Dorothea Garff, Investigadora de la International Anti-Corruption Academy, Carolina Galeano, Coordinadora de Industrias Municipio de Mercedes, Karina Kucyk, consultora BID\/PNUD, Lina Anllo. Presidenta de World Compliance Association Argentina, Denisse Yanil Jufr\u00e9, Consultora UNICEF y Defensor\u00eda del Pueblo, Marcela Cortiellas, directora nacional de Pol\u00edticas Integrales de Igualdad y responsable del Sello Igualar, Ministerio de Mujeres, G\u00e9nero y Diversidad, Natalia Facciolo, Representante C\u00e1mara Econ\u00f3mica Mercedes, Natalia Torres, Directora Nacional de \u00c9tica P\u00fablica, OA, Mariana Ahualli, Oficial de Empresas y Derechos Humanos ONU, Mara Quiroga integrante de la secretar\u00eda de gobierno Mercedes.<\/p>\n","protected":false},"excerpt":{"rendered":"<p>Nuestra ciudad fue sede de un nuevo encuentro provincial de transparencia, datos abiertos y pol\u00edticas anti corrupci\u00f3n. Participaron c\u00e1maras de &#8230; <a title=\"Transparencia: Mercedes nuevamente elegida como sede de encuentro provincial\" class=\"read-more\" href=\"https:\/\/www.hoymercedes.com.ar\/principal\/2023\/05\/16\/transparencia-mercedes-nuevamente-elegida-como-sede-de-encuentro-provincial\/\" aria-label=\"Leer m\u00e1s sobre Transparencia: Mercedes nuevamente elegida como sede de encuentro provincial\">Leer m\u00e1s<\/a><\/p>\n","protected":false},"author":1,"featured_media":162276,"comment_status":"closed","ping_status":"open","sticky":false,"template":"","format":"standard","meta":{"_monsterinsights_skip_tracking":false,"_monsterinsights_sitenote_active":false,"_monsterinsights_sitenote_note":"","_monsterinsights_sitenote_category":0,"jetpack_post_was_ever_published":false,"_jetpack_newsletter_access":"","_jetpack_dont_email_post_to_subs":false,"_jetpack_newsletter_tier_id":0,"_jetpack_memberships_contains_paywalled_content":false,"_jetpack_memberships_contains_paid_content":false,"footnotes":"","jetpack_publicize_message":"","jetpack_publicize_feature_enabled":true,"jetpack_social_post_already_shared":true,"jetpack_social_options":{"image_generator_settings":{"template":"highway","default_image_id":0,"font":"","enabled":false},"version":2},"_wpas_customize_per_network":false},"categories":[8],"tags":[11910,18758,18759,18383],"class_list":["post-162275","post","type-post","status-publish","format-standard","has-post-thumbnail","hentry","category-sociedad","tag-clara-zunino","tag-datos-abiertos-mercedes","tag-laura-ramos","tag-transparencia","generate-columns","tablet-grid-50","mobile-grid-100","grid-parent","grid-50"],"jetpack_publicize_connections":[],"jetpack_featured_media_url":"https:\/\/www.hoymercedes.com.ar\/principal\/wp-content\/uploads\/2023\/05\/346842136_2213271418845244_3280084353379618690_n.jpg","wps_subtitle":"","jetpack_sharing_enabled":true,"_links":{"self":[{"href":"https:\/\/www.hoymercedes.com.ar\/principal\/wp-json\/wp\/v2\/posts\/162275","targetHints":{"allow":["GET"]}}],"collection":[{"href":"https:\/\/www.hoymercedes.com.ar\/principal\/wp-json\/wp\/v2\/posts"}],"about":[{"href":"https:\/\/www.hoymercedes.com.ar\/principal\/wp-json\/wp\/v2\/types\/post"}],"author":[{"embeddable":true,"href":"https:\/\/www.hoymercedes.com.ar\/principal\/wp-json\/wp\/v2\/users\/1"}],"replies":[{"embeddable":true,"href":"https:\/\/www.hoymercedes.com.ar\/principal\/wp-json\/wp\/v2\/comments?post=162275"}],"version-history":[{"count":0,"href":"https:\/\/www.hoymercedes.com.ar\/principal\/wp-json\/wp\/v2\/posts\/162275\/revisions"}],"wp:featuredmedia":[{"embeddable":true,"href":"https:\/\/www.hoymercedes.com.ar\/principal\/wp-json\/wp\/v2\/media\/162276"}],"wp:attachment":[{"href":"https:\/\/www.hoymercedes.com.ar\/principal\/wp-json\/wp\/v2\/media?parent=162275"}],"wp:term":[{"taxonomy":"category","embeddable":true,"href":"https:\/\/www.hoymercedes.com.ar\/principal\/wp-json\/wp\/v2\/categories?post=162275"},{"taxonomy":"post_tag","embeddable":true,"href":"https:\/\/www.hoymercedes.com.ar\/principal\/wp-json\/wp\/v2\/tags?post=162275"}],"curies":[{"name":"wp","href":"https:\/\/api.w.org\/{rel}","templated":true}]}}