{"id":162287,"date":"2023-05-17T15:00:50","date_gmt":"2023-05-17T18:00:50","guid":{"rendered":"https:\/\/www.hoymercedes.com.ar\/principal\/?p=162287"},"modified":"2023-05-17T15:00:53","modified_gmt":"2023-05-17T18:00:53","slug":"el-museo-udaondo-participara-de-una-nueva-edicion-de-una-noche-en-los-museos","status":"publish","type":"post","link":"https:\/\/www.hoymercedes.com.ar\/principal\/2023\/05\/17\/el-museo-udaondo-participara-de-una-nueva-edicion-de-una-noche-en-los-museos\/","title":{"rendered":"El Museo Udaondo participar\u00e1 de una nueva edici\u00f3n de \u201cUna Noche en los Museos\u201d"},"content":{"rendered":"\n<p><em>El 20 de mayo vuelve este evento nocturno con la participaci\u00f3n de m\u00e1s de 200 museos e instituciones de todo el territorio bonaerense. Todas las actividades son con entrada libre y gratuita.<\/em>\u00a0<\/p>\n\n\n<div class=\"wp-block-image\">\n<figure class=\"aligncenter size-full\"><img loading=\"lazy\" decoding=\"async\" width=\"800\" height=\"800\" data-attachment-id=\"162288\" data-permalink=\"https:\/\/www.hoymercedes.com.ar\/principal\/2023\/05\/17\/el-museo-udaondo-participara-de-una-nueva-edicion-de-una-noche-en-los-museos\/uda-unm-_feed\/#main\" data-orig-file=\"https:\/\/www.hoymercedes.com.ar\/principal\/wp-content\/uploads\/2023\/05\/UDA-UNM-_FEED-.png\" data-orig-size=\"800,800\" data-comments-opened=\"0\" data-image-meta=\"{&quot;aperture&quot;:&quot;0&quot;,&quot;credit&quot;:&quot;&quot;,&quot;camera&quot;:&quot;&quot;,&quot;caption&quot;:&quot;&quot;,&quot;created_timestamp&quot;:&quot;0&quot;,&quot;copyright&quot;:&quot;&quot;,&quot;focal_length&quot;:&quot;0&quot;,&quot;iso&quot;:&quot;0&quot;,&quot;shutter_speed&quot;:&quot;0&quot;,&quot;title&quot;:&quot;&quot;,&quot;orientation&quot;:&quot;0&quot;}\" data-image-title=\"UDA &amp;#8211; UNM -_FEED\" data-image-description=\"\" data-image-caption=\"\" data-large-file=\"https:\/\/www.hoymercedes.com.ar\/principal\/wp-content\/uploads\/2023\/05\/UDA-UNM-_FEED-.png\" src=\"https:\/\/www.hoymercedes.com.ar\/principal\/wp-content\/uploads\/2023\/05\/UDA-UNM-_FEED-.png\" alt=\"\" class=\"wp-image-162288\" srcset=\"https:\/\/www.hoymercedes.com.ar\/principal\/wp-content\/uploads\/2023\/05\/UDA-UNM-_FEED-.png 800w, https:\/\/www.hoymercedes.com.ar\/principal\/wp-content\/uploads\/2023\/05\/UDA-UNM-_FEED--620x620.png 620w, https:\/\/www.hoymercedes.com.ar\/principal\/wp-content\/uploads\/2023\/05\/UDA-UNM-_FEED--150x150.png 150w\" sizes=\"auto, (max-width: 800px) 100vw, 800px\" \/><\/figure>\n<\/div>\n\n\n<p>Impulsado por el <strong>Instituto Cultural de la Provincia de Buenos<\/strong>, el <strong>s\u00e1bado 20 de mayo<\/strong> se realizar\u00e1 una nueva edici\u00f3n de <strong>\u201cUna Noche en los Museos\u201d <\/strong>y el <strong>Complejo Museogr\u00e1fico Provincial Enrique Udaondo de Luj\u00e1n <\/strong>formar\u00e1 parte de la jornada.<strong> <\/strong>La propuesta se llevar\u00e1 a cabo a partir de las <strong>17:00<\/strong>, con recorridos participativos, espect\u00e1culos para ni\u00f1os y shows en vivo. Todas las actividades son libres y gratuitas.&nbsp;&nbsp;<\/p>\n\n\n\n<p><strong>\u201cUna Noche en los Museos\u201d <\/strong>es organizada por la<strong> Direcci\u00f3n Provincial de Patrimonio Cultural<\/strong> y se llevar\u00e1 a cabo en m\u00e1s de 200 museos de 60 municipios de la Provincia, con visitas guiadas y actividades gratuitas. Esta propuesta tiene como objetivo principal profundizar y multiplicar el alcance territorial y cultural del programa, ofreciendo una forma diferente de acercarse, conocer y recorrer la riqueza del patrimonio cultural bonaerense.&nbsp;<\/p>\n\n\n\n<p>En el marco del evento, a las 17:00, se presentar\u00e1n las <strong>Orquestas Provinciales de Ni\u00f1ez y Adolescentes de Parque Lasa y Barrio Ameghino<\/strong>. Ambas formaciones musicales pertenecen actualmente al Programa Coros y Orquestas de la Provincia de Buenos Aires y funcionan en esos barrios perif\u00e9ricos de Luj\u00e1n. Se trata de un proyecto democratizador que permite a chicas y chicos acceder a la formaci\u00f3n musical de manera gratuita e integrar una orquesta, con instrumentos como viol\u00edn, violoncello, viola, contrabajo, clarinete, tromb\u00f3n, flauta traversa, trompeta y percusi\u00f3n, entre otros.&nbsp;<\/p>\n\n\n\n<p>A las 18:30 ser\u00e1 el turno de<strong> \u201cArchimboldo el superh\u00e9roe ecol\u00f3gico\u201d<\/strong>, espect\u00e1culo musical infantil de t\u00edteres y actores que aborda la problem\u00e1tica de los desechos y la contaminaci\u00f3n que generamos los humanos. Archimboldo invita a tomar conciencia sobre el reciclaje y el cuidado del medio ambiente y a poner manos a la obra.&nbsp;<\/p>\n\n\n\n<p>A las 20:00 se presentar\u00e1 <strong>el saxofonista Raul Rogel<\/strong>, y a las 21:00 el cierre estar\u00e1 a cargo del solista <strong>Pablo Sax<\/strong>.&nbsp;&nbsp;<\/p>\n\n\n\n<p>Adem\u00e1s, de 19:00 a 22:00 habr\u00e1 <strong>recorridos participativos por las instalaciones del complejo junto a variet\u00e9 circense<\/strong> -integrado por un mimo, un malabarista, un mago y un animador- <strong>y estatuas vivientes<\/strong> con tem\u00e1ticas referidas a las salas del Museo.\u00a0\u00a0<\/p>\n","protected":false},"excerpt":{"rendered":"<p>El 20 de mayo vuelve este evento nocturno con la participaci\u00f3n de m\u00e1s de 200 museos e instituciones de todo &#8230; <a title=\"El Museo Udaondo participar\u00e1 de una nueva edici\u00f3n de \u201cUna Noche en los Museos\u201d\" class=\"read-more\" href=\"https:\/\/www.hoymercedes.com.ar\/principal\/2023\/05\/17\/el-museo-udaondo-participara-de-una-nueva-edicion-de-una-noche-en-los-museos\/\" aria-label=\"Leer m\u00e1s sobre El Museo Udaondo participar\u00e1 de una nueva edici\u00f3n de \u201cUna Noche en los Museos\u201d\">Leer m\u00e1s<\/a><\/p>\n","protected":false},"author":1,"featured_media":162288,"comment_status":"closed","ping_status":"open","sticky":false,"template":"","format":"standard","meta":{"_monsterinsights_skip_tracking":false,"_monsterinsights_sitenote_active":false,"_monsterinsights_sitenote_note":"","_monsterinsights_sitenote_category":0,"jetpack_post_was_ever_published":false,"_jetpack_newsletter_access":"","_jetpack_dont_email_post_to_subs":false,"_jetpack_newsletter_tier_id":0,"_jetpack_memberships_contains_paywalled_content":false,"_jetpack_memberships_contains_paid_content":false,"footnotes":"","jetpack_publicize_message":"","jetpack_publicize_feature_enabled":true,"jetpack_social_post_already_shared":true,"jetpack_social_options":{"image_generator_settings":{"template":"highway","default_image_id":0,"font":"","enabled":false},"version":2},"_wpas_customize_per_network":false},"categories":[201],"tags":[7805],"class_list":["post-162287","post","type-post","status-publish","format-standard","has-post-thumbnail","hentry","category-lujan-2","tag-cultura","generate-columns","tablet-grid-50","mobile-grid-100","grid-parent","grid-50"],"jetpack_publicize_connections":[],"jetpack_featured_media_url":"https:\/\/www.hoymercedes.com.ar\/principal\/wp-content\/uploads\/2023\/05\/UDA-UNM-_FEED-.png","wps_subtitle":"","jetpack_sharing_enabled":true,"_links":{"self":[{"href":"https:\/\/www.hoymercedes.com.ar\/principal\/wp-json\/wp\/v2\/posts\/162287","targetHints":{"allow":["GET"]}}],"collection":[{"href":"https:\/\/www.hoymercedes.com.ar\/principal\/wp-json\/wp\/v2\/posts"}],"about":[{"href":"https:\/\/www.hoymercedes.com.ar\/principal\/wp-json\/wp\/v2\/types\/post"}],"author":[{"embeddable":true,"href":"https:\/\/www.hoymercedes.com.ar\/principal\/wp-json\/wp\/v2\/users\/1"}],"replies":[{"embeddable":true,"href":"https:\/\/www.hoymercedes.com.ar\/principal\/wp-json\/wp\/v2\/comments?post=162287"}],"version-history":[{"count":0,"href":"https:\/\/www.hoymercedes.com.ar\/principal\/wp-json\/wp\/v2\/posts\/162287\/revisions"}],"wp:featuredmedia":[{"embeddable":true,"href":"https:\/\/www.hoymercedes.com.ar\/principal\/wp-json\/wp\/v2\/media\/162288"}],"wp:attachment":[{"href":"https:\/\/www.hoymercedes.com.ar\/principal\/wp-json\/wp\/v2\/media?parent=162287"}],"wp:term":[{"taxonomy":"category","embeddable":true,"href":"https:\/\/www.hoymercedes.com.ar\/principal\/wp-json\/wp\/v2\/categories?post=162287"},{"taxonomy":"post_tag","embeddable":true,"href":"https:\/\/www.hoymercedes.com.ar\/principal\/wp-json\/wp\/v2\/tags?post=162287"}],"curies":[{"name":"wp","href":"https:\/\/api.w.org\/{rel}","templated":true}]}}