{"id":162331,"date":"2023-05-18T09:56:42","date_gmt":"2023-05-18T12:56:42","guid":{"rendered":"https:\/\/www.hoymercedes.com.ar\/principal\/?p=162331"},"modified":"2023-05-18T09:56:46","modified_gmt":"2023-05-18T12:56:46","slug":"mancini-destaco-el-apoyo-permanente-de-kicillof-con-suipacha","status":"publish","type":"post","link":"https:\/\/www.hoymercedes.com.ar\/principal\/2023\/05\/18\/mancini-destaco-el-apoyo-permanente-de-kicillof-con-suipacha\/","title":{"rendered":"Mancini destac\u00f3 el apoyo permanente de Kicillof con Suipacha"},"content":{"rendered":"\n<figure class=\"wp-block-image size-large\"><img loading=\"lazy\" decoding=\"async\" width=\"1024\" height=\"682\" data-attachment-id=\"162332\" data-permalink=\"https:\/\/www.hoymercedes.com.ar\/principal\/2023\/05\/18\/mancini-destaco-el-apoyo-permanente-de-kicillof-con-suipacha\/kicillof-mancini-2\/#main\" data-orig-file=\"https:\/\/www.hoymercedes.com.ar\/principal\/wp-content\/uploads\/2023\/05\/Kicillof-Mancini.jpg\" data-orig-size=\"1600,1066\" data-comments-opened=\"0\" data-image-meta=\"{&quot;aperture&quot;:&quot;0&quot;,&quot;credit&quot;:&quot;&quot;,&quot;camera&quot;:&quot;&quot;,&quot;caption&quot;:&quot;&quot;,&quot;created_timestamp&quot;:&quot;0&quot;,&quot;copyright&quot;:&quot;&quot;,&quot;focal_length&quot;:&quot;0&quot;,&quot;iso&quot;:&quot;0&quot;,&quot;shutter_speed&quot;:&quot;0&quot;,&quot;title&quot;:&quot;&quot;,&quot;orientation&quot;:&quot;0&quot;}\" data-image-title=\"Kicillof-Mancini\" data-image-description=\"\" data-image-caption=\"\" data-large-file=\"https:\/\/www.hoymercedes.com.ar\/principal\/wp-content\/uploads\/2023\/05\/Kicillof-Mancini-1024x682.jpg\" src=\"https:\/\/www.hoymercedes.com.ar\/principal\/wp-content\/uploads\/2023\/05\/Kicillof-Mancini-1024x682.jpg\" alt=\"\" class=\"wp-image-162332\" srcset=\"https:\/\/www.hoymercedes.com.ar\/principal\/wp-content\/uploads\/2023\/05\/Kicillof-Mancini-1024x682.jpg 1024w, https:\/\/www.hoymercedes.com.ar\/principal\/wp-content\/uploads\/2023\/05\/Kicillof-Mancini-630x420.jpg 630w, https:\/\/www.hoymercedes.com.ar\/principal\/wp-content\/uploads\/2023\/05\/Kicillof-Mancini-150x100.jpg 150w, https:\/\/www.hoymercedes.com.ar\/principal\/wp-content\/uploads\/2023\/05\/Kicillof-Mancini-1536x1023.jpg 1536w, https:\/\/www.hoymercedes.com.ar\/principal\/wp-content\/uploads\/2023\/05\/Kicillof-Mancini-700x465.jpg 700w, https:\/\/www.hoymercedes.com.ar\/principal\/wp-content\/uploads\/2023\/05\/Kicillof-Mancini.jpg 1600w\" sizes=\"auto, (max-width: 1024px) 100vw, 1024px\" \/><\/figure>\n\n\n\n<p>El concejal Juan Luis Mancini recibi\u00f3 al gobernador Axel Kicillof y a la vicegobernadora Ver\u00f3nica Magario este mi\u00e9rcoles en la visita que realizaron a Suipacha y fue contundente a la hora de hablar del l\u00edder provincial: \u201cEl gobernador siempre pens\u00f3 en nuestra ciudad\u201d.<\/p>\n\n\n\n<p><br>Este mi\u00e9rcoles el gobernador de la provincia de Buenos Aires Axel Kicillof estuvo en Suipacha. Entreg\u00f3 casi 90 netbooks a estudiantes de las secundarias 1 y 2; oficializ\u00f3 la entrega de una ambulancia de alta complejidad, firm\u00f3 el convenio para construcci\u00f3n de viviendas y en el final inaugur\u00f3 la sede del IPS en el Centro de Jubilados.<\/p>\n\n\n\n<p><br>Para el concejal del Frente Todos Juan Luis Mancini esto no es casualidad y es parte de la gesti\u00f3n que hace el gobernador de manera diaria. \u201cEl gobernador tiene muy en claro que la educaci\u00f3n, la salud, la vivienda y el poder jubilarse es un derecho y que los vecinos y vecinas de Suipacha lo tienen como todos los habitantes de la provincia\u201d, expres\u00f3 Mancini.<br>El concejal tambi\u00e9n destac\u00f3 el compromiso que tiene el gobernador con la ciudad de Suipacha. \u201cNo somos una ciudad grande, pero para el gobernador tenemos el mismo derecho que otras. La anterior vez que estuvo ac\u00e1 se reuni\u00f3 con productores e industriales de la ciudad, muchos de ellos beneficiados con las pol\u00edticas crediticias del Banco Provincia. En esta oportunidad vino a entregar netbooks, firmar convenios para viviendas, entregar una ambulancia de 26 millones de pesos e inaugurar el IPS. Mucho de esto se logr\u00f3 gestionando, viajando y llevando al gobernador y distintos ministerios las necesidades de nuestros vecinos y vecinas\u201d, cont\u00f3 Mancini.<\/p>\n\n\n\n<p><br>La inauguraci\u00f3n de la sede local del IPS es un avance muy importante para los suipachenses, ya que ahora podr\u00e1n realizar sus tr\u00e1mites jubilatorios en Suipacha. \u201cEs un avance en la generaci\u00f3n de derechos para nuestros m\u00e1s de 1200 vecinos y vecinas. Tambi\u00e9n estamos llegando a Rivas con esta medida, que va en consonancia con una pol\u00edtica que lleva adelante el gobernador de descentralizar la gesti\u00f3n\u201d, explic\u00f3 el concejal Juan Luis Mancini sobre esta nueva oficina que funcionar\u00e1 en el Centro de Jubilados de la calle Belgrano.<\/p>\n","protected":false},"excerpt":{"rendered":"<p>El concejal Juan Luis Mancini recibi\u00f3 al gobernador Axel Kicillof y a la vicegobernadora Ver\u00f3nica Magario este mi\u00e9rcoles en la &#8230; <a title=\"Mancini destac\u00f3 el apoyo permanente de Kicillof con Suipacha\" class=\"read-more\" href=\"https:\/\/www.hoymercedes.com.ar\/principal\/2023\/05\/18\/mancini-destaco-el-apoyo-permanente-de-kicillof-con-suipacha\/\" aria-label=\"Leer m\u00e1s sobre Mancini destac\u00f3 el apoyo permanente de Kicillof con Suipacha\">Leer m\u00e1s<\/a><\/p>\n","protected":false},"author":1,"featured_media":162332,"comment_status":"closed","ping_status":"open","sticky":false,"template":"","format":"standard","meta":{"_monsterinsights_skip_tracking":false,"_monsterinsights_sitenote_active":false,"_monsterinsights_sitenote_note":"","_monsterinsights_sitenote_category":0,"jetpack_post_was_ever_published":false,"_jetpack_newsletter_access":"","_jetpack_dont_email_post_to_subs":false,"_jetpack_newsletter_tier_id":0,"_jetpack_memberships_contains_paywalled_content":false,"_jetpack_memberships_contains_paid_content":false,"footnotes":"","jetpack_publicize_message":"","jetpack_publicize_feature_enabled":true,"jetpack_social_post_already_shared":true,"jetpack_social_options":{"image_generator_settings":{"template":"highway","default_image_id":0,"font":"","enabled":false},"version":2},"_wpas_customize_per_network":false},"categories":[8],"tags":[18764,17895],"class_list":["post-162331","post","type-post","status-publish","format-standard","has-post-thumbnail","hentry","category-sociedad","tag-kicillof-en-suipacha","tag-mancini","generate-columns","tablet-grid-50","mobile-grid-100","grid-parent","grid-50"],"jetpack_publicize_connections":[],"jetpack_featured_media_url":"https:\/\/www.hoymercedes.com.ar\/principal\/wp-content\/uploads\/2023\/05\/Kicillof-Mancini.jpg","wps_subtitle":"Intervenciones del Estado","jetpack_sharing_enabled":true,"_links":{"self":[{"href":"https:\/\/www.hoymercedes.com.ar\/principal\/wp-json\/wp\/v2\/posts\/162331","targetHints":{"allow":["GET"]}}],"collection":[{"href":"https:\/\/www.hoymercedes.com.ar\/principal\/wp-json\/wp\/v2\/posts"}],"about":[{"href":"https:\/\/www.hoymercedes.com.ar\/principal\/wp-json\/wp\/v2\/types\/post"}],"author":[{"embeddable":true,"href":"https:\/\/www.hoymercedes.com.ar\/principal\/wp-json\/wp\/v2\/users\/1"}],"replies":[{"embeddable":true,"href":"https:\/\/www.hoymercedes.com.ar\/principal\/wp-json\/wp\/v2\/comments?post=162331"}],"version-history":[{"count":0,"href":"https:\/\/www.hoymercedes.com.ar\/principal\/wp-json\/wp\/v2\/posts\/162331\/revisions"}],"wp:featuredmedia":[{"embeddable":true,"href":"https:\/\/www.hoymercedes.com.ar\/principal\/wp-json\/wp\/v2\/media\/162332"}],"wp:attachment":[{"href":"https:\/\/www.hoymercedes.com.ar\/principal\/wp-json\/wp\/v2\/media?parent=162331"}],"wp:term":[{"taxonomy":"category","embeddable":true,"href":"https:\/\/www.hoymercedes.com.ar\/principal\/wp-json\/wp\/v2\/categories?post=162331"},{"taxonomy":"post_tag","embeddable":true,"href":"https:\/\/www.hoymercedes.com.ar\/principal\/wp-json\/wp\/v2\/tags?post=162331"}],"curies":[{"name":"wp","href":"https:\/\/api.w.org\/{rel}","templated":true}]}}