{"id":16236,"date":"2012-09-18T11:40:25","date_gmt":"2012-09-18T11:40:25","guid":{"rendered":"http:\/\/www.hoymercedes.com.ar\/principal\/?p=16236"},"modified":"2012-09-18T11:43:05","modified_gmt":"2012-09-18T11:43:05","slug":"nuevo-detenido-por-el-crimen-de-haydee-lombardo","status":"publish","type":"post","link":"https:\/\/www.hoymercedes.com.ar\/principal\/2012\/09\/18\/nuevo-detenido-por-el-crimen-de-haydee-lombardo\/","title":{"rendered":"Nuevo detenido por el crimen de Haydee Lombardo"},"content":{"rendered":"<p>El caso de Haydee Lombardo fue conocido hace algunos meses cuando apareci\u00f3 asesinada en su domicilio. En aquel entonces se trabaj\u00f3 en la misma l\u00ednea hipot\u00e9tica que en la actualidad en torno a un asesinato.<\/p>\n<p>Durante la semana pasada se detuvo a un nuevo sospechoso siendo un menor. Seg\u00fan los investigadores ser\u00eda el\u00a0c\u00f3mplice sobre lo cual tendr\u00edan testigos.<\/p>\n<p>Haydee Lombardo fue hallada asesinada a los 79 a\u00f1os de edad en su domicilio de 75 entre 14 y 16. Desde un primer momento la brutalidad de los golpes que pose\u00eda hicieron pensar que el\u00a0m\u00f3vil\u00a0podr\u00eda haber sido un asalto aunque no\u00a0hab\u00eda\u00a0faltantes en su vivienda.<\/p>\n<p>El\u00a0allanamiento\u00a0realizado la semana pasada se produjo en una vivienda vecina a la de la v\u00edctima a partir de testimonios registrados por los investigadores. La causa hab\u00eda sido iniciada por el fiscal Guillermo Massaroni, pero, fue trasladada a la UFI N\u00ba 6 de menores qui\u00e9n est\u00e1 a cargo de la doctora Coliccio. En la detenci\u00f3n realizada a un menor de 16 a\u00f1os se hall\u00f3 una campera con sangre, zapatillas y elementos que podr\u00edan haber sido utilizados en el acontecimiento.<\/p>\n<p>El menor detenido se encuentra en estos momentos en un instituto de La Plata. La justicia contin\u00faa trabajando a punto que podr\u00eda tener testimonios en los pr\u00f3ximos d\u00edas donde situar\u00edan al detenido en el momento del acontecimiento en un \u00e1mbito totalmente distinto al sospechado.<\/p>\n<p>La tarea investigativa continuar\u00e1 en pos del esclarecimiento del asesinato de Haydee Lombardo de Scariassa.<\/p>\n<p>&nbsp;<\/p>\n<p>&nbsp;<\/p>\n","protected":false},"excerpt":{"rendered":"<p>El caso de Haydee Lombardo fue conocido hace algunos meses cuando apareci\u00f3 asesinada en su domicilio. En aquel entonces se &#8230; <a title=\"Nuevo detenido por el crimen de Haydee Lombardo\" class=\"read-more\" href=\"https:\/\/www.hoymercedes.com.ar\/principal\/2012\/09\/18\/nuevo-detenido-por-el-crimen-de-haydee-lombardo\/\" aria-label=\"Leer m\u00e1s sobre Nuevo detenido por el crimen de Haydee Lombardo\">Leer m\u00e1s<\/a><\/p>\n","protected":false},"author":1,"featured_media":0,"comment_status":"open","ping_status":"open","sticky":false,"template":"","format":"standard","meta":{"_monsterinsights_skip_tracking":false,"_monsterinsights_sitenote_active":false,"_monsterinsights_sitenote_note":"","_monsterinsights_sitenote_category":0,"jetpack_post_was_ever_published":false,"_jetpack_newsletter_access":"","_jetpack_dont_email_post_to_subs":false,"_jetpack_newsletter_tier_id":0,"_jetpack_memberships_contains_paywalled_content":false,"_jetpack_memberships_contains_paid_content":false,"footnotes":"","jetpack_publicize_message":"","jetpack_publicize_feature_enabled":true,"jetpack_social_post_already_shared":false,"jetpack_social_options":{"image_generator_settings":{"template":"highway","default_image_id":0,"font":"","enabled":false},"version":2},"_wpas_customize_per_network":false},"categories":[85],"tags":[2751],"class_list":["post-16236","post","type-post","status-publish","format-standard","hentry","category-policial","tag-crimen-de-haydee-lombardo","generate-columns","tablet-grid-50","mobile-grid-100","grid-parent","grid-50"],"jetpack_publicize_connections":[],"jetpack_featured_media_url":"","wps_subtitle":"","jetpack_sharing_enabled":true,"_links":{"self":[{"href":"https:\/\/www.hoymercedes.com.ar\/principal\/wp-json\/wp\/v2\/posts\/16236","targetHints":{"allow":["GET"]}}],"collection":[{"href":"https:\/\/www.hoymercedes.com.ar\/principal\/wp-json\/wp\/v2\/posts"}],"about":[{"href":"https:\/\/www.hoymercedes.com.ar\/principal\/wp-json\/wp\/v2\/types\/post"}],"author":[{"embeddable":true,"href":"https:\/\/www.hoymercedes.com.ar\/principal\/wp-json\/wp\/v2\/users\/1"}],"replies":[{"embeddable":true,"href":"https:\/\/www.hoymercedes.com.ar\/principal\/wp-json\/wp\/v2\/comments?post=16236"}],"version-history":[{"count":0,"href":"https:\/\/www.hoymercedes.com.ar\/principal\/wp-json\/wp\/v2\/posts\/16236\/revisions"}],"wp:attachment":[{"href":"https:\/\/www.hoymercedes.com.ar\/principal\/wp-json\/wp\/v2\/media?parent=16236"}],"wp:term":[{"taxonomy":"category","embeddable":true,"href":"https:\/\/www.hoymercedes.com.ar\/principal\/wp-json\/wp\/v2\/categories?post=16236"},{"taxonomy":"post_tag","embeddable":true,"href":"https:\/\/www.hoymercedes.com.ar\/principal\/wp-json\/wp\/v2\/tags?post=16236"}],"curies":[{"name":"wp","href":"https:\/\/api.w.org\/{rel}","templated":true}]}}