{"id":162362,"date":"2023-05-18T22:30:00","date_gmt":"2023-05-19T01:30:00","guid":{"rendered":"https:\/\/www.hoymercedes.com.ar\/principal\/?p=162362"},"modified":"2023-05-18T22:15:40","modified_gmt":"2023-05-19T01:15:40","slug":"construyen-gran-centro-deportivo-y-comunitario","status":"publish","type":"post","link":"https:\/\/www.hoymercedes.com.ar\/principal\/2023\/05\/18\/construyen-gran-centro-deportivo-y-comunitario\/","title":{"rendered":"Construyen gran centro deportivo y comunitario"},"content":{"rendered":"\n<figure class=\"wp-block-image size-large\"><img loading=\"lazy\" decoding=\"async\" width=\"1024\" height=\"682\" data-attachment-id=\"162363\" data-permalink=\"https:\/\/www.hoymercedes.com.ar\/principal\/2023\/05\/18\/construyen-gran-centro-deportivo-y-comunitario\/obra-centrodeportivo-1\/#main\" data-orig-file=\"https:\/\/www.hoymercedes.com.ar\/principal\/wp-content\/uploads\/2023\/05\/Obra-CentroDeportivo-1.jpg\" data-orig-size=\"1319,879\" data-comments-opened=\"0\" data-image-meta=\"{&quot;aperture&quot;:&quot;0&quot;,&quot;credit&quot;:&quot;&quot;,&quot;camera&quot;:&quot;&quot;,&quot;caption&quot;:&quot;&quot;,&quot;created_timestamp&quot;:&quot;0&quot;,&quot;copyright&quot;:&quot;&quot;,&quot;focal_length&quot;:&quot;0&quot;,&quot;iso&quot;:&quot;0&quot;,&quot;shutter_speed&quot;:&quot;0&quot;,&quot;title&quot;:&quot;&quot;,&quot;orientation&quot;:&quot;0&quot;}\" data-image-title=\"Obra-CentroDeportivo-1\" data-image-description=\"\" data-image-caption=\"\" data-large-file=\"https:\/\/www.hoymercedes.com.ar\/principal\/wp-content\/uploads\/2023\/05\/Obra-CentroDeportivo-1-1024x682.jpg\" src=\"https:\/\/www.hoymercedes.com.ar\/principal\/wp-content\/uploads\/2023\/05\/Obra-CentroDeportivo-1-1024x682.jpg\" alt=\"\" class=\"wp-image-162363\" srcset=\"https:\/\/www.hoymercedes.com.ar\/principal\/wp-content\/uploads\/2023\/05\/Obra-CentroDeportivo-1-1024x682.jpg 1024w, https:\/\/www.hoymercedes.com.ar\/principal\/wp-content\/uploads\/2023\/05\/Obra-CentroDeportivo-1-630x420.jpg 630w, https:\/\/www.hoymercedes.com.ar\/principal\/wp-content\/uploads\/2023\/05\/Obra-CentroDeportivo-1-150x100.jpg 150w, https:\/\/www.hoymercedes.com.ar\/principal\/wp-content\/uploads\/2023\/05\/Obra-CentroDeportivo-1-700x465.jpg 700w, https:\/\/www.hoymercedes.com.ar\/principal\/wp-content\/uploads\/2023\/05\/Obra-CentroDeportivo-1.jpg 1319w\" sizes=\"auto, (max-width: 1024px) 100vw, 1024px\" \/><\/figure>\n\n\n\n<p>El intendente Juan Ignacio Ustarroz junto a representantes del Organismo Provincial de Integraci\u00f3n Social y Urbana recorrieron la importante obra de casi 1000 metros cuadrados que contendr\u00e1 un sal\u00f3n de Usos M\u00faltiples y un \u00e1rea de deportes, para la utilizaci\u00f3n de los vecinos de los barrios Mutti, San Mart\u00edn, 12 de octubre y Lopardo. La misma se realiza gracias al trabajo conjunto entre el Municipio de Mercedes y el Gobierno Provincial, en un terreno cedido por el arzobispado.<\/p>\n\n\n\n<p><strong>Alegr\u00eda<\/strong><\/p>\n\n\n\n<p>El intendente Juan Ignacio Ustarroz, quien fue parte de la recorrida, manifest\u00f3 \u201cmuy contentos de estar visitando esta obra tan importante para la ciudad de Mercedes\u201d y explic\u00f3 \u201cesta fue una sesi\u00f3n realizada por el arzobispado a la Municipalidad de Mercedes, donde nosotros nos planteamos llevar adelante un espacio deportivo, educativo y social\u201d.<\/p>\n\n\n\n<p><strong>Apoyo<\/strong><\/p>\n\n\n\n<p>\u201cObra que hemos retomado con el actual Gobierno de la Provincia de Buenos Aires, donde estamos encausados en la obra que contendr\u00e1 casi 1000 metros cuadrados, una obra muy grande\u201d remarc\u00f3 el intendente Ustarroz.<\/p>\n\n\n\n<figure class=\"wp-block-image size-large\"><img loading=\"lazy\" decoding=\"async\" width=\"1024\" height=\"682\" data-attachment-id=\"162364\" data-permalink=\"https:\/\/www.hoymercedes.com.ar\/principal\/2023\/05\/18\/construyen-gran-centro-deportivo-y-comunitario\/obra-centrodeportivo-2\/#main\" data-orig-file=\"https:\/\/www.hoymercedes.com.ar\/principal\/wp-content\/uploads\/2023\/05\/Obra-CentroDeportivo-2.jpg\" data-orig-size=\"1319,879\" data-comments-opened=\"0\" data-image-meta=\"{&quot;aperture&quot;:&quot;0&quot;,&quot;credit&quot;:&quot;&quot;,&quot;camera&quot;:&quot;&quot;,&quot;caption&quot;:&quot;&quot;,&quot;created_timestamp&quot;:&quot;0&quot;,&quot;copyright&quot;:&quot;&quot;,&quot;focal_length&quot;:&quot;0&quot;,&quot;iso&quot;:&quot;0&quot;,&quot;shutter_speed&quot;:&quot;0&quot;,&quot;title&quot;:&quot;&quot;,&quot;orientation&quot;:&quot;0&quot;}\" data-image-title=\"Obra-CentroDeportivo-2\" data-image-description=\"\" data-image-caption=\"\" data-large-file=\"https:\/\/www.hoymercedes.com.ar\/principal\/wp-content\/uploads\/2023\/05\/Obra-CentroDeportivo-2-1024x682.jpg\" src=\"https:\/\/www.hoymercedes.com.ar\/principal\/wp-content\/uploads\/2023\/05\/Obra-CentroDeportivo-2-1024x682.jpg\" alt=\"\" class=\"wp-image-162364\" srcset=\"https:\/\/www.hoymercedes.com.ar\/principal\/wp-content\/uploads\/2023\/05\/Obra-CentroDeportivo-2-1024x682.jpg 1024w, https:\/\/www.hoymercedes.com.ar\/principal\/wp-content\/uploads\/2023\/05\/Obra-CentroDeportivo-2-630x420.jpg 630w, https:\/\/www.hoymercedes.com.ar\/principal\/wp-content\/uploads\/2023\/05\/Obra-CentroDeportivo-2-150x100.jpg 150w, https:\/\/www.hoymercedes.com.ar\/principal\/wp-content\/uploads\/2023\/05\/Obra-CentroDeportivo-2-700x465.jpg 700w, https:\/\/www.hoymercedes.com.ar\/principal\/wp-content\/uploads\/2023\/05\/Obra-CentroDeportivo-2.jpg 1319w\" sizes=\"auto, (max-width: 1024px) 100vw, 1024px\" \/><\/figure>\n\n\n\n<p><strong>Beneficio<\/strong><\/p>\n\n\n\n<p>Asimismo, el Dr. Ustarroz apunt\u00f3 \u201cesto nos viene muy bien porque es una zona a la cual no hemos llegado tanto a nivel obras, por lo que, adem\u00e1s, con OPISU) tenemos m\u00e1s proyectos para el crecimiento y el desarrollo de toda esta zona, por lo que estamos muy contentos\u201d y agreg\u00f3 \u201cesta obra viene avanzando muy bien, la cual beneficiar\u00e1 a todas estas barriadas, y agradecer a todas las \u00e1reas municipales que articulan con el Gobierno Provincial, quien de manera sistem\u00e1tica y permanente escuchan cu\u00e1les son las demandas de la ciudad de Mercedes y nos ayudan mucho para concretar obras\u201d.<\/p>\n\n\n\n<p><strong>PBA<\/strong><\/p>\n\n\n\n<p>Federico Sage, desde la Direcci\u00f3n Provincial de Integraci\u00f3n Productiva dijo \u201chace un tiempo que venimos trabajando con la ciudad y la verdad que viene siendo muy fruct\u00edfero, donde realizamos mejoramientos de plazas y retomamos esta obra y estamos pensando renovar el subsidio para llevar adelante mejoramientos habitacionales. Por lo que la idea es implementar un nuevo plan integral de obras con el Municipio de Mercedes\u201d.&nbsp;&nbsp;<\/p>\n\n\n\n<p>Por su parte, Mar\u00eda Laura Chapet, inform\u00f3 \u201cestamos en el tercer mes de obra de un plazo total de 10 meses, el cual se divide en dos sectores, el espacio comunitario que cuenta con sum, ba\u00f1os, cocinas y un sector deportivo con vestuario y comedor diario, por lo que en total ser\u00e1n 950 metros cuadros cubiertos y semi cubiertos. La empresa viene respondiendo y trabajando muy bien por lo que estamos muy contentos\u201d.<\/p>\n\n\n\n<figure class=\"wp-block-image size-large\"><img loading=\"lazy\" decoding=\"async\" width=\"1024\" height=\"682\" data-attachment-id=\"162365\" data-permalink=\"https:\/\/www.hoymercedes.com.ar\/principal\/2023\/05\/18\/construyen-gran-centro-deportivo-y-comunitario\/obra-centrodeportivo-3\/#main\" data-orig-file=\"https:\/\/www.hoymercedes.com.ar\/principal\/wp-content\/uploads\/2023\/05\/Obra-CentroDeportivo-3.jpg\" data-orig-size=\"1319,879\" data-comments-opened=\"0\" data-image-meta=\"{&quot;aperture&quot;:&quot;0&quot;,&quot;credit&quot;:&quot;&quot;,&quot;camera&quot;:&quot;&quot;,&quot;caption&quot;:&quot;&quot;,&quot;created_timestamp&quot;:&quot;0&quot;,&quot;copyright&quot;:&quot;&quot;,&quot;focal_length&quot;:&quot;0&quot;,&quot;iso&quot;:&quot;0&quot;,&quot;shutter_speed&quot;:&quot;0&quot;,&quot;title&quot;:&quot;&quot;,&quot;orientation&quot;:&quot;0&quot;}\" data-image-title=\"Obra-CentroDeportivo-3\" data-image-description=\"\" data-image-caption=\"\" data-large-file=\"https:\/\/www.hoymercedes.com.ar\/principal\/wp-content\/uploads\/2023\/05\/Obra-CentroDeportivo-3-1024x682.jpg\" src=\"https:\/\/www.hoymercedes.com.ar\/principal\/wp-content\/uploads\/2023\/05\/Obra-CentroDeportivo-3-1024x682.jpg\" alt=\"\" class=\"wp-image-162365\" srcset=\"https:\/\/www.hoymercedes.com.ar\/principal\/wp-content\/uploads\/2023\/05\/Obra-CentroDeportivo-3-1024x682.jpg 1024w, https:\/\/www.hoymercedes.com.ar\/principal\/wp-content\/uploads\/2023\/05\/Obra-CentroDeportivo-3-630x420.jpg 630w, https:\/\/www.hoymercedes.com.ar\/principal\/wp-content\/uploads\/2023\/05\/Obra-CentroDeportivo-3-150x100.jpg 150w, https:\/\/www.hoymercedes.com.ar\/principal\/wp-content\/uploads\/2023\/05\/Obra-CentroDeportivo-3-700x465.jpg 700w, https:\/\/www.hoymercedes.com.ar\/principal\/wp-content\/uploads\/2023\/05\/Obra-CentroDeportivo-3.jpg 1319w\" sizes=\"auto, (max-width: 1024px) 100vw, 1024px\" \/><\/figure>\n\n\n\n<p><strong>Mercedes<\/strong><\/p>\n\n\n\n<p>La secretaria de Desarrollo de la Comunidad, Jorgelina Silva cont\u00f3 \u201ca trav\u00e9s del Organismo Provincial de Integraci\u00f3n Social y Urbana (OPISU) pudimos retomar esta obra que ven\u00eda frenada hace unos a\u00f1os por distintas circunstancias. Vemos que esta obra representar\u00e1 un avance para los 4 barrios \u2013San Mart\u00edn, 12 Octubre, Mutti y Lopardo- lo que adem\u00e1s, jerarquizar\u00e1 mucho la zona y traer\u00e1 muchas actividades para los chicos y chicas\u201d.<\/p>\n\n\n\n<p>\u201cTendr\u00e1 una parte comunitaria y otra deportiva, que, si bien tenemos centros deportivos en la ciudad, en esta zona a\u00fan no hemos desarrollado ninguna\u201d indic\u00f3 Silva.&nbsp;&nbsp;<\/p>\n","protected":false},"excerpt":{"rendered":"<p>El intendente Juan Ignacio Ustarroz junto a representantes del Organismo Provincial de Integraci\u00f3n Social y Urbana recorrieron la importante obra &#8230; <a title=\"Construyen gran centro deportivo y comunitario\" class=\"read-more\" href=\"https:\/\/www.hoymercedes.com.ar\/principal\/2023\/05\/18\/construyen-gran-centro-deportivo-y-comunitario\/\" aria-label=\"Leer m\u00e1s sobre Construyen gran centro deportivo y comunitario\">Leer m\u00e1s<\/a><\/p>\n","protected":false},"author":1,"featured_media":162364,"comment_status":"closed","ping_status":"open","sticky":false,"template":"","format":"standard","meta":{"_monsterinsights_skip_tracking":false,"_monsterinsights_sitenote_active":false,"_monsterinsights_sitenote_note":"","_monsterinsights_sitenote_category":0,"jetpack_post_was_ever_published":false,"_jetpack_newsletter_access":"","_jetpack_dont_email_post_to_subs":false,"_jetpack_newsletter_tier_id":0,"_jetpack_memberships_contains_paywalled_content":false,"_jetpack_memberships_contains_paid_content":false,"footnotes":"","jetpack_publicize_message":"","jetpack_publicize_feature_enabled":true,"jetpack_social_post_already_shared":true,"jetpack_social_options":{"image_generator_settings":{"template":"highway","default_image_id":0,"font":"","enabled":false},"version":2},"_wpas_customize_per_network":false},"categories":[8],"tags":[18767,18766,1041,18765,5473,424],"class_list":["post-162362","post","type-post","status-publish","format-standard","has-post-thumbnail","hentry","category-sociedad","tag-barrio-lopardo","tag-barrio-mutti","tag-barrio-san-martin","tag-centro-deprotivo","tag-jorgelina-silva","tag-ustarroz","generate-columns","tablet-grid-50","mobile-grid-100","grid-parent","grid-50"],"jetpack_publicize_connections":[],"jetpack_featured_media_url":"https:\/\/www.hoymercedes.com.ar\/principal\/wp-content\/uploads\/2023\/05\/Obra-CentroDeportivo-2.jpg","wps_subtitle":"Obras de infraestructura","jetpack_sharing_enabled":true,"_links":{"self":[{"href":"https:\/\/www.hoymercedes.com.ar\/principal\/wp-json\/wp\/v2\/posts\/162362","targetHints":{"allow":["GET"]}}],"collection":[{"href":"https:\/\/www.hoymercedes.com.ar\/principal\/wp-json\/wp\/v2\/posts"}],"about":[{"href":"https:\/\/www.hoymercedes.com.ar\/principal\/wp-json\/wp\/v2\/types\/post"}],"author":[{"embeddable":true,"href":"https:\/\/www.hoymercedes.com.ar\/principal\/wp-json\/wp\/v2\/users\/1"}],"replies":[{"embeddable":true,"href":"https:\/\/www.hoymercedes.com.ar\/principal\/wp-json\/wp\/v2\/comments?post=162362"}],"version-history":[{"count":0,"href":"https:\/\/www.hoymercedes.com.ar\/principal\/wp-json\/wp\/v2\/posts\/162362\/revisions"}],"wp:featuredmedia":[{"embeddable":true,"href":"https:\/\/www.hoymercedes.com.ar\/principal\/wp-json\/wp\/v2\/media\/162364"}],"wp:attachment":[{"href":"https:\/\/www.hoymercedes.com.ar\/principal\/wp-json\/wp\/v2\/media?parent=162362"}],"wp:term":[{"taxonomy":"category","embeddable":true,"href":"https:\/\/www.hoymercedes.com.ar\/principal\/wp-json\/wp\/v2\/categories?post=162362"},{"taxonomy":"post_tag","embeddable":true,"href":"https:\/\/www.hoymercedes.com.ar\/principal\/wp-json\/wp\/v2\/tags?post=162362"}],"curies":[{"name":"wp","href":"https:\/\/api.w.org\/{rel}","templated":true}]}}