{"id":162384,"date":"2023-05-19T20:43:23","date_gmt":"2023-05-19T23:43:23","guid":{"rendered":"https:\/\/www.hoymercedes.com.ar\/principal\/?p=162384"},"modified":"2023-05-19T20:44:14","modified_gmt":"2023-05-19T23:44:14","slug":"tragico-siniestro-con-otra-victima-fatal-en-la-ruta-5","status":"publish","type":"post","link":"https:\/\/www.hoymercedes.com.ar\/principal\/2023\/05\/19\/tragico-siniestro-con-otra-victima-fatal-en-la-ruta-5\/","title":{"rendered":"Tr\u00e1gico siniestro con otra v\u00edctima fatal en la Ruta 5"},"content":{"rendered":"\n<p>La Ruta Nacional N\u00ba 5 se cobr\u00f3 una nueva v\u00edctima fatal en la tarde de ayer. Se trata de un hombre de la localidad de Navarro de 37 a\u00f1os, quien protagoniz\u00f3 un violento choque frontal con un cami\u00f3n Mercedes Benz.<\/p>\n\n\n<div class=\"wp-block-image\">\n<figure class=\"aligncenter size-full\"><img loading=\"lazy\" decoding=\"async\" width=\"619\" height=\"324\" data-attachment-id=\"162385\" data-permalink=\"https:\/\/www.hoymercedes.com.ar\/principal\/2023\/05\/19\/tragico-siniestro-con-otra-victima-fatal-en-la-ruta-5\/image-24-3\/#main\" data-orig-file=\"https:\/\/www.hoymercedes.com.ar\/principal\/wp-content\/uploads\/2023\/05\/image-24.png\" data-orig-size=\"619,324\" data-comments-opened=\"0\" data-image-meta=\"{&quot;aperture&quot;:&quot;0&quot;,&quot;credit&quot;:&quot;&quot;,&quot;camera&quot;:&quot;&quot;,&quot;caption&quot;:&quot;&quot;,&quot;created_timestamp&quot;:&quot;0&quot;,&quot;copyright&quot;:&quot;&quot;,&quot;focal_length&quot;:&quot;0&quot;,&quot;iso&quot;:&quot;0&quot;,&quot;shutter_speed&quot;:&quot;0&quot;,&quot;title&quot;:&quot;&quot;,&quot;orientation&quot;:&quot;0&quot;}\" data-image-title=\"image-24\" data-image-description=\"\" data-image-caption=\"\" data-large-file=\"https:\/\/www.hoymercedes.com.ar\/principal\/wp-content\/uploads\/2023\/05\/image-24.png\" src=\"https:\/\/www.hoymercedes.com.ar\/principal\/wp-content\/uploads\/2023\/05\/image-24.png\" alt=\"\" class=\"wp-image-162385\" srcset=\"https:\/\/www.hoymercedes.com.ar\/principal\/wp-content\/uploads\/2023\/05\/image-24.png 619w, https:\/\/www.hoymercedes.com.ar\/principal\/wp-content\/uploads\/2023\/05\/image-24-150x79.png 150w\" sizes=\"auto, (max-width: 619px) 100vw, 619px\" \/><\/figure>\n<\/div>\n\n\n<p>Seg\u00fan la informaci\u00f3n suministrada a LA RAZ\u00d3N por el Comisario Miguel \u00c1ngel Costa, titular de la Polic\u00eda Vial Chivilcoy, interviniente en el siniestro, ocurrido cerca de las 14.15 horas en el kil\u00f3metro 116 de la Ruta Nacional N\u00ba 5, fue protagonizado por un cami\u00f3n Mercedes Benz (Dominio MWD 339) conducido por una persona de 38 a\u00f1os, identificado como \u00c1lvaro Jos\u00e9 Calder\u00f3n, con domicilio en la localidad de Gonz\u00e1lez Cat\u00e1n. <\/p>\n\n\n\n<p>Calder\u00f3n circulaba en sentido Suipacha\/Mercedes, colision\u00f3 de manera frontal contra un veh\u00edculo que lo hac\u00eda en sentido contrario, un autom\u00f3vil Peugeot 408 (Dominio AB648TR), conducido por Ignacio Daniel Eyherabide, de 37 a\u00f1os, con domicilio en Navarro, quien lamentablemente falleci\u00f3 en el lugar, mientras que Calder\u00f3n result\u00f3 ileso.<\/p>\n\n\n\n<p>Trabajaron en el lugar, personal de Bomberos Voluntarios de Suipacha, ambulancias del SAME local y personal de la Comisar\u00eda de Suipacha.<\/p>\n\n\n\n<p>Se instruyeron actuaciones desde la Comisar\u00eda por \u201chomicidio culposo\u201d con la intervenci\u00f3n de la UFI N\u00ba3 del Departamento Judicial de Mercedes.<\/p>\n\n\n\n<p>Fuente: La Raz\u00f3n de Chivilcoy.<\/p>\n\n\n<div class=\"wp-block-image\">\n<figure class=\"aligncenter size-full\"><img loading=\"lazy\" decoding=\"async\" width=\"626\" height=\"328\" data-attachment-id=\"162386\" data-permalink=\"https:\/\/www.hoymercedes.com.ar\/principal\/2023\/05\/19\/tragico-siniestro-con-otra-victima-fatal-en-la-ruta-5\/image-25-2\/#main\" data-orig-file=\"https:\/\/www.hoymercedes.com.ar\/principal\/wp-content\/uploads\/2023\/05\/image-25.png\" data-orig-size=\"626,328\" data-comments-opened=\"0\" data-image-meta=\"{&quot;aperture&quot;:&quot;0&quot;,&quot;credit&quot;:&quot;&quot;,&quot;camera&quot;:&quot;&quot;,&quot;caption&quot;:&quot;&quot;,&quot;created_timestamp&quot;:&quot;0&quot;,&quot;copyright&quot;:&quot;&quot;,&quot;focal_length&quot;:&quot;0&quot;,&quot;iso&quot;:&quot;0&quot;,&quot;shutter_speed&quot;:&quot;0&quot;,&quot;title&quot;:&quot;&quot;,&quot;orientation&quot;:&quot;0&quot;}\" data-image-title=\"image-25\" data-image-description=\"\" data-image-caption=\"\" data-large-file=\"https:\/\/www.hoymercedes.com.ar\/principal\/wp-content\/uploads\/2023\/05\/image-25.png\" src=\"https:\/\/www.hoymercedes.com.ar\/principal\/wp-content\/uploads\/2023\/05\/image-25.png\" alt=\"\" class=\"wp-image-162386\" srcset=\"https:\/\/www.hoymercedes.com.ar\/principal\/wp-content\/uploads\/2023\/05\/image-25.png 626w, https:\/\/www.hoymercedes.com.ar\/principal\/wp-content\/uploads\/2023\/05\/image-25-150x79.png 150w\" sizes=\"auto, (max-width: 626px) 100vw, 626px\" \/><\/figure>\n<\/div>","protected":false},"excerpt":{"rendered":"<p>La Ruta Nacional N\u00ba 5 se cobr\u00f3 una nueva v\u00edctima fatal en la tarde de ayer. Se trata de un &#8230; <a title=\"Tr\u00e1gico siniestro con otra v\u00edctima fatal en la Ruta 5\" class=\"read-more\" href=\"https:\/\/www.hoymercedes.com.ar\/principal\/2023\/05\/19\/tragico-siniestro-con-otra-victima-fatal-en-la-ruta-5\/\" aria-label=\"Leer m\u00e1s sobre Tr\u00e1gico siniestro con otra v\u00edctima fatal en la Ruta 5\">Leer m\u00e1s<\/a><\/p>\n","protected":false},"author":1,"featured_media":162386,"comment_status":"closed","ping_status":"open","sticky":false,"template":"","format":"standard","meta":{"_monsterinsights_skip_tracking":false,"_monsterinsights_sitenote_active":false,"_monsterinsights_sitenote_note":"","_monsterinsights_sitenote_category":0,"jetpack_post_was_ever_published":false,"_jetpack_newsletter_access":"","_jetpack_dont_email_post_to_subs":false,"_jetpack_newsletter_tier_id":0,"_jetpack_memberships_contains_paywalled_content":false,"_jetpack_memberships_contains_paid_content":false,"footnotes":"","jetpack_publicize_message":"","jetpack_publicize_feature_enabled":true,"jetpack_social_post_already_shared":true,"jetpack_social_options":{"image_generator_settings":{"template":"highway","default_image_id":0,"font":"","enabled":false},"version":2},"_wpas_customize_per_network":false},"categories":[8],"tags":[],"class_list":["post-162384","post","type-post","status-publish","format-standard","has-post-thumbnail","hentry","category-sociedad","generate-columns","tablet-grid-50","mobile-grid-100","grid-parent","grid-50"],"jetpack_publicize_connections":[],"jetpack_featured_media_url":"https:\/\/www.hoymercedes.com.ar\/principal\/wp-content\/uploads\/2023\/05\/image-25.png","wps_subtitle":"RUTA NAC. 5 KM 116.","jetpack_sharing_enabled":true,"_links":{"self":[{"href":"https:\/\/www.hoymercedes.com.ar\/principal\/wp-json\/wp\/v2\/posts\/162384","targetHints":{"allow":["GET"]}}],"collection":[{"href":"https:\/\/www.hoymercedes.com.ar\/principal\/wp-json\/wp\/v2\/posts"}],"about":[{"href":"https:\/\/www.hoymercedes.com.ar\/principal\/wp-json\/wp\/v2\/types\/post"}],"author":[{"embeddable":true,"href":"https:\/\/www.hoymercedes.com.ar\/principal\/wp-json\/wp\/v2\/users\/1"}],"replies":[{"embeddable":true,"href":"https:\/\/www.hoymercedes.com.ar\/principal\/wp-json\/wp\/v2\/comments?post=162384"}],"version-history":[{"count":0,"href":"https:\/\/www.hoymercedes.com.ar\/principal\/wp-json\/wp\/v2\/posts\/162384\/revisions"}],"wp:featuredmedia":[{"embeddable":true,"href":"https:\/\/www.hoymercedes.com.ar\/principal\/wp-json\/wp\/v2\/media\/162386"}],"wp:attachment":[{"href":"https:\/\/www.hoymercedes.com.ar\/principal\/wp-json\/wp\/v2\/media?parent=162384"}],"wp:term":[{"taxonomy":"category","embeddable":true,"href":"https:\/\/www.hoymercedes.com.ar\/principal\/wp-json\/wp\/v2\/categories?post=162384"},{"taxonomy":"post_tag","embeddable":true,"href":"https:\/\/www.hoymercedes.com.ar\/principal\/wp-json\/wp\/v2\/tags?post=162384"}],"curies":[{"name":"wp","href":"https:\/\/api.w.org\/{rel}","templated":true}]}}