{"id":162390,"date":"2023-05-19T21:48:00","date_gmt":"2023-05-20T00:48:00","guid":{"rendered":"https:\/\/www.hoymercedes.com.ar\/principal\/?p=162390"},"modified":"2023-05-19T22:55:18","modified_gmt":"2023-05-20T01:55:18","slug":"mate-a-un-tipo-en-el-teatro-talia","status":"publish","type":"post","link":"https:\/\/www.hoymercedes.com.ar\/principal\/2023\/05\/19\/mate-a-un-tipo-en-el-teatro-talia\/","title":{"rendered":"\u00abMat\u00e9 a un tipo\u00bb en el Teatro Tal\u00eda"},"content":{"rendered":"\n<p>El pr\u00f3ximo domingo <strong>21 de mayo, a partir de las 18:00,<\/strong> el <strong>Teatro Tal\u00eda<\/strong>&nbsp; &#8211; calle 20 N\u00b0 740 &#8211; presenta la obra: <strong>\u201cMat\u00e9 a un Tipo\u201d&nbsp; de Daniel Dalmaroni.<\/strong>&nbsp;<\/p>\n\n\n<div class=\"wp-block-image\">\n<figure class=\"aligncenter size-full\"><img loading=\"lazy\" decoding=\"async\" width=\"640\" height=\"509\" data-attachment-id=\"162391\" data-permalink=\"https:\/\/www.hoymercedes.com.ar\/principal\/2023\/05\/19\/mate-a-un-tipo-en-el-teatro-talia\/image-26-2\/#main\" data-orig-file=\"https:\/\/www.hoymercedes.com.ar\/principal\/wp-content\/uploads\/2023\/05\/image-26.png\" data-orig-size=\"640,509\" data-comments-opened=\"0\" data-image-meta=\"{&quot;aperture&quot;:&quot;0&quot;,&quot;credit&quot;:&quot;&quot;,&quot;camera&quot;:&quot;&quot;,&quot;caption&quot;:&quot;&quot;,&quot;created_timestamp&quot;:&quot;0&quot;,&quot;copyright&quot;:&quot;&quot;,&quot;focal_length&quot;:&quot;0&quot;,&quot;iso&quot;:&quot;0&quot;,&quot;shutter_speed&quot;:&quot;0&quot;,&quot;title&quot;:&quot;&quot;,&quot;orientation&quot;:&quot;0&quot;}\" data-image-title=\"image-26\" data-image-description=\"\" data-image-caption=\"\" data-large-file=\"https:\/\/www.hoymercedes.com.ar\/principal\/wp-content\/uploads\/2023\/05\/image-26.png\" src=\"https:\/\/www.hoymercedes.com.ar\/principal\/wp-content\/uploads\/2023\/05\/image-26.png\" alt=\"\" class=\"wp-image-162391\" srcset=\"https:\/\/www.hoymercedes.com.ar\/principal\/wp-content\/uploads\/2023\/05\/image-26.png 640w, https:\/\/www.hoymercedes.com.ar\/principal\/wp-content\/uploads\/2023\/05\/image-26-630x501.png 630w, https:\/\/www.hoymercedes.com.ar\/principal\/wp-content\/uploads\/2023\/05\/image-26-150x119.png 150w\" sizes=\"auto, (max-width: 640px) 100vw, 640px\" \/><\/figure>\n<\/div>\n\n\n<p><strong>\u00abMat\u00e9 a un tipo\u00bb<\/strong> es una comedia negra que se convierte en drama surrealista hasta que un psic\u00f3logo empieza a ahondar en las relaciones de esta familia de clase media, donde el h\u00e1bito de matar acaba por convertirse en un aut\u00e9ntico vicio.&nbsp;<\/p>\n\n\n\n<p>Un marido desbordado por las circunstancias, una esposa comprensiva y una hija muy colaboradora podr\u00edan ser los componentes de una trama sentimental, pero los personajes de \u201c<strong>Mat\u00e9 a un tipo\u201d<\/strong> no tienen la menor traza moralizante.&nbsp;<\/p>\n\n\n\n<p>Un crimen fortuito desencadena una serie de acontecimientos que derivan en una locura familiar desopilante.&nbsp;<\/p>\n\n\n\n<p>A trav\u00e9s de cuatro personajes nos acercamos al escenario donde interact\u00faan los responsables de los cr\u00edmenes que suceden cada d\u00eda en las grandes ciudades.&nbsp;<\/p>\n\n\n\n<p>Y resulta que estamos todos retratados entre los participantes.&nbsp;<\/p>\n\n\n\n<p>La impaciencia, el encubrimiento familiar y la imperiosa necesidad de confesarse son el eje que sostiene la impunidad con las que se manejan a veces las situaciones m\u00e1s cotidianas.&nbsp;<\/p>\n\n\n\n<p>El elenco que se presenta el domingo, en el<strong> Teatro Tal\u00eda<\/strong>, est\u00e1 integrado por: <strong>Lucas Luis Castro, Paola Giacoia, \u00c1ngel Ju\u00e1rez y&nbsp; Luis Vallejo<\/strong> que, adem\u00e1s, es el director de la obra.&nbsp;<\/p>\n\n\n\n<p>Reserva de entradas: 2324 \u2013 585300&nbsp;&nbsp; Anticipadas: 1300$; el d\u00eda de la funci\u00f3n 1500$&nbsp;<\/p>\n\n\n\n<p>Compartimos en esta nota la entrevista que <strong>Susana Spano<\/strong> realiz\u00f3, en su programa <strong>\u201cMa\u00f1an\u00edsima\u201d<\/strong> de <strong>Radio F\u00e9nix<\/strong> con el Director de la pieza.\u00a0<\/p>\n\n\n\n<figure class=\"wp-block-embed is-type-video is-provider-youtube wp-block-embed-youtube wp-embed-aspect-4-3 wp-has-aspect-ratio\"><div class=\"wp-block-embed__wrapper\">\n<span class=\"embed-youtube\" style=\"text-align:center; display: block;\"><iframe loading=\"lazy\" class=\"youtube-player\" width=\"1200\" height=\"675\" src=\"https:\/\/www.youtube.com\/embed\/5DL2Rd9Xy7Y?version=3&#038;rel=1&#038;showsearch=0&#038;showinfo=1&#038;iv_load_policy=1&#038;fs=1&#038;hl=es-ES&#038;autohide=2&#038;wmode=transparent\" allowfullscreen=\"true\" style=\"border:0;\" sandbox=\"allow-scripts allow-same-origin allow-popups allow-presentation allow-popups-to-escape-sandbox\"><\/iframe><\/span>\n<\/div><\/figure>\n","protected":false},"excerpt":{"rendered":"<p>El pr\u00f3ximo domingo 21 de mayo, a partir de las 18:00, el Teatro Tal\u00eda&nbsp; &#8211; calle 20 N\u00b0 740 &#8211; &#8230; <a title=\"\u00abMat\u00e9 a un tipo\u00bb en el Teatro Tal\u00eda\" class=\"read-more\" href=\"https:\/\/www.hoymercedes.com.ar\/principal\/2023\/05\/19\/mate-a-un-tipo-en-el-teatro-talia\/\" aria-label=\"Leer m\u00e1s sobre \u00abMat\u00e9 a un tipo\u00bb en el Teatro Tal\u00eda\">Leer m\u00e1s<\/a><\/p>\n","protected":false},"author":1,"featured_media":162391,"comment_status":"closed","ping_status":"open","sticky":false,"template":"","format":"standard","meta":{"_monsterinsights_skip_tracking":false,"_monsterinsights_sitenote_active":false,"_monsterinsights_sitenote_note":"","_monsterinsights_sitenote_category":0,"jetpack_post_was_ever_published":false,"_jetpack_newsletter_access":"","_jetpack_dont_email_post_to_subs":false,"_jetpack_newsletter_tier_id":0,"_jetpack_memberships_contains_paywalled_content":false,"_jetpack_memberships_contains_paid_content":false,"footnotes":"","jetpack_publicize_message":"","jetpack_publicize_feature_enabled":true,"jetpack_social_post_already_shared":true,"jetpack_social_options":{"image_generator_settings":{"template":"highway","default_image_id":0,"font":"","enabled":false},"version":2},"_wpas_customize_per_network":false},"categories":[104],"tags":[7805],"class_list":["post-162390","post","type-post","status-publish","format-standard","has-post-thumbnail","hentry","category-cultura","tag-cultura","generate-columns","tablet-grid-50","mobile-grid-100","grid-parent","grid-50"],"jetpack_publicize_connections":[],"jetpack_featured_media_url":"https:\/\/www.hoymercedes.com.ar\/principal\/wp-content\/uploads\/2023\/05\/image-26.png","wps_subtitle":"","jetpack_sharing_enabled":true,"_links":{"self":[{"href":"https:\/\/www.hoymercedes.com.ar\/principal\/wp-json\/wp\/v2\/posts\/162390","targetHints":{"allow":["GET"]}}],"collection":[{"href":"https:\/\/www.hoymercedes.com.ar\/principal\/wp-json\/wp\/v2\/posts"}],"about":[{"href":"https:\/\/www.hoymercedes.com.ar\/principal\/wp-json\/wp\/v2\/types\/post"}],"author":[{"embeddable":true,"href":"https:\/\/www.hoymercedes.com.ar\/principal\/wp-json\/wp\/v2\/users\/1"}],"replies":[{"embeddable":true,"href":"https:\/\/www.hoymercedes.com.ar\/principal\/wp-json\/wp\/v2\/comments?post=162390"}],"version-history":[{"count":0,"href":"https:\/\/www.hoymercedes.com.ar\/principal\/wp-json\/wp\/v2\/posts\/162390\/revisions"}],"wp:featuredmedia":[{"embeddable":true,"href":"https:\/\/www.hoymercedes.com.ar\/principal\/wp-json\/wp\/v2\/media\/162391"}],"wp:attachment":[{"href":"https:\/\/www.hoymercedes.com.ar\/principal\/wp-json\/wp\/v2\/media?parent=162390"}],"wp:term":[{"taxonomy":"category","embeddable":true,"href":"https:\/\/www.hoymercedes.com.ar\/principal\/wp-json\/wp\/v2\/categories?post=162390"},{"taxonomy":"post_tag","embeddable":true,"href":"https:\/\/www.hoymercedes.com.ar\/principal\/wp-json\/wp\/v2\/tags?post=162390"}],"curies":[{"name":"wp","href":"https:\/\/api.w.org\/{rel}","templated":true}]}}