{"id":16241,"date":"2012-09-18T12:27:57","date_gmt":"2012-09-18T12:27:57","guid":{"rendered":"http:\/\/www.hoymercedes.com.ar\/principal\/?p=16241"},"modified":"2012-09-18T13:19:05","modified_gmt":"2012-09-18T13:19:05","slug":"selva-apoyo-la-gestion-presidencial-junto-a-intendente-de-la-primera","status":"publish","type":"post","link":"https:\/\/www.hoymercedes.com.ar\/principal\/2012\/09\/18\/selva-apoyo-la-gestion-presidencial-junto-a-intendente-de-la-primera\/","title":{"rendered":"Selva apoy\u00f3 la gesti\u00f3n presidencial junto a intendente de la primera"},"content":{"rendered":"<p>En el d\u00eda de ayer se conoci\u00f3 la noticia de que existe un documento firmado por varios intendente de la primera sesi\u00f3n electoral en el que adher\u00edan y daban su apoyo a la Presidenta de la Naci\u00f3n luego de la jornada de la pasada semana con cacerolas y manifestaciones.<\/p>\n<p>La primera versi\u00f3n del documento que circul\u00f3 en internet no aparec\u00eda el intendente local, sin embargo, por la tarde noche ya se supo que tambi\u00e9n estar\u00eda la firma del jefe comunal.<\/p>\n<p>La importancia de destacar que las pol\u00edticas p\u00fablicas mejoran la calidad de vida de las personas y la continuidad del proyecto nacional como elementos a destacar del apoyo. En el escrito hacen un recorrido por las principales medidas adoptadas por el gobierno de un tiempo a esta parte sobre las cuales sostienen mejora la vida de los argentinos.<\/p>\n<p>Entre los firmantes est\u00e1n los mandatarios de: Florencia Varela, Tres de Febrero, Moreno, Berazategui, Almirante Brown, San Miguel, Campana, Suipacha, Quilmes, La Matanza, Hurlingham, Pilar, General Rodriguez, entre otros.<\/p>\n<p>Leer parte del \u00a0documento y listado de mandatarios:\u00a0<a href=\"http:\/\/www.famargentina.org\/interna.php?action=municipios_noticias&amp;e=292\" target=\"_blank\" rel=\"noopener\">http:\/\/www.famargentina.org\/interna.php?action=municipios_noticias&amp;e=292<\/a><\/p>\n","protected":false},"excerpt":{"rendered":"<p>En el d\u00eda de ayer se conoci\u00f3 la noticia de que existe un documento firmado por varios intendente de la &#8230; <a title=\"Selva apoy\u00f3 la gesti\u00f3n presidencial junto a intendente de la primera\" class=\"read-more\" href=\"https:\/\/www.hoymercedes.com.ar\/principal\/2012\/09\/18\/selva-apoyo-la-gestion-presidencial-junto-a-intendente-de-la-primera\/\" aria-label=\"Leer m\u00e1s sobre Selva apoy\u00f3 la gesti\u00f3n presidencial junto a intendente de la primera\">Leer m\u00e1s<\/a><\/p>\n","protected":false},"author":1,"featured_media":0,"comment_status":"open","ping_status":"open","sticky":false,"template":"","format":"standard","meta":{"_monsterinsights_skip_tracking":false,"_monsterinsights_sitenote_active":false,"_monsterinsights_sitenote_note":"","_monsterinsights_sitenote_category":0,"jetpack_post_was_ever_published":false,"_jetpack_newsletter_access":"","_jetpack_dont_email_post_to_subs":false,"_jetpack_newsletter_tier_id":0,"_jetpack_memberships_contains_paywalled_content":false,"_jetpack_memberships_contains_paid_content":false,"footnotes":"","jetpack_publicize_message":"","jetpack_publicize_feature_enabled":true,"jetpack_social_post_already_shared":false,"jetpack_social_options":{"image_generator_settings":{"template":"highway","default_image_id":0,"font":"","enabled":false},"version":2},"_wpas_customize_per_network":false},"categories":[5],"tags":[2752],"class_list":["post-16241","post","type-post","status-publish","format-standard","hentry","category-politica","tag-intendentes-apoyan-a-cristina-fernandez","generate-columns","tablet-grid-50","mobile-grid-100","grid-parent","grid-50"],"jetpack_publicize_connections":[],"jetpack_featured_media_url":"","wps_subtitle":"","jetpack_sharing_enabled":true,"_links":{"self":[{"href":"https:\/\/www.hoymercedes.com.ar\/principal\/wp-json\/wp\/v2\/posts\/16241","targetHints":{"allow":["GET"]}}],"collection":[{"href":"https:\/\/www.hoymercedes.com.ar\/principal\/wp-json\/wp\/v2\/posts"}],"about":[{"href":"https:\/\/www.hoymercedes.com.ar\/principal\/wp-json\/wp\/v2\/types\/post"}],"author":[{"embeddable":true,"href":"https:\/\/www.hoymercedes.com.ar\/principal\/wp-json\/wp\/v2\/users\/1"}],"replies":[{"embeddable":true,"href":"https:\/\/www.hoymercedes.com.ar\/principal\/wp-json\/wp\/v2\/comments?post=16241"}],"version-history":[{"count":0,"href":"https:\/\/www.hoymercedes.com.ar\/principal\/wp-json\/wp\/v2\/posts\/16241\/revisions"}],"wp:attachment":[{"href":"https:\/\/www.hoymercedes.com.ar\/principal\/wp-json\/wp\/v2\/media?parent=16241"}],"wp:term":[{"taxonomy":"category","embeddable":true,"href":"https:\/\/www.hoymercedes.com.ar\/principal\/wp-json\/wp\/v2\/categories?post=16241"},{"taxonomy":"post_tag","embeddable":true,"href":"https:\/\/www.hoymercedes.com.ar\/principal\/wp-json\/wp\/v2\/tags?post=16241"}],"curies":[{"name":"wp","href":"https:\/\/api.w.org\/{rel}","templated":true}]}}