{"id":162442,"date":"2023-05-21T02:06:23","date_gmt":"2023-05-21T05:06:23","guid":{"rendered":"https:\/\/www.hoymercedes.com.ar\/principal\/?p=162442"},"modified":"2023-05-21T02:06:26","modified_gmt":"2023-05-21T05:06:26","slug":"otro-choque-sobre-ruta-5","status":"publish","type":"post","link":"https:\/\/www.hoymercedes.com.ar\/principal\/2023\/05\/21\/otro-choque-sobre-ruta-5\/","title":{"rendered":"Otro choque sobre ruta 5"},"content":{"rendered":"\n<p>Mientras se realizaban las tareas de rescate de los heridos en el siniestro del kilometro 119.800 se produjo un nuevo evento. Esta vez a la altura del kilometro 118 , cuando un cami\u00f3n Ford Cargo ,color gris , dominio FGL231 con semirremolque , conducido por Francisco Marquez de 29 a\u00f1os que circulaba en sentido Mercedes-Suipacha , embiste la parte trasera de un veh\u00edculo Volkwagen Gol Country ,dominio GGK919, color gris oscuro , que circulaba delante que se dispon\u00eda a detenerse en la fila de veh\u00edculos varados por el siniestro.<\/p>\n\n\n\n<figure class=\"wp-block-image size-large\"><img loading=\"lazy\" decoding=\"async\" width=\"1024\" height=\"473\" data-attachment-id=\"162444\" data-permalink=\"https:\/\/www.hoymercedes.com.ar\/principal\/2023\/05\/21\/otro-choque-sobre-ruta-5\/fb_img_1684645487127\/#main\" data-orig-file=\"https:\/\/www.hoymercedes.com.ar\/principal\/wp-content\/uploads\/2023\/05\/FB_IMG_1684645487127.jpg\" data-orig-size=\"1080,499\" data-comments-opened=\"0\" data-image-meta=\"{&quot;aperture&quot;:&quot;0&quot;,&quot;credit&quot;:&quot;&quot;,&quot;camera&quot;:&quot;&quot;,&quot;caption&quot;:&quot;&quot;,&quot;created_timestamp&quot;:&quot;0&quot;,&quot;copyright&quot;:&quot;&quot;,&quot;focal_length&quot;:&quot;0&quot;,&quot;iso&quot;:&quot;0&quot;,&quot;shutter_speed&quot;:&quot;0&quot;,&quot;title&quot;:&quot;&quot;,&quot;orientation&quot;:&quot;0&quot;}\" data-image-title=\"FB_IMG_1684645487127\" data-image-description=\"\" data-image-caption=\"\" data-large-file=\"https:\/\/www.hoymercedes.com.ar\/principal\/wp-content\/uploads\/2023\/05\/FB_IMG_1684645487127-1024x473.jpg\" src=\"https:\/\/www.hoymercedes.com.ar\/principal\/wp-content\/uploads\/2023\/05\/FB_IMG_1684645487127-1024x473.jpg\" alt=\"\" class=\"wp-image-162444\" srcset=\"https:\/\/www.hoymercedes.com.ar\/principal\/wp-content\/uploads\/2023\/05\/FB_IMG_1684645487127-1024x473.jpg 1024w, https:\/\/www.hoymercedes.com.ar\/principal\/wp-content\/uploads\/2023\/05\/FB_IMG_1684645487127-630x291.jpg 630w, https:\/\/www.hoymercedes.com.ar\/principal\/wp-content\/uploads\/2023\/05\/FB_IMG_1684645487127-150x69.jpg 150w, https:\/\/www.hoymercedes.com.ar\/principal\/wp-content\/uploads\/2023\/05\/FB_IMG_1684645487127.jpg 1080w\" sizes=\"auto, (max-width: 1024px) 100vw, 1024px\" \/><\/figure>\n\n\n\n<p>El veh\u00edculo menor que era conducido por Raul Ayala , de 38 a\u00f1os ,domiciliado en Bragado , quien viajaba acompa\u00f1ado por su esposa e hijo , luego del fuerte impacto se despista hacia la zona de pr\u00e9stamo de la mano contraria., resultando con heridas de car\u00e1cter leve la esposa del conductor que fue derivada a trav\u00e9s de una ambulancia la Hospital Esteban Iribarne de Suipacha en donde luego de ser evaluada fue dada de alta minutos m\u00e1s tarde.<\/p>\n\n\n\n<p>Intervino ambulancia del Homei de Suipacha y Personal de Corredores viales.<\/p>\n\n\n\n<p>colaboraci\u00f3n Jorge Lasala de Suipacha <\/p>\n\n\n\n<figure class=\"wp-block-image size-large\"><img loading=\"lazy\" decoding=\"async\" width=\"1024\" height=\"473\" data-attachment-id=\"162443\" data-permalink=\"https:\/\/www.hoymercedes.com.ar\/principal\/2023\/05\/21\/otro-choque-sobre-ruta-5\/fb_img_1684645492075\/#main\" data-orig-file=\"https:\/\/www.hoymercedes.com.ar\/principal\/wp-content\/uploads\/2023\/05\/FB_IMG_1684645492075.jpg\" data-orig-size=\"1080,499\" data-comments-opened=\"0\" data-image-meta=\"{&quot;aperture&quot;:&quot;0&quot;,&quot;credit&quot;:&quot;&quot;,&quot;camera&quot;:&quot;&quot;,&quot;caption&quot;:&quot;&quot;,&quot;created_timestamp&quot;:&quot;0&quot;,&quot;copyright&quot;:&quot;&quot;,&quot;focal_length&quot;:&quot;0&quot;,&quot;iso&quot;:&quot;0&quot;,&quot;shutter_speed&quot;:&quot;0&quot;,&quot;title&quot;:&quot;&quot;,&quot;orientation&quot;:&quot;0&quot;}\" data-image-title=\"FB_IMG_1684645492075\" data-image-description=\"\" data-image-caption=\"\" data-large-file=\"https:\/\/www.hoymercedes.com.ar\/principal\/wp-content\/uploads\/2023\/05\/FB_IMG_1684645492075-1024x473.jpg\" src=\"https:\/\/www.hoymercedes.com.ar\/principal\/wp-content\/uploads\/2023\/05\/FB_IMG_1684645492075-1024x473.jpg\" alt=\"\" class=\"wp-image-162443\" srcset=\"https:\/\/www.hoymercedes.com.ar\/principal\/wp-content\/uploads\/2023\/05\/FB_IMG_1684645492075-1024x473.jpg 1024w, https:\/\/www.hoymercedes.com.ar\/principal\/wp-content\/uploads\/2023\/05\/FB_IMG_1684645492075-630x291.jpg 630w, https:\/\/www.hoymercedes.com.ar\/principal\/wp-content\/uploads\/2023\/05\/FB_IMG_1684645492075-150x69.jpg 150w, https:\/\/www.hoymercedes.com.ar\/principal\/wp-content\/uploads\/2023\/05\/FB_IMG_1684645492075.jpg 1080w\" sizes=\"auto, (max-width: 1024px) 100vw, 1024px\" \/><\/figure>\n","protected":false},"excerpt":{"rendered":"<p>Mientras se realizaban las tareas de rescate de los heridos en el siniestro del kilometro 119.800 se produjo un nuevo &#8230; <a title=\"Otro choque sobre ruta 5\" class=\"read-more\" href=\"https:\/\/www.hoymercedes.com.ar\/principal\/2023\/05\/21\/otro-choque-sobre-ruta-5\/\" aria-label=\"Leer m\u00e1s sobre Otro choque sobre ruta 5\">Leer m\u00e1s<\/a><\/p>\n","protected":false},"author":1,"featured_media":162443,"comment_status":"closed","ping_status":"open","sticky":false,"template":"","format":"standard","meta":{"_monsterinsights_skip_tracking":false,"_monsterinsights_sitenote_active":false,"_monsterinsights_sitenote_note":"","_monsterinsights_sitenote_category":0,"jetpack_post_was_ever_published":false,"_jetpack_newsletter_access":"","_jetpack_dont_email_post_to_subs":false,"_jetpack_newsletter_tier_id":0,"_jetpack_memberships_contains_paywalled_content":false,"_jetpack_memberships_contains_paid_content":false,"footnotes":"","jetpack_publicize_message":"","jetpack_publicize_feature_enabled":true,"jetpack_social_post_already_shared":true,"jetpack_social_options":{"image_generator_settings":{"template":"highway","default_image_id":0,"font":"","enabled":false},"version":2},"_wpas_customize_per_network":false},"categories":[85],"tags":[],"class_list":["post-162442","post","type-post","status-publish","format-standard","has-post-thumbnail","hentry","category-policial","generate-columns","tablet-grid-50","mobile-grid-100","grid-parent","grid-50"],"jetpack_publicize_connections":[],"jetpack_featured_media_url":"https:\/\/www.hoymercedes.com.ar\/principal\/wp-content\/uploads\/2023\/05\/FB_IMG_1684645492075.jpg","wps_subtitle":"","jetpack_sharing_enabled":true,"_links":{"self":[{"href":"https:\/\/www.hoymercedes.com.ar\/principal\/wp-json\/wp\/v2\/posts\/162442","targetHints":{"allow":["GET"]}}],"collection":[{"href":"https:\/\/www.hoymercedes.com.ar\/principal\/wp-json\/wp\/v2\/posts"}],"about":[{"href":"https:\/\/www.hoymercedes.com.ar\/principal\/wp-json\/wp\/v2\/types\/post"}],"author":[{"embeddable":true,"href":"https:\/\/www.hoymercedes.com.ar\/principal\/wp-json\/wp\/v2\/users\/1"}],"replies":[{"embeddable":true,"href":"https:\/\/www.hoymercedes.com.ar\/principal\/wp-json\/wp\/v2\/comments?post=162442"}],"version-history":[{"count":0,"href":"https:\/\/www.hoymercedes.com.ar\/principal\/wp-json\/wp\/v2\/posts\/162442\/revisions"}],"wp:featuredmedia":[{"embeddable":true,"href":"https:\/\/www.hoymercedes.com.ar\/principal\/wp-json\/wp\/v2\/media\/162443"}],"wp:attachment":[{"href":"https:\/\/www.hoymercedes.com.ar\/principal\/wp-json\/wp\/v2\/media?parent=162442"}],"wp:term":[{"taxonomy":"category","embeddable":true,"href":"https:\/\/www.hoymercedes.com.ar\/principal\/wp-json\/wp\/v2\/categories?post=162442"},{"taxonomy":"post_tag","embeddable":true,"href":"https:\/\/www.hoymercedes.com.ar\/principal\/wp-json\/wp\/v2\/tags?post=162442"}],"curies":[{"name":"wp","href":"https:\/\/api.w.org\/{rel}","templated":true}]}}