{"id":16253,"date":"2012-09-18T16:29:56","date_gmt":"2012-09-18T16:29:56","guid":{"rendered":"http:\/\/www.hoymercedes.com.ar\/principal\/?p=16253"},"modified":"2012-10-15T01:32:12","modified_gmt":"2012-10-15T01:32:12","slug":"selva-ratifico-su-apoyo-a-rodolfo-principi-audio","status":"publish","type":"post","link":"https:\/\/www.hoymercedes.com.ar\/principal\/2012\/09\/18\/selva-ratifico-su-apoyo-a-rodolfo-principi-audio\/","title":{"rendered":"Selva ratific\u00f3 su apoyo a Rodolfo Pr\u00edncipi (audio)"},"content":{"rendered":"<p><a href=\"https:\/\/www.hoymercedes.com.ar\/principal\/wp-content\/uploads\/2012\/09\/Selva-Ratidica-Principi.jpg\"><img loading=\"lazy\" decoding=\"async\" data-attachment-id=\"16255\" data-permalink=\"https:\/\/www.hoymercedes.com.ar\/principal\/2012\/09\/18\/selva-ratifico-su-apoyo-a-rodolfo-principi-audio\/selva-ratidica-principi\/#main\" data-orig-file=\"https:\/\/www.hoymercedes.com.ar\/principal\/wp-content\/uploads\/2012\/09\/Selva-Ratidica-Principi.jpg\" data-orig-size=\"614,295\" data-comments-opened=\"1\" data-image-meta=\"{&quot;aperture&quot;:&quot;2.6&quot;,&quot;credit&quot;:&quot;&quot;,&quot;camera&quot;:&quot;GT-B5510L&quot;,&quot;caption&quot;:&quot;&quot;,&quot;created_timestamp&quot;:&quot;1347968951&quot;,&quot;copyright&quot;:&quot;&quot;,&quot;focal_length&quot;:&quot;2.79&quot;,&quot;iso&quot;:&quot;200&quot;,&quot;shutter_speed&quot;:&quot;0.1&quot;,&quot;title&quot;:&quot;&quot;}\" data-image-title=\"Selva-Ratidica-Principi\" data-image-description=\"\" data-image-caption=\"\" data-large-file=\"https:\/\/www.hoymercedes.com.ar\/principal\/wp-content\/uploads\/2012\/09\/Selva-Ratidica-Principi.jpg\" class=\"aligncenter size-full wp-image-16255\" title=\"Selva-Ratidica-Principi\" src=\"https:\/\/www.hoymercedes.com.ar\/principal\/wp-content\/uploads\/2012\/09\/Selva-Ratidica-Principi.jpg\" alt=\"\" width=\"614\" height=\"295\" \/><\/a><\/p>\n<p>Luego de la\u00a0pol\u00e9mica\u00a0desatada sobre las versiones de pedido de renuncia a Fito Principi potenciadas por la tapa del Diario La Hora donde se le cuestionar\u00eda su tarea como Concejal, Director del Hospital local y hombre que apareci\u00f3 hace poco en fotos con representantes de la oposici\u00f3n al recibir subsidios a manos de Alberto Espa\u00f1a, Diputado provincial integrante del Frente Mercedino para la Victoria, el intendente Selva ratific\u00f3 su apoyo a la labor de Principi en todos los planos.<\/p>\n<p>La conferencia de prensa dada por Selva fue en torno a anuncios sobre asuntos educativos vinculados a la UBA, pero, el inter\u00e9s de los medios lo condujo a realizar una segunda parte en la que se explay\u00f3 sobre el tema pol\u00edtico y Rodolfo Pr\u00edncipi. Al respecto Selva sostuvo:\u00a0<em>\u00abSe especula. Se puede ver lo bien que le vendr\u00eda a algunos. Lo cierto es que Fito forma parte del bloque y est\u00e1 en el hospital no solamente por una ratificaci\u00f3n del Ministro de Salud sino tambi\u00e9n por el intendente\u201d<\/em><\/p>\n<p>Al inicio del di\u00e1logo con la prensa afirm\u00f3:\u00a0<em>\u201cYo no lo anunci\u00e9, Fito tampoco. No hay ninguna renuncia pedida.\u00a0 Hay situaciones que uno comenta con un particular d\u00e1ndole una l\u00f3gica y racionalidad en el planteo de una conversaci\u00f3n y luego toma el camino de seg\u00fan como rebota en las paredes, ah\u00ed est\u00e1 la cuesti\u00f3n (\u2026) Yo le pregunt\u00e9 por la foto. Si hubo dudas de la continuidad\u00a0 de Fito en el Hospital no fue por nosotros, fue por cuestiones pol\u00edticas de otro lado. Hoy Fito est\u00e1 donde est\u00e1 con respaldo del intendente, sino creo no estar\u00eda, esta es la verdad de la historia. A uno puede gustarle m\u00e1s o menos una situaci\u00f3n lo que nadie pone en duda es que cada respaldo que tenga el hospital es que lo damos por bienvenido y de echo el municipio est\u00e1 haciendo un esfuerzo impresionante para poder ayudar al hospital todos los meses. Por eso mezclar que por recibir una ayuda se la va a pedir una denuncia no. De hecho si fuese algo netamente pol\u00edtico deber\u00edamos hab\u00e9rsela pedido cuando no estuvo en el voto del presupuesto. El concejal tiene tres millones de responsabilidades, pero hay dos obligaciones que son indiscutibles: el presupuesto y aprobaci\u00f3n de cuentas y con nosotros eso no paso ni gener\u00f3 un conflicto ni nada.\u201d\u00a0<\/em><\/p>\n<p>Respecto a los roles que cumple Principi sostuvo:<em> \u00abtiene una particular situaci\u00f3n que requiere mucho m\u00e1s compromiso y desaf\u00edo que complica un poco m\u00e1s las cosas, incluso, por razones particulares no pudo estar el d\u00eda en que se trat\u00f3 el presupuesto que es un hecho important\u00edsimo. Ello motiv\u00f3 a hablar con todos los concejales y fue entendido y considerado. El tiempo dir\u00e1 sobre definiciones o cuestiones. Lo raro es que de conversaciones que se tienen salgan estas cosas donde trascienden de una forma que afectan en el \u00e1mbito pol\u00edtico.\u201d<\/em><\/p>\n<p><strong>Audio de la conferencia de prensa:\u00a0<\/strong><\/p>\n[audio: https:\/\/www.hoymercedes.com.ar\/principal\/wp-content\/uploads\/2012\/09\/Principi-Selva-Ratificacion.mp3]\n","protected":false},"excerpt":{"rendered":"<p>Luego de la\u00a0pol\u00e9mica\u00a0desatada sobre las versiones de pedido de renuncia a Fito Principi potenciadas por la tapa del Diario La &#8230; <a title=\"Selva ratific\u00f3 su apoyo a Rodolfo Pr\u00edncipi (audio)\" class=\"read-more\" href=\"https:\/\/www.hoymercedes.com.ar\/principal\/2012\/09\/18\/selva-ratifico-su-apoyo-a-rodolfo-principi-audio\/\" aria-label=\"Leer m\u00e1s sobre Selva ratific\u00f3 su apoyo a Rodolfo Pr\u00edncipi (audio)\">Leer m\u00e1s<\/a><\/p>\n","protected":false},"author":1,"featured_media":0,"comment_status":"open","ping_status":"open","sticky":false,"template":"","format":"standard","meta":{"_monsterinsights_skip_tracking":false,"_monsterinsights_sitenote_active":false,"_monsterinsights_sitenote_note":"","_monsterinsights_sitenote_category":0,"jetpack_post_was_ever_published":false,"_jetpack_newsletter_access":"","_jetpack_dont_email_post_to_subs":false,"_jetpack_newsletter_tier_id":0,"_jetpack_memberships_contains_paywalled_content":false,"_jetpack_memberships_contains_paid_content":false,"footnotes":"","jetpack_publicize_message":"","jetpack_publicize_feature_enabled":true,"jetpack_social_post_already_shared":false,"jetpack_social_options":{"image_generator_settings":{"template":"highway","default_image_id":0,"font":"","enabled":false},"version":2},"_wpas_customize_per_network":false},"categories":[5],"tags":[39,532],"class_list":["post-16253","post","type-post","status-publish","format-standard","hentry","category-politica","tag-carlos-selva","tag-fito-principi","generate-columns","tablet-grid-50","mobile-grid-100","grid-parent","grid-50"],"jetpack_publicize_connections":[],"jetpack_featured_media_url":"","wps_subtitle":"","jetpack_sharing_enabled":true,"_links":{"self":[{"href":"https:\/\/www.hoymercedes.com.ar\/principal\/wp-json\/wp\/v2\/posts\/16253","targetHints":{"allow":["GET"]}}],"collection":[{"href":"https:\/\/www.hoymercedes.com.ar\/principal\/wp-json\/wp\/v2\/posts"}],"about":[{"href":"https:\/\/www.hoymercedes.com.ar\/principal\/wp-json\/wp\/v2\/types\/post"}],"author":[{"embeddable":true,"href":"https:\/\/www.hoymercedes.com.ar\/principal\/wp-json\/wp\/v2\/users\/1"}],"replies":[{"embeddable":true,"href":"https:\/\/www.hoymercedes.com.ar\/principal\/wp-json\/wp\/v2\/comments?post=16253"}],"version-history":[{"count":0,"href":"https:\/\/www.hoymercedes.com.ar\/principal\/wp-json\/wp\/v2\/posts\/16253\/revisions"}],"wp:attachment":[{"href":"https:\/\/www.hoymercedes.com.ar\/principal\/wp-json\/wp\/v2\/media?parent=16253"}],"wp:term":[{"taxonomy":"category","embeddable":true,"href":"https:\/\/www.hoymercedes.com.ar\/principal\/wp-json\/wp\/v2\/categories?post=16253"},{"taxonomy":"post_tag","embeddable":true,"href":"https:\/\/www.hoymercedes.com.ar\/principal\/wp-json\/wp\/v2\/tags?post=16253"}],"curies":[{"name":"wp","href":"https:\/\/api.w.org\/{rel}","templated":true}]}}