{"id":162557,"date":"2023-05-23T23:02:34","date_gmt":"2023-05-24T02:02:34","guid":{"rendered":"https:\/\/www.hoymercedes.com.ar\/principal\/?p=162557"},"modified":"2023-05-23T23:02:37","modified_gmt":"2023-05-24T02:02:37","slug":"golf-medal-y-campeonato-con-handicap-en-el-gcm","status":"publish","type":"post","link":"https:\/\/www.hoymercedes.com.ar\/principal\/2023\/05\/23\/golf-medal-y-campeonato-con-handicap-en-el-gcm\/","title":{"rendered":"Golf: Medal y Campeonato con H\u00e1ndicap en el GCM\u00a0"},"content":{"rendered":"\n<p>Este s\u00e1bado se jug\u00f3 un nuevo Medal Play en Golf Club Mercedes, en un d\u00eda soleado y agradable, pese a la hermosa lluvia que cay\u00f3 el viernes y que reg\u00f3 todos los campos mercedinos.\u00a0<\/p>\n\n\n<div class=\"wp-block-image\">\n<figure class=\"aligncenter size-full\"><img loading=\"lazy\" decoding=\"async\" width=\"643\" height=\"826\" data-attachment-id=\"162524\" data-permalink=\"https:\/\/www.hoymercedes.com.ar\/principal\/2023\/05\/22\/softbol-la-liga-mecedina-tuvo-su-segunda-fecha\/golf-2205\/#main\" data-orig-file=\"https:\/\/www.hoymercedes.com.ar\/principal\/wp-content\/uploads\/2023\/05\/golf-2205.jpg\" data-orig-size=\"643,826\" data-comments-opened=\"0\" data-image-meta=\"{&quot;aperture&quot;:&quot;0&quot;,&quot;credit&quot;:&quot;&quot;,&quot;camera&quot;:&quot;&quot;,&quot;caption&quot;:&quot;&quot;,&quot;created_timestamp&quot;:&quot;1684767110&quot;,&quot;copyright&quot;:&quot;&quot;,&quot;focal_length&quot;:&quot;0&quot;,&quot;iso&quot;:&quot;0&quot;,&quot;shutter_speed&quot;:&quot;0&quot;,&quot;title&quot;:&quot;&quot;,&quot;orientation&quot;:&quot;1&quot;}\" data-image-title=\"golf 2205\" data-image-description=\"\" data-image-caption=\"\" data-large-file=\"https:\/\/www.hoymercedes.com.ar\/principal\/wp-content\/uploads\/2023\/05\/golf-2205.jpg\" src=\"https:\/\/www.hoymercedes.com.ar\/principal\/wp-content\/uploads\/2023\/05\/golf-2205.jpg\" alt=\"\" class=\"wp-image-162524\" srcset=\"https:\/\/www.hoymercedes.com.ar\/principal\/wp-content\/uploads\/2023\/05\/golf-2205.jpg 643w, https:\/\/www.hoymercedes.com.ar\/principal\/wp-content\/uploads\/2023\/05\/golf-2205-483x620.jpg 483w, https:\/\/www.hoymercedes.com.ar\/principal\/wp-content\/uploads\/2023\/05\/golf-2205-117x150.jpg 117w\" sizes=\"auto, (max-width: 643px) 100vw, 643px\" \/><\/figure>\n<\/div>\n\n\n<p>Con una cancha pesada y con alg\u00fan charquito, se decidi\u00f3 salir&nbsp; a jugar con \u00ablee mejorado\u00bb donde muchos golfistas apretaditos en el corto horario de invierno, salieron a buscar su mejor vuelta.&nbsp;<\/p>\n\n\n\n<p>Al cabo del d\u00eda, el&nbsp; que mejor \u00abvio\u00bb la cancha fue&nbsp; Daniel De Giano, quien con un juego prolijo y arriesgado, siempre tir\u00e1ndole al \u00abtrapo\u00bb present\u00f3 en el Club House una tarjeta de 64 golpes, es decir 6 bajo el par de la cancha, por lo que se llev\u00f3 la victoria en su categor\u00eda.&nbsp;<\/p>\n\n\n\n<p><strong>Resultados<\/strong>\u00a0<br>Categor\u00eda hasta 18 de H\u00e1ndicap\u00a0<br>1) Rubiero Agust\u00edn 68\u00a0<br>2) D\u00edaz Marcelo 69\u00a0<br>3) Despalanques Mariano 71\u00a0<br>4) Artale Fernando 71\u00a0<br>5) Pache An\u00edbal 71\u00a0<\/p>\n\n\n\n<p>Categor\u00eda de 19 en adelante\u00a0<br>1) De Giano Daniel 64\u00a0<br>2) Huici Omar 73\u00a0<br>3) Mendiola Pablo 76\u00a0<br>4) Socastro Julio 76\u00a0<br>5) Mart\u00ednez Jos\u00e9 Luis 79\u00a0<\/p>\n\n\n\n<p>Por otro lado el mismo s\u00e1bado se jug\u00f3 la final del Torneo del G.C.M.&nbsp; con Handicap y en un partido muy peleado hoyo a hoyo, Guillermo Mendiola se consagro \u00abCampe\u00f3n\u00bb al vencer a la revelaci\u00f3n de este a\u00f1o Esteban Razzetti, en el hoyo 17. Felicitaciones al Campe\u00f3n!!!&nbsp;<\/p>\n\n\n\n<p>El jueves 25 de Mayo se jugar\u00e1 una importante laguneada, capacidad m\u00e1xima 60 jugadores.\u00a0<\/p>\n\n\n\n<p>Colaboraci\u00f3n: Mariano Oyarz\u00fa<\/p>\n","protected":false},"excerpt":{"rendered":"<p>Este s\u00e1bado se jug\u00f3 un nuevo Medal Play en Golf Club Mercedes, en un d\u00eda soleado y agradable, pese a &#8230; <a title=\"Golf: Medal y Campeonato con H\u00e1ndicap en el GCM\u00a0\" class=\"read-more\" href=\"https:\/\/www.hoymercedes.com.ar\/principal\/2023\/05\/23\/golf-medal-y-campeonato-con-handicap-en-el-gcm\/\" aria-label=\"Leer m\u00e1s sobre Golf: Medal y Campeonato con H\u00e1ndicap en el GCM\u00a0\">Leer m\u00e1s<\/a><\/p>\n","protected":false},"author":1,"featured_media":162524,"comment_status":"closed","ping_status":"open","sticky":false,"template":"","format":"standard","meta":{"_monsterinsights_skip_tracking":false,"_monsterinsights_sitenote_active":false,"_monsterinsights_sitenote_note":"","_monsterinsights_sitenote_category":0,"jetpack_post_was_ever_published":false,"_jetpack_newsletter_access":"","_jetpack_dont_email_post_to_subs":false,"_jetpack_newsletter_tier_id":0,"_jetpack_memberships_contains_paywalled_content":false,"_jetpack_memberships_contains_paid_content":false,"footnotes":"","jetpack_publicize_message":"","jetpack_publicize_feature_enabled":true,"jetpack_social_post_already_shared":true,"jetpack_social_options":{"image_generator_settings":{"template":"highway","default_image_id":0,"font":"","enabled":false},"version":2},"_wpas_customize_per_network":false},"categories":[8],"tags":[204],"class_list":["post-162557","post","type-post","status-publish","format-standard","has-post-thumbnail","hentry","category-sociedad","tag-deportes-2","generate-columns","tablet-grid-50","mobile-grid-100","grid-parent","grid-50"],"jetpack_publicize_connections":[],"jetpack_featured_media_url":"https:\/\/www.hoymercedes.com.ar\/principal\/wp-content\/uploads\/2023\/05\/golf-2205.jpg","wps_subtitle":"","jetpack_sharing_enabled":true,"_links":{"self":[{"href":"https:\/\/www.hoymercedes.com.ar\/principal\/wp-json\/wp\/v2\/posts\/162557","targetHints":{"allow":["GET"]}}],"collection":[{"href":"https:\/\/www.hoymercedes.com.ar\/principal\/wp-json\/wp\/v2\/posts"}],"about":[{"href":"https:\/\/www.hoymercedes.com.ar\/principal\/wp-json\/wp\/v2\/types\/post"}],"author":[{"embeddable":true,"href":"https:\/\/www.hoymercedes.com.ar\/principal\/wp-json\/wp\/v2\/users\/1"}],"replies":[{"embeddable":true,"href":"https:\/\/www.hoymercedes.com.ar\/principal\/wp-json\/wp\/v2\/comments?post=162557"}],"version-history":[{"count":0,"href":"https:\/\/www.hoymercedes.com.ar\/principal\/wp-json\/wp\/v2\/posts\/162557\/revisions"}],"wp:featuredmedia":[{"embeddable":true,"href":"https:\/\/www.hoymercedes.com.ar\/principal\/wp-json\/wp\/v2\/media\/162524"}],"wp:attachment":[{"href":"https:\/\/www.hoymercedes.com.ar\/principal\/wp-json\/wp\/v2\/media?parent=162557"}],"wp:term":[{"taxonomy":"category","embeddable":true,"href":"https:\/\/www.hoymercedes.com.ar\/principal\/wp-json\/wp\/v2\/categories?post=162557"},{"taxonomy":"post_tag","embeddable":true,"href":"https:\/\/www.hoymercedes.com.ar\/principal\/wp-json\/wp\/v2\/tags?post=162557"}],"curies":[{"name":"wp","href":"https:\/\/api.w.org\/{rel}","templated":true}]}}