{"id":162564,"date":"2023-05-24T07:18:00","date_gmt":"2023-05-24T10:18:00","guid":{"rendered":"https:\/\/www.hoymercedes.com.ar\/principal\/?p=162564"},"modified":"2023-05-23T23:26:01","modified_gmt":"2023-05-24T02:26:01","slug":"estrenan-la-sirenita-y-sigue-rapido-y-furioso","status":"publish","type":"post","link":"https:\/\/www.hoymercedes.com.ar\/principal\/2023\/05\/24\/estrenan-la-sirenita-y-sigue-rapido-y-furioso\/","title":{"rendered":"Estrenan La Sirenita y sigue R\u00e1pido y Furioso"},"content":{"rendered":"\n<p>Desde el jueves 25 hasta el martes 30 de mayo, el Cine Mercedes estar\u00e1 proyectando el estreno de la semana y contin\u00faa con una de las pel\u00edculas que rompe los records a nivel internacional. Se trata de La Sirenite y R\u00e1pidos y Furiosos X. <\/p>\n\n\n<div class=\"wp-block-image\">\n<figure class=\"aligncenter size-large\"><img loading=\"lazy\" decoding=\"async\" width=\"752\" height=\"1024\" data-attachment-id=\"162565\" data-permalink=\"https:\/\/www.hoymercedes.com.ar\/principal\/2023\/05\/24\/estrenan-la-sirenita-y-sigue-rapido-y-furioso\/gacetilla-cine-mercedes-32-2\/#main\" data-orig-file=\"https:\/\/www.hoymercedes.com.ar\/principal\/wp-content\/uploads\/2023\/05\/Gacetilla-Cine-Mercedes-32.jpg\" data-orig-size=\"800,1089\" data-comments-opened=\"0\" data-image-meta=\"{&quot;aperture&quot;:&quot;0&quot;,&quot;credit&quot;:&quot;&quot;,&quot;camera&quot;:&quot;&quot;,&quot;caption&quot;:&quot;&quot;,&quot;created_timestamp&quot;:&quot;0&quot;,&quot;copyright&quot;:&quot;&quot;,&quot;focal_length&quot;:&quot;0&quot;,&quot;iso&quot;:&quot;0&quot;,&quot;shutter_speed&quot;:&quot;0&quot;,&quot;title&quot;:&quot;&quot;,&quot;orientation&quot;:&quot;1&quot;}\" data-image-title=\"Gacetilla Cine Mercedes (32)\" data-image-description=\"\" data-image-caption=\"\" data-large-file=\"https:\/\/www.hoymercedes.com.ar\/principal\/wp-content\/uploads\/2023\/05\/Gacetilla-Cine-Mercedes-32-752x1024.jpg\" src=\"https:\/\/www.hoymercedes.com.ar\/principal\/wp-content\/uploads\/2023\/05\/Gacetilla-Cine-Mercedes-32-752x1024.jpg\" alt=\"\" class=\"wp-image-162565\" srcset=\"https:\/\/www.hoymercedes.com.ar\/principal\/wp-content\/uploads\/2023\/05\/Gacetilla-Cine-Mercedes-32-752x1024.jpg 752w, https:\/\/www.hoymercedes.com.ar\/principal\/wp-content\/uploads\/2023\/05\/Gacetilla-Cine-Mercedes-32-455x620.jpg 455w, https:\/\/www.hoymercedes.com.ar\/principal\/wp-content\/uploads\/2023\/05\/Gacetilla-Cine-Mercedes-32-110x150.jpg 110w, https:\/\/www.hoymercedes.com.ar\/principal\/wp-content\/uploads\/2023\/05\/Gacetilla-Cine-Mercedes-32.jpg 800w\" sizes=\"auto, (max-width: 752px) 100vw, 752px\" \/><\/figure>\n<\/div>\n\n\n<p>El film que tiene su antecesora en animaci\u00f3n y que este a\u00f1o se presenta con actores de carne y hueso, La Sirenita, es la principal atracci\u00f3n de la pantalla local para este fin de semana largo. Podr\u00e1 optarse por diferentes funciones entre 2D y 3D. La historia es conocida: Ariel, la m\u00e1s joven de las hijas del Rey Trit\u00f3n y la m\u00e1s desafiante, desea saber m\u00e1s sobre el mundo m\u00e1s all\u00e1 del mar y, mientras visita la superficie, se enamora del apuesto Pr\u00edncipe Eric. Si bien las sirenas tienen prohibido interactuar con los humanos, Ariel debe seguir su coraz\u00f3n. As\u00ed, hace un trato con la malvada bruja del mar, \u00darsula, que le da la oportunidad de experimentar la vida en la tierra, lo que pone en peligro su vida y la corona de su padre. <\/p>\n\n\n\n<p>En tanto, una semana m\u00e1s sigue R\u00e1pidos y Furiosos la n\u00famero 10 de la saga. Esperada principalmente por el p\u00fablico amante de la velocidad, vuelve Dom Toretto. Encarnado en Vin Diesel, Toretto y su familia han sido capaces de ser m\u00e1s listos, de tener m\u00e1s valor y de ir m\u00e1s r\u00e1pido que cualquier enemigo que se cruzara con ellos. Pero ahora tendr\u00e1n que enfrentarse al oponente m\u00e1s letal que jam\u00e1s hayan conocido: Un terrible peligro que resurge del pasado, que se mueve por una sangrienta sed de venganza y que est\u00e1 dispuesto a destrozar a la familia y destruir para siempre todo lo que a Dom le importa<\/p>\n","protected":false},"excerpt":{"rendered":"<p>Desde el jueves 25 hasta el martes 30 de mayo, el Cine Mercedes estar\u00e1 proyectando el estreno de la semana &#8230; <a title=\"Estrenan La Sirenita y sigue R\u00e1pido y Furioso\" class=\"read-more\" href=\"https:\/\/www.hoymercedes.com.ar\/principal\/2023\/05\/24\/estrenan-la-sirenita-y-sigue-rapido-y-furioso\/\" aria-label=\"Leer m\u00e1s sobre Estrenan La Sirenita y sigue R\u00e1pido y Furioso\">Leer m\u00e1s<\/a><\/p>\n","protected":false},"author":1,"featured_media":162566,"comment_status":"closed","ping_status":"open","sticky":false,"template":"","format":"standard","meta":{"_monsterinsights_skip_tracking":false,"_monsterinsights_sitenote_active":false,"_monsterinsights_sitenote_note":"","_monsterinsights_sitenote_category":0,"jetpack_post_was_ever_published":false,"_jetpack_newsletter_access":"","_jetpack_dont_email_post_to_subs":false,"_jetpack_newsletter_tier_id":0,"_jetpack_memberships_contains_paywalled_content":false,"_jetpack_memberships_contains_paid_content":false,"footnotes":"","jetpack_publicize_message":"","jetpack_publicize_feature_enabled":true,"jetpack_social_post_already_shared":true,"jetpack_social_options":{"image_generator_settings":{"template":"highway","default_image_id":0,"font":"","enabled":false},"version":2},"_wpas_customize_per_network":false},"categories":[104],"tags":[7805],"class_list":["post-162564","post","type-post","status-publish","format-standard","has-post-thumbnail","hentry","category-cultura","tag-cultura","generate-columns","tablet-grid-50","mobile-grid-100","grid-parent","grid-50"],"jetpack_publicize_connections":[],"jetpack_featured_media_url":"https:\/\/www.hoymercedes.com.ar\/principal\/wp-content\/uploads\/2023\/05\/la-sirenita.jpg","wps_subtitle":"","jetpack_sharing_enabled":true,"_links":{"self":[{"href":"https:\/\/www.hoymercedes.com.ar\/principal\/wp-json\/wp\/v2\/posts\/162564","targetHints":{"allow":["GET"]}}],"collection":[{"href":"https:\/\/www.hoymercedes.com.ar\/principal\/wp-json\/wp\/v2\/posts"}],"about":[{"href":"https:\/\/www.hoymercedes.com.ar\/principal\/wp-json\/wp\/v2\/types\/post"}],"author":[{"embeddable":true,"href":"https:\/\/www.hoymercedes.com.ar\/principal\/wp-json\/wp\/v2\/users\/1"}],"replies":[{"embeddable":true,"href":"https:\/\/www.hoymercedes.com.ar\/principal\/wp-json\/wp\/v2\/comments?post=162564"}],"version-history":[{"count":0,"href":"https:\/\/www.hoymercedes.com.ar\/principal\/wp-json\/wp\/v2\/posts\/162564\/revisions"}],"wp:featuredmedia":[{"embeddable":true,"href":"https:\/\/www.hoymercedes.com.ar\/principal\/wp-json\/wp\/v2\/media\/162566"}],"wp:attachment":[{"href":"https:\/\/www.hoymercedes.com.ar\/principal\/wp-json\/wp\/v2\/media?parent=162564"}],"wp:term":[{"taxonomy":"category","embeddable":true,"href":"https:\/\/www.hoymercedes.com.ar\/principal\/wp-json\/wp\/v2\/categories?post=162564"},{"taxonomy":"post_tag","embeddable":true,"href":"https:\/\/www.hoymercedes.com.ar\/principal\/wp-json\/wp\/v2\/tags?post=162564"}],"curies":[{"name":"wp","href":"https:\/\/api.w.org\/{rel}","templated":true}]}}