{"id":162595,"date":"2023-05-25T07:06:00","date_gmt":"2023-05-25T10:06:00","guid":{"rendered":"https:\/\/www.hoymercedes.com.ar\/principal\/?p=162595"},"modified":"2023-05-24T15:21:24","modified_gmt":"2023-05-24T18:21:24","slug":"el-museo-udaondo-festeja-el-25-de-mayo-con-variadas-propuestas","status":"publish","type":"post","link":"https:\/\/www.hoymercedes.com.ar\/principal\/2023\/05\/25\/el-museo-udaondo-festeja-el-25-de-mayo-con-variadas-propuestas\/","title":{"rendered":"El Museo Udaondo festeja el 25 de mayo con variadas propuestas\u00a0"},"content":{"rendered":"\n<p><strong><em>Las celebraciones por la fecha patria incluir\u00e1n la presentaci\u00f3n del Ballet Municipal de Folklore y el tradicional cierre con churros y chocolate caliente. Adem\u00e1s de poder recorrer el museo se podr\u00e1 disfrutar de una exposici\u00f3n de autos y colectivos. Estas actividades forman parte de la agenda del Instituto Cultural.<\/em>\u00a0<\/strong><\/p>\n\n\n<div class=\"wp-block-image\">\n<figure class=\"aligncenter size-full\"><img loading=\"lazy\" decoding=\"async\" width=\"800\" height=\"533\" data-attachment-id=\"162596\" data-permalink=\"https:\/\/www.hoymercedes.com.ar\/principal\/2023\/05\/25\/el-museo-udaondo-festeja-el-25-de-mayo-con-variadas-propuestas\/_dsc2353\/#main\" data-orig-file=\"https:\/\/www.hoymercedes.com.ar\/principal\/wp-content\/uploads\/2023\/05\/DSC2353.jpg\" data-orig-size=\"800,533\" data-comments-opened=\"0\" data-image-meta=\"{&quot;aperture&quot;:&quot;0&quot;,&quot;credit&quot;:&quot;&quot;,&quot;camera&quot;:&quot;&quot;,&quot;caption&quot;:&quot;&quot;,&quot;created_timestamp&quot;:&quot;1653490047&quot;,&quot;copyright&quot;:&quot;&quot;,&quot;focal_length&quot;:&quot;0&quot;,&quot;iso&quot;:&quot;0&quot;,&quot;shutter_speed&quot;:&quot;0&quot;,&quot;title&quot;:&quot;&quot;,&quot;orientation&quot;:&quot;1&quot;}\" data-image-title=\"_DSC2353\" data-image-description=\"\" data-image-caption=\"\" data-large-file=\"https:\/\/www.hoymercedes.com.ar\/principal\/wp-content\/uploads\/2023\/05\/DSC2353.jpg\" src=\"https:\/\/www.hoymercedes.com.ar\/principal\/wp-content\/uploads\/2023\/05\/DSC2353.jpg\" alt=\"\" class=\"wp-image-162596\" srcset=\"https:\/\/www.hoymercedes.com.ar\/principal\/wp-content\/uploads\/2023\/05\/DSC2353.jpg 800w, https:\/\/www.hoymercedes.com.ar\/principal\/wp-content\/uploads\/2023\/05\/DSC2353-630x420.jpg 630w, https:\/\/www.hoymercedes.com.ar\/principal\/wp-content\/uploads\/2023\/05\/DSC2353-150x100.jpg 150w, https:\/\/www.hoymercedes.com.ar\/principal\/wp-content\/uploads\/2023\/05\/DSC2353-700x465.jpg 700w\" sizes=\"auto, (max-width: 800px) 100vw, 800px\" \/><\/figure>\n<\/div>\n\n\n<p>El <strong>Complejo Museogr\u00e1fico Provincial Enrique Udaondo <\/strong>permanecer\u00e1 abierto este 27 de Mayo de 11:00 a 18:00 con diferentes propuestas para celebrar la fecha patria. Se podr\u00e1n visitar y recorrer sus distintas salas y jardines y a las 15:00 se presentar\u00e1 el Ballet Municipal de Folklore \u201cMabel Luj\u00e1n\u201d. Tambi\u00e9n, durante todo el d\u00eda, se podr\u00e1 disfrutar de una exposici\u00f3n de autos y colectivos. Para cerrar la jornada, se ofrecer\u00e1 churros y chocolate caliente para los visitantes. Estas propuestas, con entrada libre y gratuita, son impulsadas por el Instituto Cultural de la Provincia de Buenos Aires, en articulaci\u00f3n con el Municipio de Luj\u00e1n.&nbsp;<\/p>\n\n\n\n<p>Durante la jornada se podr\u00e1n visitar las salas dedicadas a historia argentina y local y los jardines del Complejo Udaondo, tambi\u00e9n conocer sobre la historia de la Casa del Cabildo, sede del Cabildo de la Villa de Luj\u00e1n, considerada \u00abHito 0 de la Argentinidad\u201d, y la \u00abcasa del Virrey\u00bb, sede del Real Estanco de Tabaco y Naipes, primera Oficina Real de cobro de tributos de la pampa.&nbsp;<br>&nbsp;<br>Por su parte, el Ballet Municipal de Folklore \u201cMabel Luj\u00e1n\u201d, dirigido por Susana Pagani, expondr\u00e1 caracter\u00edsticas de la sociedad porte\u00f1a de esa \u00e9poca, tales como las costumbres, la cultura popular con melod\u00edas y las danzas m\u00e1s tradicionales.&nbsp;<\/p>\n\n\n\n<p>Ese mismo d\u00eda en el parque del \u00c1rea 3 del Sal\u00f3n del Autom\u00f3vil, la Asociaci\u00f3n Civil Museo Udaondo Luj\u00e1n, junto a la Asociaci\u00f3n de Amigos del Escarabajo, el Museo del Autom\u00f3vil yla Asociaci\u00f3n Autom\u00f3viles Antiguos de Lan\u00fas realizar\u00e1n una exposici\u00f3n de sus autos y colectivos. La misma se podr\u00e1 visitar en el horario del museo, de 11:00 a 18:00, con entrada libre y gratuita.&nbsp;&nbsp;<\/p>\n\n\n\n<p>Las actividades no se suspenden por lluvia.\u00a0<br><\/p>\n\n\n\n<p>Fuente: Museo Udaondo<\/p>\n","protected":false},"excerpt":{"rendered":"<p>Las celebraciones por la fecha patria incluir\u00e1n la presentaci\u00f3n del Ballet Municipal de Folklore y el tradicional cierre con churros &#8230; <a title=\"El Museo Udaondo festeja el 25 de mayo con variadas propuestas\u00a0\" class=\"read-more\" href=\"https:\/\/www.hoymercedes.com.ar\/principal\/2023\/05\/25\/el-museo-udaondo-festeja-el-25-de-mayo-con-variadas-propuestas\/\" aria-label=\"Leer m\u00e1s sobre El Museo Udaondo festeja el 25 de mayo con variadas propuestas\u00a0\">Leer m\u00e1s<\/a><\/p>\n","protected":false},"author":1,"featured_media":162596,"comment_status":"closed","ping_status":"open","sticky":false,"template":"","format":"standard","meta":{"_monsterinsights_skip_tracking":false,"_monsterinsights_sitenote_active":false,"_monsterinsights_sitenote_note":"","_monsterinsights_sitenote_category":0,"jetpack_post_was_ever_published":false,"_jetpack_newsletter_access":"","_jetpack_dont_email_post_to_subs":false,"_jetpack_newsletter_tier_id":0,"_jetpack_memberships_contains_paywalled_content":false,"_jetpack_memberships_contains_paid_content":false,"footnotes":"","jetpack_publicize_message":"","jetpack_publicize_feature_enabled":true,"jetpack_social_post_already_shared":true,"jetpack_social_options":{"image_generator_settings":{"template":"highway","default_image_id":0,"font":"","enabled":false},"version":2},"_wpas_customize_per_network":false},"categories":[8],"tags":[7805],"class_list":["post-162595","post","type-post","status-publish","format-standard","has-post-thumbnail","hentry","category-sociedad","tag-cultura","generate-columns","tablet-grid-50","mobile-grid-100","grid-parent","grid-50"],"jetpack_publicize_connections":[],"jetpack_featured_media_url":"https:\/\/www.hoymercedes.com.ar\/principal\/wp-content\/uploads\/2023\/05\/DSC2353.jpg","wps_subtitle":"LUJ\u00c1N ","jetpack_sharing_enabled":true,"_links":{"self":[{"href":"https:\/\/www.hoymercedes.com.ar\/principal\/wp-json\/wp\/v2\/posts\/162595","targetHints":{"allow":["GET"]}}],"collection":[{"href":"https:\/\/www.hoymercedes.com.ar\/principal\/wp-json\/wp\/v2\/posts"}],"about":[{"href":"https:\/\/www.hoymercedes.com.ar\/principal\/wp-json\/wp\/v2\/types\/post"}],"author":[{"embeddable":true,"href":"https:\/\/www.hoymercedes.com.ar\/principal\/wp-json\/wp\/v2\/users\/1"}],"replies":[{"embeddable":true,"href":"https:\/\/www.hoymercedes.com.ar\/principal\/wp-json\/wp\/v2\/comments?post=162595"}],"version-history":[{"count":0,"href":"https:\/\/www.hoymercedes.com.ar\/principal\/wp-json\/wp\/v2\/posts\/162595\/revisions"}],"wp:featuredmedia":[{"embeddable":true,"href":"https:\/\/www.hoymercedes.com.ar\/principal\/wp-json\/wp\/v2\/media\/162596"}],"wp:attachment":[{"href":"https:\/\/www.hoymercedes.com.ar\/principal\/wp-json\/wp\/v2\/media?parent=162595"}],"wp:term":[{"taxonomy":"category","embeddable":true,"href":"https:\/\/www.hoymercedes.com.ar\/principal\/wp-json\/wp\/v2\/categories?post=162595"},{"taxonomy":"post_tag","embeddable":true,"href":"https:\/\/www.hoymercedes.com.ar\/principal\/wp-json\/wp\/v2\/tags?post=162595"}],"curies":[{"name":"wp","href":"https:\/\/api.w.org\/{rel}","templated":true}]}}