{"id":162623,"date":"2023-05-25T12:04:10","date_gmt":"2023-05-25T15:04:10","guid":{"rendered":"https:\/\/www.hoymercedes.com.ar\/principal\/?p=162623"},"modified":"2023-05-25T12:05:59","modified_gmt":"2023-05-25T15:05:59","slug":"las-variaciones-goldberg-de-bach-en-el-ciclo-pro-arte-mercedes","status":"publish","type":"post","link":"https:\/\/www.hoymercedes.com.ar\/principal\/2023\/05\/25\/las-variaciones-goldberg-de-bach-en-el-ciclo-pro-arte-mercedes\/","title":{"rendered":"Las \u201cVariaciones Goldberg\u201d de Bach\u00a0en el Ciclo Pro Arte Mercedes\u00a0"},"content":{"rendered":"\n<p>Por <strong>Susana Spano<\/strong>\u00a0&#8211; El pr\u00f3ximo 3 de junio, a partir de las 20:00, en el <strong>Ciclo Pro Arte Mercedes 2023<\/strong>, se presentar\u00e1 el destacado pianista <strong>Hugo Schuler,<\/strong> interpretando de<strong> Johann<\/strong> <strong>Sebastian Bach:<\/strong> <strong>Las Variaciones Goldberg.<\/strong>\u00a0<\/p>\n\n\n\n<p>A modo de anticipo compartimos algunas reflexiones de la que es considerada, por expertos musicales, como la culminaci\u00f3n de la obra de <strong>Bach,<\/strong> un verdadero compendio del arte del contrapunto y\u00a0 un \u201c<strong><em>tour de forc\u00e9\u201d\u00a0<\/em><\/strong> para pianistas y clavecinistas en las salas de conciertos de medio mundo.\u00a0<\/p>\n\n\n<div class=\"wp-block-image\">\n<figure class=\"alignleft size-full\"><img loading=\"lazy\" decoding=\"async\" width=\"333\" height=\"430\" data-attachment-id=\"162624\" data-permalink=\"https:\/\/www.hoymercedes.com.ar\/principal\/2023\/05\/25\/las-variaciones-goldberg-de-bach-en-el-ciclo-pro-arte-mercedes\/bach\/#main\" data-orig-file=\"https:\/\/www.hoymercedes.com.ar\/principal\/wp-content\/uploads\/2023\/05\/bach.jpg\" data-orig-size=\"333,430\" data-comments-opened=\"0\" data-image-meta=\"{&quot;aperture&quot;:&quot;0&quot;,&quot;credit&quot;:&quot;&quot;,&quot;camera&quot;:&quot;&quot;,&quot;caption&quot;:&quot;&quot;,&quot;created_timestamp&quot;:&quot;0&quot;,&quot;copyright&quot;:&quot;&quot;,&quot;focal_length&quot;:&quot;0&quot;,&quot;iso&quot;:&quot;0&quot;,&quot;shutter_speed&quot;:&quot;0&quot;,&quot;title&quot;:&quot;&quot;,&quot;orientation&quot;:&quot;0&quot;}\" data-image-title=\"bach\" data-image-description=\"\" data-image-caption=\"\" data-large-file=\"https:\/\/www.hoymercedes.com.ar\/principal\/wp-content\/uploads\/2023\/05\/bach.jpg\" src=\"https:\/\/www.hoymercedes.com.ar\/principal\/wp-content\/uploads\/2023\/05\/bach.jpg\" alt=\"\" class=\"wp-image-162624\" srcset=\"https:\/\/www.hoymercedes.com.ar\/principal\/wp-content\/uploads\/2023\/05\/bach.jpg 333w, https:\/\/www.hoymercedes.com.ar\/principal\/wp-content\/uploads\/2023\/05\/bach-116x150.jpg 116w\" sizes=\"auto, (max-width: 333px) 100vw, 333px\" \/><\/figure>\n<\/div>\n\n\n<p><strong>Johann Sebastian Bach<\/strong> compuso sus c\u00e9lebres <strong>\u201cVariaciones Goldberg\u201d<\/strong> , que fueron publicadas en 1741 como cuarto y \u00faltimo volumen de los <strong>Clavier-\u00dcbungen&nbsp;&nbsp; &#8211; Ejercicios del teclado &#8211;<\/strong> , trat\u00e1ndose de una de las escasas obras publicadas en vida del compositor pues, como es sabido, la mayor parte de su obra se difundi\u00f3 y conserv\u00f3 en forma manuscrita. El t\u00edtulo de la colecci\u00f3n &#8211; <strong>Ejercicios del teclado<\/strong> &#8211; da fe de que&nbsp; las <strong>Variaciones Goldberg<\/strong> no fueron concebidas como una obra de concierto o de exhibici\u00f3n, sino como una obra eminentemente did\u00e1ctica.&nbsp;<\/p>\n\n\n\n<p>Consideradas&nbsp; una de las c\u00faspides de la m\u00fasica barroca y bautizada inicialmente por el compositor alem\u00e1n como <strong><em>\u201cAria con<\/em><\/strong> <strong><em>variaciones diversas para clave con dos teclados\u201d,<\/em><\/strong>&nbsp; fueron compuestas cuando Bach era cantor en la iglesia de San Tom\u00e1s de Leipzig.&nbsp;&nbsp;<\/p>\n\n\n\n<p>Las conocidas <strong>Variaciones Goldberg<\/strong> han pasado a la historia como uno de los mejores ejemplos de virtuosismo y ejecuci\u00f3n musical. Lo forman un conjunto de 30 variaciones sobre un mismo tema donde la m\u00fasica viaja a trav\u00e9s de numerosos cambios de estilo, ritmo y estados de \u00e1nimo.&nbsp;<\/p>\n\n\n\n<p>Esta circunstancia es congruente con el hecho de que la fama de Bach se sustent\u00f3 en su \u00e9poca \u2013y con limitado alcance\u2013 en su reconocido magisterio con respecto al arte de los antiguos polifonistas y no en su capacidad para competir con las modas del momento, que soplaban en una direcci\u00f3n muy distinta.&nbsp;<\/p>\n\n\n\n<p>Sobre una sencilla aria inicial J. S. Bach, a trav\u00e9s de 30 variaciones plantea el desarrollo de la obra. Terminadas \u00e9stas, indica en la notaci\u00f3n musical de la partitura: \u201c<strong><em>Aria da Capo \u00e8 fine\u201d, <\/em><\/strong>que significa que el int\u00e9rprete debe volver al principio (da Capo) e interpretar nuevamente el aria del comienzo, antes de terminar.&nbsp;&nbsp;&nbsp;&nbsp;&nbsp;&nbsp;&nbsp;&nbsp;<\/p>\n\n\n\n<p>As\u00ed queda planteado el esquema principal de este sutil y complejo mundo sonoro. El retorno del aria a\u00f1ade simetr\u00eda a la obra, posiblemente incluso insinuando un aspecto de naturaleza c\u00edclica; un viaje circular.<\/p>\n\n\n<div class=\"wp-block-image\">\n<figure class=\"aligncenter size-full\"><img loading=\"lazy\" decoding=\"async\" width=\"960\" height=\"640\" data-attachment-id=\"162625\" data-permalink=\"https:\/\/www.hoymercedes.com.ar\/principal\/2023\/05\/25\/las-variaciones-goldberg-de-bach-en-el-ciclo-pro-arte-mercedes\/pianista\/#main\" data-orig-file=\"https:\/\/www.hoymercedes.com.ar\/principal\/wp-content\/uploads\/2023\/05\/pianista.jpg\" data-orig-size=\"960,640\" data-comments-opened=\"0\" data-image-meta=\"{&quot;aperture&quot;:&quot;0&quot;,&quot;credit&quot;:&quot;&quot;,&quot;camera&quot;:&quot;&quot;,&quot;caption&quot;:&quot;&quot;,&quot;created_timestamp&quot;:&quot;0&quot;,&quot;copyright&quot;:&quot;&quot;,&quot;focal_length&quot;:&quot;0&quot;,&quot;iso&quot;:&quot;0&quot;,&quot;shutter_speed&quot;:&quot;0&quot;,&quot;title&quot;:&quot;&quot;,&quot;orientation&quot;:&quot;0&quot;}\" data-image-title=\"pianista\" data-image-description=\"\" data-image-caption=\"\" data-large-file=\"https:\/\/www.hoymercedes.com.ar\/principal\/wp-content\/uploads\/2023\/05\/pianista.jpg\" src=\"https:\/\/www.hoymercedes.com.ar\/principal\/wp-content\/uploads\/2023\/05\/pianista.jpg\" alt=\"\" class=\"wp-image-162625\" srcset=\"https:\/\/www.hoymercedes.com.ar\/principal\/wp-content\/uploads\/2023\/05\/pianista.jpg 960w, https:\/\/www.hoymercedes.com.ar\/principal\/wp-content\/uploads\/2023\/05\/pianista-630x420.jpg 630w, https:\/\/www.hoymercedes.com.ar\/principal\/wp-content\/uploads\/2023\/05\/pianista-150x100.jpg 150w\" sizes=\"auto, (max-width: 960px) 100vw, 960px\" \/><figcaption class=\"wp-element-caption\">El pianista <strong>Hugo Schuler<\/strong> interpretar\u00e1 a Bach<\/figcaption><\/figure>\n<\/div>\n\n\n<p>A trav\u00e9s de <strong>Las Variaciones Goldberg,<\/strong> <strong>Bach<\/strong> construye un mundo sonoro que deslumbra por lo intrincado de su t\u00e9cnica &#8211; que exige un int\u00e9rprete avezado -, las fluctuaciones r\u00edtmicas&nbsp; y la magnificencia sonora que se expande por regiones \u00fanicas e irrepetibles, demostrando la perfecci\u00f3n de un m\u00fasico que agot\u00f3 su propio arte, alcanzando una perfecci\u00f3n t\u00e9cnico-sonora que pocos pudieron superar.&nbsp;<\/p>\n\n\n\n<p>El pr\u00f3ximo 3 de junio, en el ciclo que presenta <strong>Pro Arte Mercedes<\/strong>, tendremos la oportunidad de asistir a la interpretaci\u00f3n de esta obra, \u00fanica e irrepetible en su g\u00e9nero.&nbsp;<\/p>\n","protected":false},"excerpt":{"rendered":"<p>Por Susana Spano\u00a0&#8211; El pr\u00f3ximo 3 de junio, a partir de las 20:00, en el Ciclo Pro Arte Mercedes 2023, &#8230; <a title=\"Las \u201cVariaciones Goldberg\u201d de Bach\u00a0en el Ciclo Pro Arte Mercedes\u00a0\" class=\"read-more\" href=\"https:\/\/www.hoymercedes.com.ar\/principal\/2023\/05\/25\/las-variaciones-goldberg-de-bach-en-el-ciclo-pro-arte-mercedes\/\" aria-label=\"Leer m\u00e1s sobre Las \u201cVariaciones Goldberg\u201d de Bach\u00a0en el Ciclo Pro Arte Mercedes\u00a0\">Leer m\u00e1s<\/a><\/p>\n","protected":false},"author":1,"featured_media":162625,"comment_status":"closed","ping_status":"open","sticky":false,"template":"","format":"standard","meta":{"_monsterinsights_skip_tracking":false,"_monsterinsights_sitenote_active":false,"_monsterinsights_sitenote_note":"","_monsterinsights_sitenote_category":0,"jetpack_post_was_ever_published":false,"_jetpack_newsletter_access":"","_jetpack_dont_email_post_to_subs":false,"_jetpack_newsletter_tier_id":0,"_jetpack_memberships_contains_paywalled_content":false,"_jetpack_memberships_contains_paid_content":false,"footnotes":"","jetpack_publicize_message":"","jetpack_publicize_feature_enabled":true,"jetpack_social_post_already_shared":true,"jetpack_social_options":{"image_generator_settings":{"template":"highway","default_image_id":0,"font":"","enabled":false},"version":2},"_wpas_customize_per_network":false},"categories":[104,8],"tags":[7805],"class_list":["post-162623","post","type-post","status-publish","format-standard","has-post-thumbnail","hentry","category-cultura","category-sociedad","tag-cultura","generate-columns","tablet-grid-50","mobile-grid-100","grid-parent","grid-50"],"jetpack_publicize_connections":[],"jetpack_featured_media_url":"https:\/\/www.hoymercedes.com.ar\/principal\/wp-content\/uploads\/2023\/05\/pianista.jpg","wps_subtitle":"","jetpack_sharing_enabled":true,"_links":{"self":[{"href":"https:\/\/www.hoymercedes.com.ar\/principal\/wp-json\/wp\/v2\/posts\/162623","targetHints":{"allow":["GET"]}}],"collection":[{"href":"https:\/\/www.hoymercedes.com.ar\/principal\/wp-json\/wp\/v2\/posts"}],"about":[{"href":"https:\/\/www.hoymercedes.com.ar\/principal\/wp-json\/wp\/v2\/types\/post"}],"author":[{"embeddable":true,"href":"https:\/\/www.hoymercedes.com.ar\/principal\/wp-json\/wp\/v2\/users\/1"}],"replies":[{"embeddable":true,"href":"https:\/\/www.hoymercedes.com.ar\/principal\/wp-json\/wp\/v2\/comments?post=162623"}],"version-history":[{"count":0,"href":"https:\/\/www.hoymercedes.com.ar\/principal\/wp-json\/wp\/v2\/posts\/162623\/revisions"}],"wp:featuredmedia":[{"embeddable":true,"href":"https:\/\/www.hoymercedes.com.ar\/principal\/wp-json\/wp\/v2\/media\/162625"}],"wp:attachment":[{"href":"https:\/\/www.hoymercedes.com.ar\/principal\/wp-json\/wp\/v2\/media?parent=162623"}],"wp:term":[{"taxonomy":"category","embeddable":true,"href":"https:\/\/www.hoymercedes.com.ar\/principal\/wp-json\/wp\/v2\/categories?post=162623"},{"taxonomy":"post_tag","embeddable":true,"href":"https:\/\/www.hoymercedes.com.ar\/principal\/wp-json\/wp\/v2\/tags?post=162623"}],"curies":[{"name":"wp","href":"https:\/\/api.w.org\/{rel}","templated":true}]}}