{"id":162638,"date":"2023-05-26T00:17:27","date_gmt":"2023-05-26T03:17:27","guid":{"rendered":"https:\/\/www.hoymercedes.com.ar\/principal\/?p=162638"},"modified":"2023-05-26T00:17:30","modified_gmt":"2023-05-26T03:17:30","slug":"se-conmemoro-el-25-de-mayo-con-gran-participacion-de-instituciones","status":"publish","type":"post","link":"https:\/\/www.hoymercedes.com.ar\/principal\/2023\/05\/26\/se-conmemoro-el-25-de-mayo-con-gran-participacion-de-instituciones\/","title":{"rendered":"Se conmemor\u00f3 el 25 de mayo con gran participaci\u00f3n de instituciones"},"content":{"rendered":"\n<figure class=\"wp-block-image size-large\"><img loading=\"lazy\" decoding=\"async\" width=\"1024\" height=\"684\" data-attachment-id=\"162639\" data-permalink=\"https:\/\/www.hoymercedes.com.ar\/principal\/2023\/05\/26\/se-conmemoro-el-25-de-mayo-con-gran-participacion-de-instituciones\/mhm_3051-nef_\/#main\" data-orig-file=\"https:\/\/www.hoymercedes.com.ar\/principal\/wp-content\/uploads\/2023\/05\/MHM_3051.NEF_.jpg\" data-orig-size=\"1316,879\" data-comments-opened=\"0\" data-image-meta=\"{&quot;aperture&quot;:&quot;0&quot;,&quot;credit&quot;:&quot;&quot;,&quot;camera&quot;:&quot;&quot;,&quot;caption&quot;:&quot;&quot;,&quot;created_timestamp&quot;:&quot;0&quot;,&quot;copyright&quot;:&quot;&quot;,&quot;focal_length&quot;:&quot;0&quot;,&quot;iso&quot;:&quot;0&quot;,&quot;shutter_speed&quot;:&quot;0&quot;,&quot;title&quot;:&quot;&quot;,&quot;orientation&quot;:&quot;0&quot;}\" data-image-title=\"MHM_3051.NEF_\" data-image-description=\"\" data-image-caption=\"\" data-large-file=\"https:\/\/www.hoymercedes.com.ar\/principal\/wp-content\/uploads\/2023\/05\/MHM_3051.NEF_-1024x684.jpg\" src=\"https:\/\/www.hoymercedes.com.ar\/principal\/wp-content\/uploads\/2023\/05\/MHM_3051.NEF_-1024x684.jpg\" alt=\"\" class=\"wp-image-162639\" srcset=\"https:\/\/www.hoymercedes.com.ar\/principal\/wp-content\/uploads\/2023\/05\/MHM_3051.NEF_-1024x684.jpg 1024w, https:\/\/www.hoymercedes.com.ar\/principal\/wp-content\/uploads\/2023\/05\/MHM_3051.NEF_-630x421.jpg 630w, https:\/\/www.hoymercedes.com.ar\/principal\/wp-content\/uploads\/2023\/05\/MHM_3051.NEF_-150x100.jpg 150w, https:\/\/www.hoymercedes.com.ar\/principal\/wp-content\/uploads\/2023\/05\/MHM_3051.NEF_.jpg 1316w\" sizes=\"auto, (max-width: 1024px) 100vw, 1024px\" \/><\/figure>\n\n\n\n<p>Este 25 de mayo se realiz\u00f3 el tradicional acto patrio. Fue en el Teatro Argentino por cuestiones clim\u00e1ticas. Hubo una amplia participaci\u00f3n de escuelas e instituciones. El intendente Ustarroz y Cristian Ponce, inspector educativo, fueron los oradores principales. Se colocaron ofrendas florales en plaza San Mart\u00edn en el busto de h\u00e9roe patrio.<\/p>\n\n\n\n<p>Cristian Ponce, inspector distrital de educaci\u00f3n, afirm\u00f3 que esta fecha \u201cno es una foto, no es un instante, es una construcci\u00f3n cuyos cimientos tienen sustento en esas ideas que marcar\u00edan el rumbo y el destino de un pa\u00eds que estaba a punto de nacer\u201d sino que es \u201cuna sucesi\u00f3n de momentos, acciones, decisiones que cambiar\u00edan el curso de la historia, no solo de nuestro pa\u00eds, sino tambi\u00e9n de aquellos pa\u00edses que como nosotros se encontraban bajo el mandato de un gobierno extranjero e ileg\u00edtimo\u201d recordando hist\u00f3ricamente la Revoluci\u00f3n de Mayo<\/p>\n\n\n\n<p>Tambi\u00e9n manifest\u00f3 que \u201cEs importante que por unos instantes y con una mirada puesta en la actualidad podamos reflexionar sobre cu\u00e1les fueron los principios e ideas que motivaron a mujeres y hombres del momento a tomar la decisi\u00f3n transcedental de impulsar un gobierno soberano, libre e independiente\u201d y que \u201choy, luego de transcurridos 213 a\u00f1os de este hecho hist\u00f3rico, nos encontramos todav\u00eda debatiendo sobre el destino de nuestro pa\u00eds\u201d<\/p>\n\n\n\n<p>Ante de finalizar afirm\u00f3 \u201cvayamos a buscar el horizonte y sigamos construyendo entre todos ese pa\u00eds de oportunidades, donde cada habitante puede expresarse, educarse, pensar, transitar y vivir en libertad. Muchas gracias, feliz 25 de mayo y viva la Patria\u201d.<\/p>\n\n\n\n<figure class=\"wp-block-image size-large\"><img loading=\"lazy\" decoding=\"async\" width=\"1024\" height=\"684\" data-attachment-id=\"162640\" data-permalink=\"https:\/\/www.hoymercedes.com.ar\/principal\/2023\/05\/26\/se-conmemoro-el-25-de-mayo-con-gran-participacion-de-instituciones\/mhm_3020-nef_\/#main\" data-orig-file=\"https:\/\/www.hoymercedes.com.ar\/principal\/wp-content\/uploads\/2023\/05\/MHM_3020.NEF_.jpg\" data-orig-size=\"1316,879\" data-comments-opened=\"0\" data-image-meta=\"{&quot;aperture&quot;:&quot;0&quot;,&quot;credit&quot;:&quot;&quot;,&quot;camera&quot;:&quot;&quot;,&quot;caption&quot;:&quot;&quot;,&quot;created_timestamp&quot;:&quot;0&quot;,&quot;copyright&quot;:&quot;&quot;,&quot;focal_length&quot;:&quot;0&quot;,&quot;iso&quot;:&quot;0&quot;,&quot;shutter_speed&quot;:&quot;0&quot;,&quot;title&quot;:&quot;&quot;,&quot;orientation&quot;:&quot;0&quot;}\" data-image-title=\"MHM_3020.NEF_\" data-image-description=\"\" data-image-caption=\"\" data-large-file=\"https:\/\/www.hoymercedes.com.ar\/principal\/wp-content\/uploads\/2023\/05\/MHM_3020.NEF_-1024x684.jpg\" src=\"https:\/\/www.hoymercedes.com.ar\/principal\/wp-content\/uploads\/2023\/05\/MHM_3020.NEF_-1024x684.jpg\" alt=\"\" class=\"wp-image-162640\" srcset=\"https:\/\/www.hoymercedes.com.ar\/principal\/wp-content\/uploads\/2023\/05\/MHM_3020.NEF_-1024x684.jpg 1024w, https:\/\/www.hoymercedes.com.ar\/principal\/wp-content\/uploads\/2023\/05\/MHM_3020.NEF_-630x421.jpg 630w, https:\/\/www.hoymercedes.com.ar\/principal\/wp-content\/uploads\/2023\/05\/MHM_3020.NEF_-150x100.jpg 150w, https:\/\/www.hoymercedes.com.ar\/principal\/wp-content\/uploads\/2023\/05\/MHM_3020.NEF_.jpg 1316w\" sizes=\"auto, (max-width: 1024px) 100vw, 1024px\" \/><\/figure>\n\n\n\n<p>Por su parte, el intendente Ustarroz narr\u00f3 que \u201cevocar un 25 de mayo es justamente tratar de reflexionar y pensar colectivamente el sentido, los l\u00edmites, las posibilidades de nuestro pa\u00eds, de nuestra ciudad, de nuestras instituciones\u201d<\/p>\n\n\n\n<p>Coment\u00f3 que aquel 15 de mayo de 1810 \u201cseguramente no todos estaban de acuerdo y sin embargo es el cimiento de nuestra patria\u201d destacando que el debate tambi\u00e9n es un elemento para construir unidad y nuevos rumbos como sociedad.<\/p>\n\n\n\n<p>\u201cLa historia nos ense\u00f1a que lo que nosotros vemos hoy, de una forma, otras generaciones lo van a ver con otra perspectiva, incluso tampoco de una manera uniforme, porque la diversidad de la condici\u00f3n humana hace que tengamos diferentes maneras de mirar la realidad. Y esa es la riqueza de la condici\u00f3n humana, esa es la riqueza de la naturaleza, que es la diversidad. Y en esa diversidad, como supieron construir nuestros revolucionarios, encontrar la unidad. La unidad con un sentido, la unidad con un objetivo\u201d mencion\u00f3 el jefe comunal.<\/p>\n\n\n\n<figure class=\"wp-block-image size-large\"><img loading=\"lazy\" decoding=\"async\" width=\"1024\" height=\"684\" data-attachment-id=\"162641\" data-permalink=\"https:\/\/www.hoymercedes.com.ar\/principal\/2023\/05\/26\/se-conmemoro-el-25-de-mayo-con-gran-participacion-de-instituciones\/mhm_3033-nef_\/#main\" data-orig-file=\"https:\/\/www.hoymercedes.com.ar\/principal\/wp-content\/uploads\/2023\/05\/MHM_3033.NEF_.jpg\" data-orig-size=\"1316,879\" data-comments-opened=\"0\" data-image-meta=\"{&quot;aperture&quot;:&quot;0&quot;,&quot;credit&quot;:&quot;&quot;,&quot;camera&quot;:&quot;&quot;,&quot;caption&quot;:&quot;&quot;,&quot;created_timestamp&quot;:&quot;0&quot;,&quot;copyright&quot;:&quot;&quot;,&quot;focal_length&quot;:&quot;0&quot;,&quot;iso&quot;:&quot;0&quot;,&quot;shutter_speed&quot;:&quot;0&quot;,&quot;title&quot;:&quot;&quot;,&quot;orientation&quot;:&quot;0&quot;}\" data-image-title=\"MHM_3033.NEF_\" data-image-description=\"\" data-image-caption=\"\" data-large-file=\"https:\/\/www.hoymercedes.com.ar\/principal\/wp-content\/uploads\/2023\/05\/MHM_3033.NEF_-1024x684.jpg\" src=\"https:\/\/www.hoymercedes.com.ar\/principal\/wp-content\/uploads\/2023\/05\/MHM_3033.NEF_-1024x684.jpg\" alt=\"\" class=\"wp-image-162641\" srcset=\"https:\/\/www.hoymercedes.com.ar\/principal\/wp-content\/uploads\/2023\/05\/MHM_3033.NEF_-1024x684.jpg 1024w, https:\/\/www.hoymercedes.com.ar\/principal\/wp-content\/uploads\/2023\/05\/MHM_3033.NEF_-630x421.jpg 630w, https:\/\/www.hoymercedes.com.ar\/principal\/wp-content\/uploads\/2023\/05\/MHM_3033.NEF_-150x100.jpg 150w, https:\/\/www.hoymercedes.com.ar\/principal\/wp-content\/uploads\/2023\/05\/MHM_3033.NEF_.jpg 1316w\" sizes=\"auto, (max-width: 1024px) 100vw, 1024px\" \/><\/figure>\n\n\n\n<p>M\u00e1s adelante sostuvo que \u201cEste a\u00f1o cumplimos 40 a\u00f1os de democracia. Yo agradezco la participaci\u00f3n de cada uno de ustedes porque la mejor forma de mejorar las instituciones es participando. Nadie es el due\u00f1o de una verdad absoluta. Todos tenemos nuestro granito de arena para edificar un futuro mejor. Y cuando uno recorre las instituciones encuentra much\u00edsima gente que todos los d\u00edas aporta su granito de arena para edificar ese presente y ese futuro mejor. Porque el futuro no es el porvenir de una ilusi\u00f3n. El futuro lo construimos\u201d manifest\u00f3.<\/p>\n\n\n\n<p>Tras el acto central compartido con m\u00e1s de un centenar de asistentes, entre los cuales estuvo el diputado Carlos Selva, el diputado Juan Pablo L\u00f3pez Baggio, la directora de participaci\u00f3n Mariana San Mart\u00edn, el presidente del Consejo Escolar Jos\u00e9 Lu\u00eds Pisano, veteranos de Malvinas, Bomberos, fuerzas de seguridad y especialmente instituciones educativo, se llev\u00f3 adelante el tradicional Tedeum en Catedral Bas\u00edlica.<\/p>\n","protected":false},"excerpt":{"rendered":"<p>Este 25 de mayo se realiz\u00f3 el tradicional acto patrio. Fue en el Teatro Argentino por cuestiones clim\u00e1ticas. Hubo una &#8230; <a title=\"Se conmemor\u00f3 el 25 de mayo con gran participaci\u00f3n de instituciones\" class=\"read-more\" href=\"https:\/\/www.hoymercedes.com.ar\/principal\/2023\/05\/26\/se-conmemoro-el-25-de-mayo-con-gran-participacion-de-instituciones\/\" aria-label=\"Leer m\u00e1s sobre Se conmemor\u00f3 el 25 de mayo con gran participaci\u00f3n de instituciones\">Leer m\u00e1s<\/a><\/p>\n","protected":false},"author":1,"featured_media":162639,"comment_status":"closed","ping_status":"open","sticky":false,"template":"","format":"standard","meta":{"_monsterinsights_skip_tracking":false,"_monsterinsights_sitenote_active":false,"_monsterinsights_sitenote_note":"","_monsterinsights_sitenote_category":0,"jetpack_post_was_ever_published":false,"_jetpack_newsletter_access":"","_jetpack_dont_email_post_to_subs":false,"_jetpack_newsletter_tier_id":0,"_jetpack_memberships_contains_paywalled_content":false,"_jetpack_memberships_contains_paid_content":false,"footnotes":"","jetpack_publicize_message":"","jetpack_publicize_feature_enabled":true,"jetpack_social_post_already_shared":true,"jetpack_social_options":{"image_generator_settings":{"template":"highway","default_image_id":0,"font":"","enabled":false},"version":2},"_wpas_customize_per_network":false},"categories":[8],"tags":[799,18772],"class_list":["post-162638","post","type-post","status-publish","format-standard","has-post-thumbnail","hentry","category-sociedad","tag-25-de-mayo","tag-acto-25-de-mayo","generate-columns","tablet-grid-50","mobile-grid-100","grid-parent","grid-50"],"jetpack_publicize_connections":[],"jetpack_featured_media_url":"https:\/\/www.hoymercedes.com.ar\/principal\/wp-content\/uploads\/2023\/05\/MHM_3051.NEF_.jpg","wps_subtitle":"Instituciones ","jetpack_sharing_enabled":true,"_links":{"self":[{"href":"https:\/\/www.hoymercedes.com.ar\/principal\/wp-json\/wp\/v2\/posts\/162638","targetHints":{"allow":["GET"]}}],"collection":[{"href":"https:\/\/www.hoymercedes.com.ar\/principal\/wp-json\/wp\/v2\/posts"}],"about":[{"href":"https:\/\/www.hoymercedes.com.ar\/principal\/wp-json\/wp\/v2\/types\/post"}],"author":[{"embeddable":true,"href":"https:\/\/www.hoymercedes.com.ar\/principal\/wp-json\/wp\/v2\/users\/1"}],"replies":[{"embeddable":true,"href":"https:\/\/www.hoymercedes.com.ar\/principal\/wp-json\/wp\/v2\/comments?post=162638"}],"version-history":[{"count":0,"href":"https:\/\/www.hoymercedes.com.ar\/principal\/wp-json\/wp\/v2\/posts\/162638\/revisions"}],"wp:featuredmedia":[{"embeddable":true,"href":"https:\/\/www.hoymercedes.com.ar\/principal\/wp-json\/wp\/v2\/media\/162639"}],"wp:attachment":[{"href":"https:\/\/www.hoymercedes.com.ar\/principal\/wp-json\/wp\/v2\/media?parent=162638"}],"wp:term":[{"taxonomy":"category","embeddable":true,"href":"https:\/\/www.hoymercedes.com.ar\/principal\/wp-json\/wp\/v2\/categories?post=162638"},{"taxonomy":"post_tag","embeddable":true,"href":"https:\/\/www.hoymercedes.com.ar\/principal\/wp-json\/wp\/v2\/tags?post=162638"}],"curies":[{"name":"wp","href":"https:\/\/api.w.org\/{rel}","templated":true}]}}