{"id":162645,"date":"2023-05-26T00:29:56","date_gmt":"2023-05-26T03:29:56","guid":{"rendered":"https:\/\/www.hoymercedes.com.ar\/principal\/?p=162645"},"modified":"2023-05-26T00:36:22","modified_gmt":"2023-05-26T03:36:22","slug":"arzobispo-eduardo-scheinig-oficio-el-tedeum-del-25-de-mayo","status":"publish","type":"post","link":"https:\/\/www.hoymercedes.com.ar\/principal\/2023\/05\/26\/arzobispo-eduardo-scheinig-oficio-el-tedeum-del-25-de-mayo\/","title":{"rendered":"Arzobispo Scheinig ofici\u00f3 el Tedeum del 25 de mayo"},"content":{"rendered":"\n<figure class=\"wp-block-image size-large\"><img loading=\"lazy\" decoding=\"async\" width=\"1024\" height=\"684\" data-attachment-id=\"162646\" data-permalink=\"https:\/\/www.hoymercedes.com.ar\/principal\/2023\/05\/26\/arzobispo-eduardo-scheinig-oficio-el-tedeum-del-25-de-mayo\/mhm_3180-nef_\/#main\" data-orig-file=\"https:\/\/www.hoymercedes.com.ar\/principal\/wp-content\/uploads\/2023\/05\/MHM_3180.NEF_.jpg\" data-orig-size=\"1316,879\" data-comments-opened=\"0\" data-image-meta=\"{&quot;aperture&quot;:&quot;0&quot;,&quot;credit&quot;:&quot;&quot;,&quot;camera&quot;:&quot;&quot;,&quot;caption&quot;:&quot;&quot;,&quot;created_timestamp&quot;:&quot;0&quot;,&quot;copyright&quot;:&quot;&quot;,&quot;focal_length&quot;:&quot;0&quot;,&quot;iso&quot;:&quot;0&quot;,&quot;shutter_speed&quot;:&quot;0&quot;,&quot;title&quot;:&quot;&quot;,&quot;orientation&quot;:&quot;0&quot;}\" data-image-title=\"MHM_3180.NEF_\" data-image-description=\"\" data-image-caption=\"\" data-large-file=\"https:\/\/www.hoymercedes.com.ar\/principal\/wp-content\/uploads\/2023\/05\/MHM_3180.NEF_-1024x684.jpg\" src=\"https:\/\/www.hoymercedes.com.ar\/principal\/wp-content\/uploads\/2023\/05\/MHM_3180.NEF_-1024x684.jpg\" alt=\"\" class=\"wp-image-162646\" srcset=\"https:\/\/www.hoymercedes.com.ar\/principal\/wp-content\/uploads\/2023\/05\/MHM_3180.NEF_-1024x684.jpg 1024w, https:\/\/www.hoymercedes.com.ar\/principal\/wp-content\/uploads\/2023\/05\/MHM_3180.NEF_-630x421.jpg 630w, https:\/\/www.hoymercedes.com.ar\/principal\/wp-content\/uploads\/2023\/05\/MHM_3180.NEF_-150x100.jpg 150w, https:\/\/www.hoymercedes.com.ar\/principal\/wp-content\/uploads\/2023\/05\/MHM_3180.NEF_.jpg 1316w\" sizes=\"auto, (max-width: 1024px) 100vw, 1024px\" \/><\/figure>\n\n\n\n<p>El intendente Dr. Juan I. Ustarroz particip\u00f3 del tradicional Tedeum del 25 de mayo. Fue en la Catedral Bas\u00edlica Nuestra Se\u00f1ora de las Mercedes. El encuentro se realiz\u00f3 tras el acto central por el 25 de mayo compartido en el Teatro Argentino.<\/p>\n\n\n\n<p>El encuentro cont\u00f3 con una amplia asistencia de vecinos y vecinas y asistencia que se dirigi\u00f3 directamente desde el Teatro tras las intervenciones vivida en el acto patrio.<\/p>\n\n\n\n<p>El arzobispo +Jorge Eduardo Scheinig, presidi\u00f3 la celebraci\u00f3n del Te Deum.<\/p>\n\n\n\n<figure class=\"wp-block-image size-large\"><img loading=\"lazy\" decoding=\"async\" width=\"1024\" height=\"684\" data-attachment-id=\"162647\" data-permalink=\"https:\/\/www.hoymercedes.com.ar\/principal\/2023\/05\/26\/arzobispo-eduardo-scheinig-oficio-el-tedeum-del-25-de-mayo\/mhm_3142-nef_\/#main\" data-orig-file=\"https:\/\/www.hoymercedes.com.ar\/principal\/wp-content\/uploads\/2023\/05\/MHM_3142.NEF_.jpg\" data-orig-size=\"1316,879\" data-comments-opened=\"0\" data-image-meta=\"{&quot;aperture&quot;:&quot;0&quot;,&quot;credit&quot;:&quot;&quot;,&quot;camera&quot;:&quot;&quot;,&quot;caption&quot;:&quot;&quot;,&quot;created_timestamp&quot;:&quot;0&quot;,&quot;copyright&quot;:&quot;&quot;,&quot;focal_length&quot;:&quot;0&quot;,&quot;iso&quot;:&quot;0&quot;,&quot;shutter_speed&quot;:&quot;0&quot;,&quot;title&quot;:&quot;&quot;,&quot;orientation&quot;:&quot;0&quot;}\" data-image-title=\"MHM_3142.NEF_\" data-image-description=\"\" data-image-caption=\"\" data-large-file=\"https:\/\/www.hoymercedes.com.ar\/principal\/wp-content\/uploads\/2023\/05\/MHM_3142.NEF_-1024x684.jpg\" src=\"https:\/\/www.hoymercedes.com.ar\/principal\/wp-content\/uploads\/2023\/05\/MHM_3142.NEF_-1024x684.jpg\" alt=\"\" class=\"wp-image-162647\" srcset=\"https:\/\/www.hoymercedes.com.ar\/principal\/wp-content\/uploads\/2023\/05\/MHM_3142.NEF_-1024x684.jpg 1024w, https:\/\/www.hoymercedes.com.ar\/principal\/wp-content\/uploads\/2023\/05\/MHM_3142.NEF_-630x421.jpg 630w, https:\/\/www.hoymercedes.com.ar\/principal\/wp-content\/uploads\/2023\/05\/MHM_3142.NEF_-150x100.jpg 150w, https:\/\/www.hoymercedes.com.ar\/principal\/wp-content\/uploads\/2023\/05\/MHM_3142.NEF_.jpg 1316w\" sizes=\"auto, (max-width: 1024px) 100vw, 1024px\" \/><\/figure>\n\n\n\n<p>Entre otros conceptos vertidos por su excelencia se encuentran las siguientes afirmaciones:<\/p>\n\n\n\n<ul class=\"wp-block-list\">\n<li>No cabe la menor duda que el voto es un gesto, una acci\u00f3n fundamental porque pone en juego nuestra libertad y capacidad de decisi\u00f3n colectiva. Pero todos sabemos que no alcanza. Hacen falta gestos de m\u00e1xima magnanimidad, desinter\u00e9s y generosidad.<\/li>\n\n\n\n<li>Es absolutamente necesario que todas las dirigencias del pa\u00eds: la pol\u00edtica, la social, la empresarial, la sindical, la religiosa, todos, tengamos gestos concret\u00edsimos de di\u00e1logo. Los que toman decisiones que afectan a todos, deben sentarse a dialogar para buscar acuerdos fundamentales y pol\u00edticas de Estado que perduren en el tiempo, y lograr de esta manera las transformaciones necesarias. Debemos acabar con el tiempo de los grupos encerrados, alejados de la realidad; de los insultos; de los enemigos. Se debe terminar con la incapacidad para negociar pol\u00edticamente y acordar. Si nos cuesta bajarnos del caballo, deber\u00edamos pensar y m\u00e1s a\u00fan, deber\u00edamos sentir en el coraz\u00f3n el dolor que genera la enorme mayor\u00eda de ni\u00f1as y ni\u00f1os pobres que tienen sus vidas rotas y comprometidas para siempre. Es necesario dejar de mirarnos a nosotros mismos y mirar el rostro de esos ni\u00f1os y ni\u00f1as. Y si mirando esos rostros no se generase conmoci\u00f3n interior, esa persona, no podr\u00eda estar en el lugar de la responsabilidad y de la toma de decisiones que afectan a todos. La Patria necesita una dirigencia sin ataduras de ning\u00fan tipo; por el contrario, muy libres de cualquier negociado espurio, ileg\u00edtimo y corrompido, una dirigencia totalmente comprometida con hacer el bien, buscando la dignidad y el desarrollo integral de cada persona y de todo el pueblo.<\/li>\n\n\n\n<li>Todos los ciudadanos debemos revisar nuestros gestos para con la Patria. Nadie est\u00e1 exento de caer en ese individualismo diluyente que nos vuelve ego\u00edstas, mezquinos y desinteresados del otro. El individualismo no genera una libertad creativa que busca soluciones a los problemas comunes, por el contrario, busca s\u00f3lo salvarse a s\u00ed mismo. El individualismo es insolidario.<\/li>\n\n\n\n<li>Pienso que todas y todos los j\u00f3venes, posiblemente menos contaminados de tantos desencuentros, pueden encontrar una puerta de salida a este laberinto. Ellos no son el futuro, son el presente. Necesitamos confiar en ellos. Los adultos, debemos asumir que lejos de haber abierto puertas, por muchas razones, las hemos cerrado brutalmente, dejando en el presente una Patria herida<\/li>\n<\/ul>\n","protected":false},"excerpt":{"rendered":"<p>El intendente Dr. Juan I. Ustarroz particip\u00f3 del tradicional Tedeum del 25 de mayo. Fue en la Catedral Bas\u00edlica Nuestra &#8230; <a title=\"Arzobispo Scheinig ofici\u00f3 el Tedeum del 25 de mayo\" class=\"read-more\" href=\"https:\/\/www.hoymercedes.com.ar\/principal\/2023\/05\/26\/arzobispo-eduardo-scheinig-oficio-el-tedeum-del-25-de-mayo\/\" aria-label=\"Leer m\u00e1s sobre Arzobispo Scheinig ofici\u00f3 el Tedeum del 25 de mayo\">Leer m\u00e1s<\/a><\/p>\n","protected":false},"author":1,"featured_media":162648,"comment_status":"closed","ping_status":"open","sticky":false,"template":"","format":"standard","meta":{"_monsterinsights_skip_tracking":false,"_monsterinsights_sitenote_active":false,"_monsterinsights_sitenote_note":"","_monsterinsights_sitenote_category":0,"jetpack_post_was_ever_published":false,"_jetpack_newsletter_access":"","_jetpack_dont_email_post_to_subs":false,"_jetpack_newsletter_tier_id":0,"_jetpack_memberships_contains_paywalled_content":false,"_jetpack_memberships_contains_paid_content":false,"footnotes":"","jetpack_publicize_message":"","jetpack_publicize_feature_enabled":true,"jetpack_social_post_already_shared":true,"jetpack_social_options":{"image_generator_settings":{"template":"highway","default_image_id":0,"font":"","enabled":false},"version":2},"_wpas_customize_per_network":false},"categories":[8],"tags":[9336],"class_list":["post-162645","post","type-post","status-publish","format-standard","has-post-thumbnail","hentry","category-sociedad","tag-tedeum","generate-columns","tablet-grid-50","mobile-grid-100","grid-parent","grid-50"],"jetpack_publicize_connections":[],"jetpack_featured_media_url":"https:\/\/www.hoymercedes.com.ar\/principal\/wp-content\/uploads\/2023\/05\/MHM_3168.NEF_.jpg","wps_subtitle":"Instituciones","jetpack_sharing_enabled":true,"_links":{"self":[{"href":"https:\/\/www.hoymercedes.com.ar\/principal\/wp-json\/wp\/v2\/posts\/162645","targetHints":{"allow":["GET"]}}],"collection":[{"href":"https:\/\/www.hoymercedes.com.ar\/principal\/wp-json\/wp\/v2\/posts"}],"about":[{"href":"https:\/\/www.hoymercedes.com.ar\/principal\/wp-json\/wp\/v2\/types\/post"}],"author":[{"embeddable":true,"href":"https:\/\/www.hoymercedes.com.ar\/principal\/wp-json\/wp\/v2\/users\/1"}],"replies":[{"embeddable":true,"href":"https:\/\/www.hoymercedes.com.ar\/principal\/wp-json\/wp\/v2\/comments?post=162645"}],"version-history":[{"count":0,"href":"https:\/\/www.hoymercedes.com.ar\/principal\/wp-json\/wp\/v2\/posts\/162645\/revisions"}],"wp:featuredmedia":[{"embeddable":true,"href":"https:\/\/www.hoymercedes.com.ar\/principal\/wp-json\/wp\/v2\/media\/162648"}],"wp:attachment":[{"href":"https:\/\/www.hoymercedes.com.ar\/principal\/wp-json\/wp\/v2\/media?parent=162645"}],"wp:term":[{"taxonomy":"category","embeddable":true,"href":"https:\/\/www.hoymercedes.com.ar\/principal\/wp-json\/wp\/v2\/categories?post=162645"},{"taxonomy":"post_tag","embeddable":true,"href":"https:\/\/www.hoymercedes.com.ar\/principal\/wp-json\/wp\/v2\/tags?post=162645"}],"curies":[{"name":"wp","href":"https:\/\/api.w.org\/{rel}","templated":true}]}}